{"id":5122,"date":"2025-06-12T07:18:07","date_gmt":"2025-06-12T10:18:07","guid":{"rendered":"https:\/\/www.enorsai.com\/noticias\/?p=5122"},"modified":"2025-06-12T07:29:34","modified_gmt":"2025-06-12T10:29:34","slug":"cristina-no-esta-sola-sheinbaum-expreso-su-respaldo-ante-la-persecucion-judicial","status":"publish","type":"post","link":"https:\/\/www.enorsai.com\/noticias\/politica\/cristina-no-esta-sola-sheinbaum-expreso-su-respaldo-ante-la-persecucion-judicial\/","title":{"rendered":"\u201cCristina no est\u00e1 sola\u201d: Sheinbaum expres\u00f3 su respaldo ante la persecuci\u00f3n judicial"},"content":{"rendered":"\n<p>La nueva presidenta de M\u00e9xico, Claudia Sheinbaum, envi\u00f3 un mensaje claro y contundente desde el coraz\u00f3n de Am\u00e9rica Latina: el ataque judicial contra Cristina Fern\u00e1ndez de Kirchner no es un proceso legal sino un hecho pol\u00edtico, motivado por los sectores de poder que buscan proscribir y disciplinar a los l\u00edderes populares de la regi\u00f3n. La mandataria mexicana se solidariz\u00f3 p\u00fablicamente con la expresidenta argentina, retomando la bandera del lawfare como una estrategia continental para acallar voces inc\u00f3modas al neoliberalismo.<br><br>\u201cToda nuestra solidaridad con Cristina Kirchner. Es un asunto m\u00e1s pol\u00edtico que judicial\u201d, afirm\u00f3 Sheinbaum en una declaraci\u00f3n que marca un antes y un despu\u00e9s en el tablero diplom\u00e1tico regional. Con estas palabras, no s\u00f3lo respalda a CFK en un momento clave, sino que pone en evidencia la sistematicidad del hostigamiento que enfrentan los referentes progresistas en Am\u00e9rica Latina. La presidenta tambi\u00e9n anticip\u00f3 la posibilidad de emitir un comunicado conjunto con otros jefes de Estado como Lula da Silva (Brasil), Gustavo Petro (Colombia) y Gabriel Boric (Chile), para denunciar internacionalmente la persecuci\u00f3n contra la exmandataria argentina.<br><br>Las declaraciones de Sheinbaum fueron replicadas por medios como Infobae, Perfil y La Pol\u00edtica Online, donde se subraya que la presidenta mexicana no esquiv\u00f3 el tema, sino que lo abord\u00f3 con una frontalidad infrecuente en el \u00e1mbito diplom\u00e1tico. En sus palabras resuena una comprensi\u00f3n profunda de los mecanismos que el poder econ\u00f3mico y medi\u00e1tico ha articulado para desplazar a los liderazgos populares del centro de la escena pol\u00edtica. El lawfare, lejos de ser una teor\u00eda conspirativa, se confirma como un patr\u00f3n sistem\u00e1tico en Am\u00e9rica Latina: lo padeci\u00f3 Lula, lo sufri\u00f3 Correa y lo enfrenta desde hace a\u00f1os Cristina.<br><br>Sheinbaum \u2014f\u00edsica de formaci\u00f3n, exjefa de Gobierno de la Ciudad de M\u00e9xico y heredera pol\u00edtica del obradorismo\u2014 no es ingenua: entiende que el futuro de la democracia latinoamericana est\u00e1 atado a la capacidad de los pueblos de frenar estos mecanismos de proscripci\u00f3n y disciplinamiento. Su apoyo a CFK no es solo un gesto de solidaridad personal, sino una toma de posici\u00f3n regional. Se alinea con los proyectos que defienden la soberan\u00eda, la inclusi\u00f3n social y la justicia redistributiva.<br><br>En este contexto, la causa judicial armada contra Cristina Kirchner aparece como un eslab\u00f3n m\u00e1s de una cadena de operaciones pol\u00edticas disfrazadas de legalidad. Con un Poder Judicial cuestionado por su falta de imparcialidad, y grandes medios de comunicaci\u00f3n actuando como brazo ejecutor de los intereses econ\u00f3micos concentrados, el escenario argentino vuelve a exponer el car\u00e1cter profundamente antidemocr\u00e1tico de estas maniobras.<br><br>Resulta llamativo que mientras Sheinbaum se pronuncia con valent\u00eda y lucidez, el gobierno de Javier Milei permanezca en un silencio c\u00f3mplice, celebrando de forma impl\u00edcita la persecuci\u00f3n a Cristina. El oficialismo argentino, que deber\u00eda ser garante de los derechos civiles y pol\u00edticos de todos los ciudadanos, ha optado por mirar hacia otro lado, cuando no por aplaudir la embestida judicial, al mejor estilo Bolsonaro o Macri.<br><br>La se\u00f1al de M\u00e9xico es, sin embargo, potente: Am\u00e9rica Latina no est\u00e1 dispuesta a tolerar pasivamente que se proscriba a sus dirigentes m\u00e1s representativos. El gesto de Sheinbaum se inscribe en una tradici\u00f3n de dignidad latinoamericana, en la que los pueblos defienden a quienes los han defendido.<br><br>Mientras en Argentina los medios hegem\u00f3nicos intentan reducir el respaldo internacional a CFK a un \u201cgesto diplom\u00e1tico sin peso real\u201d, la verdad es que se trata de una advertencia pol\u00edtica de gran envergadura. La regi\u00f3n est\u00e1 mirando, y no con indiferencia. La batalla por la memoria, la justicia y la soberan\u00eda sigue abierta, y cada gesto como el de Claudia Sheinbaum suma una voz m\u00e1s al coro que denuncia: Cristina no est\u00e1 sola, el pueblo tampoco.<br><br>Fuentes:<\/p>\n\n\n\n<ul class=\"wp-block-list\">\n<li>https:\/\/www.infobae.com\/politica\/2025\/06\/11\/la-presidenta-de-mexico-claudia-sheinbaum-respaldo-a-cfk-toda-nuestra-solidaridad-con-cristina-kirchner-es-un-asunto-mas-politico\/<\/li>\n\n\n\n<li>https:\/\/www.perfil.com\/noticias\/amp\/internacional\/para-la-presidenta-de-mexico-la-causa-judicial-contra-cristina-kirchner-es-mas-un-conflicto-politico.phtml<\/li>\n\n\n\n<li>https:\/\/www.lapoliticaonline.com\/amp\/319271-sheinbaum-se-solidarizo-con-cristina-y-no-descarta-un-comunicado-con-lula-petro-y-boric\/<\/li>\n<\/ul>\n","protected":false},"excerpt":{"rendered":"<p>La nueva presidenta de M\u00e9xico, Claudia Sheinbaum, envi\u00f3 un mensaje claro y contundente desde el coraz\u00f3n de Am\u00e9rica Latina: el ataque judicial contra Cristina Fern\u00e1ndez de Kirchner no es un proceso legal sino un hecho pol\u00edtico, motivado por los sectores de poder que buscan proscribir y disciplinar a los l\u00edderes populares de la regi\u00f3n. La&#8230;<\/p>\n","protected":false},"author":11,"featured_media":5123,"comment_status":"open","ping_status":"open","sticky":false,"template":"","format":"standard","meta":{"_monsterinsights_skip_tracking":false,"_monsterinsights_sitenote_active":false,"_monsterinsights_sitenote_note":"","_monsterinsights_sitenote_category":0,"footnotes":"","jetpack_publicize_message":"","jetpack_publicize_feature_enabled":true,"jetpack_social_post_already_shared":true,"jetpack_social_options":{"image_generator_settings":{"template":"highway","default_image_id":0,"font":"","enabled":false},"version":2}},"categories":[2],"tags":[88,523],"class_list":["post-5122","post","type-post","status-publish","format-standard","has-post-thumbnail","hentry","category-politica","tag-cfk","tag-cristina-fernandez-de-kirchner"],"jetpack_publicize_connections":[],"_links":{"self":[{"href":"https:\/\/www.enorsai.com\/noticias\/wp-json\/wp\/v2\/posts\/5122","targetHints":{"allow":["GET"]}}],"collection":[{"href":"https:\/\/www.enorsai.com\/noticias\/wp-json\/wp\/v2\/posts"}],"about":[{"href":"https:\/\/www.enorsai.com\/noticias\/wp-json\/wp\/v2\/types\/post"}],"author":[{"embeddable":true,"href":"https:\/\/www.enorsai.com\/noticias\/wp-json\/wp\/v2\/users\/11"}],"replies":[{"embeddable":true,"href":"https:\/\/www.enorsai.com\/noticias\/wp-json\/wp\/v2\/comments?post=5122"}],"version-history":[{"count":1,"href":"https:\/\/www.enorsai.com\/noticias\/wp-json\/wp\/v2\/posts\/5122\/revisions"}],"predecessor-version":[{"id":5124,"href":"https:\/\/www.enorsai.com\/noticias\/wp-json\/wp\/v2\/posts\/5122\/revisions\/5124"}],"wp:featuredmedia":[{"embeddable":true,"href":"https:\/\/www.enorsai.com\/noticias\/wp-json\/wp\/v2\/media\/5123"}],"wp:attachment":[{"href":"https:\/\/www.enorsai.com\/noticias\/wp-json\/wp\/v2\/media?parent=5122"}],"wp:term":[{"taxonomy":"category","embeddable":true,"href":"https:\/\/www.enorsai.com\/noticias\/wp-json\/wp\/v2\/categories?post=5122"},{"taxonomy":"post_tag","embeddable":true,"href":"https:\/\/www.enorsai.com\/noticias\/wp-json\/wp\/v2\/tags?post=5122"}],"curies":[{"name":"wp","href":"https:\/\/api.w.org\/{rel}","templated":true}]}}