{"id":5121,"date":"2025-06-12T07:04:54","date_gmt":"2025-06-12T10:04:54","guid":{"rendered":"https:\/\/www.enorsai.com\/noticias\/politica\/lula-respaldo-a-cfk-y-le-pidio-mantenerse-fuerte-tras-el-fallo-judicial-injusto-y-persecutorio\/"},"modified":"2025-06-12T07:04:54","modified_gmt":"2025-06-12T10:04:54","slug":"lula-respaldo-a-cfk-y-le-pidio-mantenerse-fuerte-tras-el-fallo-judicial-injusto-y-persecutorio","status":"publish","type":"post","link":"https:\/\/www.enorsai.com\/noticias\/politica\/lula-respaldo-a-cfk-y-le-pidio-mantenerse-fuerte-tras-el-fallo-judicial-injusto-y-persecutorio\/","title":{"rendered":"Lula respald\u00f3 a CFK y le pidi\u00f3 \u00abmantenerse fuerte\u00bb tras el fallo judicial \u00abinjusto y persecutorio\u00bb"},"content":{"rendered":"\n<p>En un gesto de fuerte respaldo pol\u00edtico y personal, el presidente de Brasil, Luiz In\u00e1cio Lula da Silva, se comunic\u00f3 este mi\u00e9rcoles con la exmandataria argentina Cristina Fern\u00e1ndez de Kirchner para expresarle su solidaridad tras el reciente fallo adverso del Poder Judicial argentino. Lula no solo conden\u00f3 la persecuci\u00f3n judicial, sino que le pidi\u00f3 a la expresidenta \u00abmantenerse fuerte en estos momentos dif\u00edciles\u00bb.<br><br>La conversaci\u00f3n entre ambos l\u00edderes fue confirmada por fuentes cercanas al Palacio del Planalto y tambi\u00e9n por el entorno de Cristina. Seg\u00fan trascendi\u00f3, Lula expres\u00f3 su \u00abadmiraci\u00f3n por la templanza\u00bb de la exvicepresidenta ante un escenario pol\u00edtico y judicial que calific\u00f3 de \u00abinjusto y persecutorio\u00bb. \u201cLa sent\u00ed serena, muy determinada, con una fuerza admirable\u201d, habr\u00eda dicho el mandatario brasile\u00f1o tras la llamada, seg\u00fan recogieron medios como Perfil.<br><br>El apoyo de Lula no es nuevo, pero cobra especial relevancia en este contexto, luego del reciente fallo de la Corte Suprema de Justicia de Argentina que confirm\u00f3 una condena previa en contra de Cristina Fern\u00e1ndez, que muchos en el plano nacional e internacional consideran parte del lawfare, esa estrategia de judicializaci\u00f3n de la pol\u00edtica con el objetivo de disciplinar a los liderazgos populares y reformistas de la regi\u00f3n.<br><br>\u00abLula muestra su respaldo a Fern\u00e1ndez y la insta a mantenerse fuerte\u00bb, titul\u00f3 la agencia Infobae, dando cuenta de la contundencia del gesto del l\u00edder brasile\u00f1o. No se trat\u00f3 solo de una muestra de cortes\u00eda, sino de un claro posicionamiento geopol\u00edtico: el presidente de Brasil no dud\u00f3 en remarcar que la causa contra Cristina se inscribe dentro de un patr\u00f3n regional de persecuci\u00f3n judicial que tambi\u00e9n lo tuvo a \u00e9l como v\u00edctima durante el gobierno de Jair Bolsonaro.<br><br>En el di\u00e1logo, Lula record\u00f3 lo que vivi\u00f3 durante su propio proceso judicial, cuando fue encarcelado injustamente por causas que luego fueron desestimadas y expuestas como operaciones de lawfare por el propio Supremo Tribunal Federal de Brasil. Esa experiencia personal, seg\u00fan relataron testigos cercanos, gener\u00f3 en Lula un sentido de empat\u00eda profundo con Cristina Kirchner, a quien considera una aliada pol\u00edtica y una referente imprescindible en la lucha contra la desigualdad en Am\u00e9rica Latina.<br><br>El llamado del presidente brasile\u00f1o se produce en un momento de fuerte tensi\u00f3n pol\u00edtica en Argentina, con un gobierno de Javier Milei que avanza sobre el Poder Judicial, las instituciones democr\u00e1ticas y los sectores populares, y que mantiene una ret\u00f3rica violenta hacia el kirchnerismo, al que busca borrar del mapa pol\u00edtico. En ese marco, el respaldo de Lula no solo es un mensaje de aliento a Cristina, sino tambi\u00e9n una advertencia clara sobre los peligros de naturalizar la persecuci\u00f3n judicial con fines pol\u00edticos.<br><br>Para Lula, como para otros l\u00edderes progresistas de la regi\u00f3n, la defensa de Cristina Kirchner no es solo un acto de amistad o camarader\u00eda ideol\u00f3gica: es tambi\u00e9n la defensa de la democracia, del Estado de Derecho y de la soberan\u00eda popular frente a los poderes f\u00e1cticos que operan tras bambalinas con apoyo medi\u00e1tico y judicial.<br><br>El gesto de Lula da Silva fue ampliamente celebrado en redes sociales por dirigentes de Uni\u00f3n por la Patria y por movimientos sociales que ven en la exmandataria una figura clave en la resistencia al modelo de ajuste salvaje que hoy promueve el gobierno de Milei. No es casual que el presidente brasile\u00f1o, uno de los principales referentes del progresismo regional, haya elegido este momento para hacer p\u00fablica su cercan\u00eda con Cristina: se trata de una reafirmaci\u00f3n de lealtades en tiempos de embates reaccionarios.<br><br>Cristina Kirchner, por su parte, no emiti\u00f3 declaraciones p\u00fablicas tras la llamada, pero su entorno confirm\u00f3 que agradeci\u00f3 profundamente el gesto y que sigue firme, convencida de que la historia pondr\u00e1 en su lugar a cada uno.<br><br>En medio de un escenario pol\u00edtico adverso y con la persecuci\u00f3n judicial como herramienta para disciplinar a la dirigencia popular, el llamado de Lula da Silva aparece como un faro. Un gesto de coraje pol\u00edtico y convicci\u00f3n democr\u00e1tica que trasciende fronteras.<br><br>Fuentes:<\/p>\n\n\n\n<ul class=\"wp-block-list\">\n<li>https:\/\/www.lapoliticaonline.com\/amp\/319351-lula-llamo-a-cristina-y-le-pidio-que-se-mantenga-fuerte-en-estos-momentos-dificiles\/<\/li>\n\n\n\n<li>https:\/\/www.infobae.com\/america\/agencias\/2025\/06\/12\/lula-muestra-su-respaldo-a-fernandez-y-la-insta-a-mantenerse-fuerte-tras-el-fallo-del-supremo-argentino\/<\/li>\n\n\n\n<li>https:\/\/www.perfil.com\/noticias\/amp\/politica\/lula-hablo-esta-tarde-con-cristina-le-expreso-su-solidaridad-y-se-sorprendio-por-lo-serena-y-determinadaquelasintio.phtml<\/li>\n<\/ul>\n","protected":false},"excerpt":{"rendered":"<p>En un gesto de fuerte respaldo pol\u00edtico y personal, el presidente de Brasil, Luiz In\u00e1cio Lula da Silva, se comunic\u00f3 este mi\u00e9rcoles con la exmandataria argentina Cristina Fern\u00e1ndez de Kirchner para expresarle su solidaridad tras el reciente fallo adverso del Poder Judicial argentino. Lula no solo conden\u00f3 la persecuci\u00f3n judicial, sino que le pidi\u00f3 a&#8230;<\/p>\n","protected":false},"author":12,"featured_media":5120,"comment_status":"open","ping_status":"open","sticky":false,"template":"","format":"standard","meta":{"_monsterinsights_skip_tracking":false,"_monsterinsights_sitenote_active":false,"_monsterinsights_sitenote_note":"","_monsterinsights_sitenote_category":0,"footnotes":"","jetpack_publicize_message":"","jetpack_publicize_feature_enabled":true,"jetpack_social_post_already_shared":true,"jetpack_social_options":{"image_generator_settings":{"template":"highway","default_image_id":0,"font":"","enabled":false},"version":2}},"categories":[2],"tags":[88,523,1627],"class_list":["post-5121","post","type-post","status-publish","format-standard","has-post-thumbnail","hentry","category-politica","tag-cfk","tag-cristina-fernandez-de-kirchner","tag-lula"],"jetpack_publicize_connections":[],"_links":{"self":[{"href":"https:\/\/www.enorsai.com\/noticias\/wp-json\/wp\/v2\/posts\/5121","targetHints":{"allow":["GET"]}}],"collection":[{"href":"https:\/\/www.enorsai.com\/noticias\/wp-json\/wp\/v2\/posts"}],"about":[{"href":"https:\/\/www.enorsai.com\/noticias\/wp-json\/wp\/v2\/types\/post"}],"author":[{"embeddable":true,"href":"https:\/\/www.enorsai.com\/noticias\/wp-json\/wp\/v2\/users\/12"}],"replies":[{"embeddable":true,"href":"https:\/\/www.enorsai.com\/noticias\/wp-json\/wp\/v2\/comments?post=5121"}],"version-history":[{"count":0,"href":"https:\/\/www.enorsai.com\/noticias\/wp-json\/wp\/v2\/posts\/5121\/revisions"}],"wp:featuredmedia":[{"embeddable":true,"href":"https:\/\/www.enorsai.com\/noticias\/wp-json\/wp\/v2\/media\/5120"}],"wp:attachment":[{"href":"https:\/\/www.enorsai.com\/noticias\/wp-json\/wp\/v2\/media?parent=5121"}],"wp:term":[{"taxonomy":"category","embeddable":true,"href":"https:\/\/www.enorsai.com\/noticias\/wp-json\/wp\/v2\/categories?post=5121"},{"taxonomy":"post_tag","embeddable":true,"href":"https:\/\/www.enorsai.com\/noticias\/wp-json\/wp\/v2\/tags?post=5121"}],"curies":[{"name":"wp","href":"https:\/\/api.w.org\/{rel}","templated":true}]}}