{"id":5119,"date":"2025-06-12T06:54:32","date_gmt":"2025-06-12T09:54:32","guid":{"rendered":"https:\/\/www.enorsai.com\/noticias\/politica\/gustavo-petro-respaldo-a-cfk-y-alerto-sobre-la-persecucion-judicial-a-lideres-populares-en-america-latina\/"},"modified":"2025-06-12T06:54:32","modified_gmt":"2025-06-12T09:54:32","slug":"gustavo-petro-respaldo-a-cfk-y-alerto-sobre-la-persecucion-judicial-a-lideres-populares-en-america-latina","status":"publish","type":"post","link":"https:\/\/www.enorsai.com\/noticias\/politica\/gustavo-petro-respaldo-a-cfk-y-alerto-sobre-la-persecucion-judicial-a-lideres-populares-en-america-latina\/","title":{"rendered":"Gustavo Petro respald\u00f3 a CFK y alert\u00f3 sobre la persecuci\u00f3n judicial a l\u00edderes populares en Am\u00e9rica Latina"},"content":{"rendered":"\n<p>El presidente de Colombia, Gustavo Petro, se pronunci\u00f3 con firmeza en defensa de la expresidenta argentina Cristina Fern\u00e1ndez de Kirchner, a quien respald\u00f3 frente a lo que denunci\u00f3 como una creciente judicializaci\u00f3n de la pol\u00edtica en Am\u00e9rica Latina. En una serie de declaraciones que resonaron en la regi\u00f3n, el mandatario colombiano no s\u00f3lo expres\u00f3 su solidaridad con la exvicepresidenta, sino que tambi\u00e9n traz\u00f3 paralelismos con otros l\u00edderes populares perseguidos por el lawfare, como Luiz In\u00e1cio Lula da Silva en Brasil y Rafael Correa en Ecuador.<p><br>\u201cCristina Kirchner fue condenada sin pruebas\u201d, enfatiz\u00f3 Petro, dejando en claro que considera el proceso judicial que enfrent\u00f3 la l\u00edder del peronismo como parte de una estrategia pol\u00edtica para neutralizar a los dirigentes que confrontan los intereses del poder econ\u00f3mico y financiero. En ese marco, denunci\u00f3 una preocupante tendencia en el continente: el uso del aparato judicial para deslegitimar, proscribir o incluso encarcelar a figuras pol\u00edticas que encarnan proyectos transformadores.<br><br>En sus declaraciones, Petro advirti\u00f3 que la democracia latinoamericana \u201cest\u00e1 en riesgo\u201d. Y no es una afirmaci\u00f3n al pasar: el presidente colombiano sostiene que existe una red de operaciones judiciales coordinadas, con apoyo medi\u00e1tico y empresarial, que buscan frenar los avances populares a trav\u00e9s de mecanismos supuestamente legales. El fen\u00f3meno del lawfare, ya documentado en m\u00faltiples pa\u00edses, constituye \u2014seg\u00fan Petro\u2014 una amenaza directa a la voluntad popular y a los procesos democr\u00e1ticos que no se alinean con el statu quo neoliberal.<br><br>El mandatario no escatim\u00f3 en ejemplos: record\u00f3 que Lula Da Silva fue encarcelado sin pruebas y apartado de las elecciones presidenciales de 2018 en Brasil, lo que allan\u00f3 el camino para el ascenso del ultraderechista Jair Bolsonaro. En Ecuador, Rafael Correa debi\u00f3 exiliarse tras ser blanco de una feroz ofensiva judicial impulsada por sectores conservadores. En Bolivia, Evo Morales tambi\u00e9n fue v\u00edctima de una persecuci\u00f3n que deriv\u00f3 en un golpe de Estado en 2019. \u201cAhora intentan hacer lo mismo con Cristina\u201d, alert\u00f3.<br><br>Petro remarc\u00f3 que estas estrategias no son hechos aislados ni meros errores del sistema judicial. Por el contrario, las inscribe dentro de una ofensiva regional del poder econ\u00f3mico y medi\u00e1tico, que utiliza a sectores del Poder Judicial como herramientas para desarticular movimientos populares. Se trata, en definitiva, de un \u201cgolpe blando\u201d permanente, donde la bala fue reemplazada por la sentencia, y la dictadura por el expediente judicial.<br><br>El respaldo de Petro a Cristina Kirchner no es un hecho menor. En medio de un contexto regional signado por el avance de proyectos neoliberales extremos, como el que encarna Javier Milei en Argentina, su voz resuena como un llamado de alerta. Mientras el gobierno libertario se esfuerza por desmantelar el Estado, eliminar derechos y perseguir a dirigentes opositores, el presidente colombiano se planta con una perspectiva completamente distinta: defiende la democracia real, aquella que se construye con participaci\u00f3n popular, justicia social y soberan\u00eda nacional.<br><br>En el caso argentino, la persecuci\u00f3n judicial contra Cristina Kirchner \u2014acentuada desde el retorno del macrismo al poder mediante Milei\u2014 ha adquirido nuevas formas. Desde operaciones medi\u00e1ticas hasta la amenaza de c\u00e1rcel, pasando por la inhabilitaci\u00f3n pol\u00edtica, todo apunta a un objetivo claro: borrar del mapa a una de las figuras m\u00e1s influyentes del progresismo latinoamericano. Sin embargo, la solidaridad internacional empieza a marcar una diferencia. Petro no est\u00e1 solo: los pueblos de Am\u00e9rica Latina est\u00e1n observando.<br><br>El gesto del presidente colombiano refuerza la idea de que la lucha por la democracia en la regi\u00f3n no es \u00fanicamente institucional, sino profundamente pol\u00edtica. Enfrentar el lawfare implica tambi\u00e9n reconstruir la legitimidad de los liderazgos populares, denunciar las mafias judiciales y medi\u00e1ticas que los acosan, y fortalecer la integraci\u00f3n latinoamericana como escudo frente a las injerencias externas y los poderes f\u00e1cticos internos.<br><br>Cristina Kirchner, como s\u00edmbolo y referente de un modelo que apost\u00f3 por la inclusi\u00f3n, la justicia social y la soberan\u00eda nacional, sigue siendo una figura inc\u00f3moda para los intereses que hoy gobiernan en Argentina. Pero tambi\u00e9n, como lo demuestra el respaldo de Petro, contin\u00faa siendo un faro para quienes no se resignan a que la democracia sea secuestrada por el poder econ\u00f3mico.<br><br>Fuentes:<\/p>\n\n\n\n<ul class=\"wp-block-list\">\n<li>https:\/\/www.ambito.com\/politica\/gustavo-petro-se-solidarizo-cristina-kirchner-y-denuncio-persecucion-judicial-america-latina-n6155668<\/li>\n\n\n\n<li>https:\/\/noticiasargentinas.com\/politica\/petro-se-solidarizo-con-cristina-kirchner-y-comparo-su-situacion-con-la-de-otros-lideres-latinoamericanos_a684a1b020cbe0c425461abf3<\/li>\n\n\n\n<li>https:\/\/www.eldiarioar.com\/politica\/gustavo-petro-advirtio-democracia-latinoamericana-riesgo_1_12377320.html<\/li>\n<\/ul>\n","protected":false},"excerpt":{"rendered":"<p>El presidente de Colombia, Gustavo Petro, se pronunci\u00f3 con firmeza en defensa de la expresidenta argentina Cristina Fern\u00e1ndez de Kirchner, a quien respald\u00f3 frente a lo que denunci\u00f3 como una creciente judicializaci\u00f3n de la pol\u00edtica en Am\u00e9rica Latina. En una serie de declaraciones que resonaron en la regi\u00f3n, el mandatario colombiano no s\u00f3lo expres\u00f3 su&#8230;<\/p>\n","protected":false},"author":1,"featured_media":5118,"comment_status":"open","ping_status":"open","sticky":false,"template":"","format":"standard","meta":{"_monsterinsights_skip_tracking":false,"_monsterinsights_sitenote_active":false,"_monsterinsights_sitenote_note":"","_monsterinsights_sitenote_category":0,"footnotes":"","jetpack_publicize_message":"","jetpack_publicize_feature_enabled":true,"jetpack_social_post_already_shared":true,"jetpack_social_options":{"image_generator_settings":{"template":"highway","default_image_id":0,"font":"","enabled":false},"version":2}},"categories":[2],"tags":[88,523,1626],"class_list":["post-5119","post","type-post","status-publish","format-standard","has-post-thumbnail","hentry","category-politica","tag-cfk","tag-cristina-fernandez-de-kirchner","tag-petro"],"jetpack_publicize_connections":[],"_links":{"self":[{"href":"https:\/\/www.enorsai.com\/noticias\/wp-json\/wp\/v2\/posts\/5119","targetHints":{"allow":["GET"]}}],"collection":[{"href":"https:\/\/www.enorsai.com\/noticias\/wp-json\/wp\/v2\/posts"}],"about":[{"href":"https:\/\/www.enorsai.com\/noticias\/wp-json\/wp\/v2\/types\/post"}],"author":[{"embeddable":true,"href":"https:\/\/www.enorsai.com\/noticias\/wp-json\/wp\/v2\/users\/1"}],"replies":[{"embeddable":true,"href":"https:\/\/www.enorsai.com\/noticias\/wp-json\/wp\/v2\/comments?post=5119"}],"version-history":[{"count":0,"href":"https:\/\/www.enorsai.com\/noticias\/wp-json\/wp\/v2\/posts\/5119\/revisions"}],"wp:featuredmedia":[{"embeddable":true,"href":"https:\/\/www.enorsai.com\/noticias\/wp-json\/wp\/v2\/media\/5118"}],"wp:attachment":[{"href":"https:\/\/www.enorsai.com\/noticias\/wp-json\/wp\/v2\/media?parent=5119"}],"wp:term":[{"taxonomy":"category","embeddable":true,"href":"https:\/\/www.enorsai.com\/noticias\/wp-json\/wp\/v2\/categories?post=5119"},{"taxonomy":"post_tag","embeddable":true,"href":"https:\/\/www.enorsai.com\/noticias\/wp-json\/wp\/v2\/tags?post=5119"}],"curies":[{"name":"wp","href":"https:\/\/api.w.org\/{rel}","templated":true}]}}