{"id":5116,"date":"2025-06-11T21:48:19","date_gmt":"2025-06-12T00:48:19","guid":{"rendered":"https:\/\/www.enorsai.com\/noticias\/politica\/la-uca-repudio-los-agravios-de-espert-se-esta-muriendo-la-fraternidad-y-el-respeto\/"},"modified":"2025-06-11T22:03:20","modified_gmt":"2025-06-12T01:03:20","slug":"la-uca-repudio-los-agravios-de-espert-se-esta-muriendo-la-fraternidad-y-el-respeto","status":"publish","type":"post","link":"https:\/\/www.enorsai.com\/noticias\/politica\/la-uca-repudio-los-agravios-de-espert-se-esta-muriendo-la-fraternidad-y-el-respeto\/","title":{"rendered":"La UCA repudi\u00f3 los agravios de Espert: \u201cSe est\u00e1 muriendo la fraternidad y el respeto\u201d"},"content":{"rendered":"\n<p>En un hecho que sacudi\u00f3 el ambiente acad\u00e9mico y pol\u00edtico, la Pontificia Universidad Cat\u00f3lica Argentina (UCA) emiti\u00f3 un contundente comunicado de repudio contra el diputado nacional Jos\u00e9 Luis Espert por sus declaraciones agraviantes durante el XVII Congreso Internacional de Comunicaci\u00f3n Pol\u00edtica, que se celebr\u00f3 el mi\u00e9rcoles 11 de junio en el auditorio San Juan Pablo II de dicha casa de estudios.<\/p>\n\n\n\n<p>Aunque la UCA aclar\u00f3 que no fue organizadora del congreso \u2014evento impulsado por la Cumbre Mundial de Comunicaci\u00f3n Pol\u00edtica y la Asociaci\u00f3n Argentina de Consultores Pol\u00edticos (ASACOP)\u2014, la instituci\u00f3n no dud\u00f3 en marcar distancia respecto a los dichos del legislador liberal, quien particip\u00f3 de un panel legislativo que se supon\u00eda de esp\u00edritu pluralista.<br><br>\u201cEl respeto es un valor fundamental para el debate democr\u00e1tico\u201d, subray\u00f3 la universidad en un mensaje que contrasta con el tono confrontativo y despectivo que suele utilizar Espert, tanto en sus intervenciones p\u00fablicas como en redes sociales. Sin especificar el contenido exacto de sus expresiones, la UCA dej\u00f3 en claro que fueron ofensivas, incompatibles con el clima de di\u00e1logo que deber\u00eda imperar en cualquier instancia acad\u00e9mica.<\/p>\n\n\n\n<figure class=\"wp-block-embed is-type-rich is-provider-twitter wp-block-embed-twitter\"><div class=\"wp-block-embed__wrapper\">\n<blockquote class=\"twitter-tweet\" data-width=\"550\" data-dnt=\"true\"><p lang=\"pt\" dir=\"ltr\">Comunicado &#8211; Repudio <a href=\"https:\/\/t.co\/RKcooaIJuR\">pic.twitter.com\/RKcooaIJuR<\/a><\/p>&mdash; UNIVERSIDAD CAT\u00d3LICA ARGENTINA (UCA) (@UCA_Oficial) <a href=\"https:\/\/twitter.com\/UCA_Oficial\/status\/1932909696798658646?ref_src=twsrc%5Etfw\">June 11, 2025<\/a><\/blockquote><script async src=\"https:\/\/platform.twitter.com\/widgets.js\" charset=\"utf-8\"><\/script>\n<\/div><\/figure>\n\n\n\n<p><br \/>El comunicado, firmado por Ignacio Tom\u00e9, Director de Relaciones Institucionales de la UCA, apela adem\u00e1s a una reflexi\u00f3n espiritual y social, citando el reciente Tedeum del 25 de mayo oficiado por el arzobispo y gran canciller de la universidad, Mons. Jorge Ignacio Garc\u00eda Cuerva:<br \/><br \/>&gt; \u201cVenimos a pedirle a Dios que nuestra Argentina se cure y viva. Experimentamos que se est\u00e1 muriendo la fraternidad, se est\u00e1 muriendo la tolerancia, se est\u00e1 muriendo el respeto; y si se mueren esos valores, se muere un poco el futuro, se mueren las esperanzas de forjar una Argentina unida, una Patria de hermanos.\u201d<br \/><br \/>Las palabras del arzobispo resuenan con fuerza en un contexto nacional cargado de violencia verbal, estigmatizaci\u00f3n pol\u00edtica y creciente intolerancia. Espert, fiel exponente del ala m\u00e1s agresiva del oficialismo liberal-conservador, ha sido protagonista en m\u00e1s de una ocasi\u00f3n de episodios de hostigamiento discursivo hacia sectores sociales, periodistas, movimientos estudiantiles e incluso otros legisladores.<\/p>\n\n\n\n<figure class=\"wp-block-embed is-type-rich is-provider-twitter wp-block-embed-twitter\"><div class=\"wp-block-embed__wrapper\">\n<blockquote class=\"twitter-tweet\" data-width=\"550\" data-dnt=\"true\"><p lang=\"es\" dir=\"ltr\">Espert es un peligro para la democracia y para La Paz p\u00fablica. No es un pol\u00edtico. <br><br> <a href=\"https:\/\/t.co\/EpvtBw9llu\">pic.twitter.com\/EpvtBw9llu<\/a><\/p>&mdash; Roberto Navarro (@robdnavarro) <a href=\"https:\/\/twitter.com\/robdnavarro\/status\/1932869515378844158?ref_src=twsrc%5Etfw\">June 11, 2025<\/a><\/blockquote><script async src=\"https:\/\/platform.twitter.com\/widgets.js\" charset=\"utf-8\"><\/script>\n<\/div><\/figure>\n\n\n\n<p><br \/><br \/>Este llamado de atenci\u00f3n por parte de una instituci\u00f3n tradicionalmente cercana al pensamiento conservador no puede pasarse por alto. La UCA \u2014cuya voz suele ser escuchada con respeto tanto en \u00e1mbitos religiosos como en sectores del poder pol\u00edtico y empresarial\u2014 alza ahora una bandera \u00e9tica frente al atropello discursivo que se ha vuelto moneda corriente en ciertos sectores del oficialismo.<br \/><br \/>En tiempos donde el Gobierno promueve un lenguaje violento desde las m\u00e1s altas esferas del poder, el comunicado de la UCA representa un l\u00edmite simb\u00f3lico importante. No s\u00f3lo denuncia lo inaceptable, sino que interpela al conjunto de la dirigencia y de la ciudadan\u00eda: \u00bfqu\u00e9 pa\u00eds queremos construir si se normaliza el desprecio por el otro?<br \/><br \/>Mientras Milei y sus aliados apelan a la descalificaci\u00f3n constante como estrategia pol\u00edtica, algunas instituciones \u2014como en este caso la UCA\u2014 se animan a decir \u201cbasta\u201d. Lo hacen apelando no a un dogma ideol\u00f3gico, sino a valores humanos b\u00e1sicos: respeto, fraternidad, tolerancia. Valores que, seg\u00fan advierten, se est\u00e1n muriendo. Y si eso ocurre, se muere tambi\u00e9n la posibilidad de una Argentina donde quepamos todos.<\/p>\n","protected":false},"excerpt":{"rendered":"<p>En un hecho que sacudi\u00f3 el ambiente acad\u00e9mico y pol\u00edtico, la Pontificia Universidad Cat\u00f3lica Argentina (UCA) emiti\u00f3 un contundente comunicado de repudio contra el diputado nacional Jos\u00e9 Luis Espert por sus declaraciones agraviantes durante el XVII Congreso Internacional de Comunicaci\u00f3n Pol\u00edtica, que se celebr\u00f3 el mi\u00e9rcoles 11 de junio en el auditorio San Juan Pablo&#8230;<\/p>\n","protected":false},"author":11,"featured_media":5115,"comment_status":"open","ping_status":"open","sticky":false,"template":"","format":"standard","meta":{"_monsterinsights_skip_tracking":false,"_monsterinsights_sitenote_active":false,"_monsterinsights_sitenote_note":"","_monsterinsights_sitenote_category":0,"footnotes":"","jetpack_publicize_message":"","jetpack_publicize_feature_enabled":true,"jetpack_social_post_already_shared":true,"jetpack_social_options":{"image_generator_settings":{"template":"highway","default_image_id":0,"font":"","enabled":false},"version":2}},"categories":[2],"tags":[923,1625],"class_list":["post-5116","post","type-post","status-publish","format-standard","has-post-thumbnail","hentry","category-politica","tag-espert","tag-uca"],"jetpack_publicize_connections":[],"_links":{"self":[{"href":"https:\/\/www.enorsai.com\/noticias\/wp-json\/wp\/v2\/posts\/5116","targetHints":{"allow":["GET"]}}],"collection":[{"href":"https:\/\/www.enorsai.com\/noticias\/wp-json\/wp\/v2\/posts"}],"about":[{"href":"https:\/\/www.enorsai.com\/noticias\/wp-json\/wp\/v2\/types\/post"}],"author":[{"embeddable":true,"href":"https:\/\/www.enorsai.com\/noticias\/wp-json\/wp\/v2\/users\/11"}],"replies":[{"embeddable":true,"href":"https:\/\/www.enorsai.com\/noticias\/wp-json\/wp\/v2\/comments?post=5116"}],"version-history":[{"count":1,"href":"https:\/\/www.enorsai.com\/noticias\/wp-json\/wp\/v2\/posts\/5116\/revisions"}],"predecessor-version":[{"id":5117,"href":"https:\/\/www.enorsai.com\/noticias\/wp-json\/wp\/v2\/posts\/5116\/revisions\/5117"}],"wp:featuredmedia":[{"embeddable":true,"href":"https:\/\/www.enorsai.com\/noticias\/wp-json\/wp\/v2\/media\/5115"}],"wp:attachment":[{"href":"https:\/\/www.enorsai.com\/noticias\/wp-json\/wp\/v2\/media?parent=5116"}],"wp:term":[{"taxonomy":"category","embeddable":true,"href":"https:\/\/www.enorsai.com\/noticias\/wp-json\/wp\/v2\/categories?post=5116"},{"taxonomy":"post_tag","embeddable":true,"href":"https:\/\/www.enorsai.com\/noticias\/wp-json\/wp\/v2\/tags?post=5116"}],"curies":[{"name":"wp","href":"https:\/\/api.w.org\/{rel}","templated":true}]}}