{"id":5112,"date":"2025-06-11T21:29:15","date_gmt":"2025-06-12T00:29:15","guid":{"rendered":"https:\/\/www.enorsai.com\/noticias\/sociedad\/milei-ajusta-donde-duele-despidos-masivos-en-el-hospital-posadas-y-amenazas-al-garrahan\/"},"modified":"2025-06-11T21:37:18","modified_gmt":"2025-06-12T00:37:18","slug":"milei-ajusta-donde-duele-despidos-masivos-en-el-hospital-posadas-y-amenazas-al-garrahan","status":"publish","type":"post","link":"https:\/\/www.enorsai.com\/noticias\/sociedad\/milei-ajusta-donde-duele-despidos-masivos-en-el-hospital-posadas-y-amenazas-al-garrahan\/","title":{"rendered":"Milei ajusta donde duele: despidos masivos en el Hospital Posadas y amenazas al Garrahan"},"content":{"rendered":"\n<p>En su cruzada por \u201cachicar el Estado\u201d, el gobierno de Javier Milei volvi\u00f3 a demostrar que su motosierra no distingue entre \u201cla casta\u201d y los trabajadores esenciales de la salud p\u00fablica. Esta vez, el blanco fue el Hospital Posadas, donde se concretaron 110 despidos, mientras se profundiza el conflicto con los trabajadores del Hospital Garrahan. En ambos casos, la motosierra libertaria golpea de lleno en instituciones clave que atienden a los sectores m\u00e1s vulnerables de la sociedad.<\/p>\n\n\n\n<p>Los despidos en el Posadas fueron confirmados por el propio Ministerio de Salud. La medida dej\u00f3 en la calle a profesionales y personal de apoyo que ven\u00edan cumpliendo funciones con normalidad, en muchos casos desde hace a\u00f1os. Lejos de tratarse de \u201c\u00f1oquis\u201d o de empleados fantasmas \u2014como intenta instalar el discurso oficial\u2014, se trata de trabajadores con nombre, apellido y vocaci\u00f3n, que cumpl\u00edan tareas fundamentales en el hospital m\u00e1s importante del conurbano bonaerense.<\/p>\n\n\n\n<p>Las im\u00e1genes de m\u00e9dicos, enfermeras y t\u00e9cnicos siendo notificados sin previo aviso, mientras cumpl\u00edan con su jornada laboral, son el retrato m\u00e1s crudo de un ajuste despiadado. Muchos se enteraron que estaban despedidos cuando intentaron fichar y el sistema les neg\u00f3 el acceso. No hubo di\u00e1logo, no hubo evaluaci\u00f3n de desempe\u00f1o, ni tampoco un m\u00ednimo atisbo de humanidad.<\/p>\n\n\n\n<p>Pero el Gobierno no se qued\u00f3 ah\u00ed. En paralelo, levant\u00f3 la conciliaci\u00f3n obligatoria dictada por el Ministerio de Trabajo en el conflicto con los trabajadores del Hospital Garrahan, quienes vienen denunciando persecuci\u00f3n sindical y recortes salariales. El gesto es claro: Milei no tiene intenci\u00f3n de retroceder ni dialogar. Su pol\u00edtica sanitaria es un mon\u00f3logo neoliberal que desprecia la salud p\u00fablica y castiga a quienes la defienden.<\/p>\n\n\n\n<p>Mientras tanto, la ministra de Salud, Mario Russo, se limita a repetir los mantras del ajuste fiscal, como si se tratara de una auditor\u00eda contable y no de la vida de miles de pacientes que dependen diariamente de estos hospitales. No hay una sola palabra sobre c\u00f3mo afectar\u00e1 esto la atenci\u00f3n m\u00e9dica, ni un plan de contingencia para absorber la falta de personal. La salud, para el gobierno libertario, es solo un gasto a recortar.<\/p>\n\n\n\n<p>La situaci\u00f3n es a\u00fan m\u00e1s alarmante si se tiene en cuenta que el Hospital Posadas ya hab\u00eda sido blanco de despidos durante el gobierno de Mauricio Macri. En aquel entonces, se intent\u00f3 justificar las cesant\u00edas con argumentos similares: \u201creestructuraci\u00f3n\u201d, \u201ceficiencia\u201d, \u201cracionalizaci\u00f3n del gasto\u201d. Hoy, bajo la gesti\u00f3n de Milei, se repite la historia con mayor crudeza, con un Estado nacional ausente y un Ministerio de Salud que opera como sucursal de la Oficina del Presidente.<\/p>\n\n\n\n<p>En el Garrahan, el panorama no es mejor. All\u00ed, la tensi\u00f3n crece d\u00eda a d\u00eda. Los trabajadores denuncian que se les aplican sanciones por participar en medidas de fuerza, en un claro intento de disciplinar la protesta y acallar las voces disidentes. El levantamiento de la conciliaci\u00f3n obligatoria no solo deja al personal sin protecci\u00f3n legal, sino que habilita al gobierno a avanzar con represalias sin intermediarios.<\/p>\n\n\n\n<p>La pregunta que flota es: \u00bfhasta d\u00f3nde est\u00e1 dispuesto a llegar el gobierno de Milei en su cruzada contra lo p\u00fablico? \u00bfQu\u00e9 m\u00e1s tiene que pasar para que la sociedad reaccione ante este saqueo sistem\u00e1tico del sistema de salud?<\/p>\n\n\n\n<p>En lugar de cortar privilegios o perseguir la corrupci\u00f3n real \u2014por ejemplo, en los negociados de laboratorios, las tercerizaciones o los sobreprecios hist\u00f3ricos de proveedores\u2014, el gobierno eligi\u00f3 ir contra los eslabones m\u00e1s d\u00e9biles: los trabajadores y los pacientes. Porque eso son, en \u00faltima instancia, las verdaderas v\u00edctimas del ajuste: los que esperan una operaci\u00f3n, los que reciben tratamiento oncol\u00f3gico, los que llevan a sus hijos a pediatr\u00eda sin tener obra social.<\/p>\n\n\n\n<p>La motosierra no es una met\u00e1fora. Es una pol\u00edtica concreta que destruye estructuras, despedaza derechos y arrasa con la dignidad. Y en hospitales como el Posadas o el Garrahan, esa destrucci\u00f3n no se mide en n\u00fameros fiscales, sino en vidas humanas.<\/p>\n\n\n\n<p>Fuentes <\/p>\n\n\n\n<ul class=\"wp-block-list\">\n<li>https:\/\/www.perfil.com\/noticias\/amp\/politica\/el-gobierno-echo-a-110-empleados-del-hospital-posadas-y-levanto-la-conciliacion-obligatoria-por-la-situacion-en-el-garrahan.phtml<\/li>\n\n\n\n<li>https:\/\/grupolaprovincia.com\/amp\/586183\/ajuste-sin-freno-mas-de-100-despidos-en-el-hospital-posadas-y-apunta-al-garrahan<\/li>\n\n\n\n<li>https:\/\/www.ambito.com\/politica\/el-ministerio-salud-anuncio-110-despidos-el-posadas-y-sanciones-los-trabajadores-del-garrahan-n6155673\/amp<\/li>\n\n\n\n<li>https:\/\/www.clarin.com\/sociedad\/echaron-cien-empleados-hospital-posadas-gobierno-personas-iban-trabajar_0_prJPRb9s83.html<\/li>\n<\/ul>\n","protected":false},"excerpt":{"rendered":"<p>En su cruzada por \u201cachicar el Estado\u201d, el gobierno de Javier Milei volvi\u00f3 a demostrar que su motosierra no distingue entre \u201cla casta\u201d y los trabajadores esenciales de la salud p\u00fablica. Esta vez, el blanco fue el Hospital Posadas, donde se concretaron 110 despidos, mientras se profundiza el conflicto con los trabajadores del Hospital Garrahan&#8230;.<\/p>\n","protected":false},"author":12,"featured_media":5111,"comment_status":"open","ping_status":"open","sticky":false,"template":"","format":"standard","meta":{"_monsterinsights_skip_tracking":false,"_monsterinsights_sitenote_active":false,"_monsterinsights_sitenote_note":"","_monsterinsights_sitenote_category":0,"footnotes":"","jetpack_publicize_message":"","jetpack_publicize_feature_enabled":true,"jetpack_social_post_already_shared":true,"jetpack_social_options":{"image_generator_settings":{"template":"highway","default_image_id":0,"font":"","enabled":false},"version":2}},"categories":[4],"tags":[],"class_list":["post-5112","post","type-post","status-publish","format-standard","has-post-thumbnail","hentry","category-sociedad"],"jetpack_publicize_connections":[],"_links":{"self":[{"href":"https:\/\/www.enorsai.com\/noticias\/wp-json\/wp\/v2\/posts\/5112","targetHints":{"allow":["GET"]}}],"collection":[{"href":"https:\/\/www.enorsai.com\/noticias\/wp-json\/wp\/v2\/posts"}],"about":[{"href":"https:\/\/www.enorsai.com\/noticias\/wp-json\/wp\/v2\/types\/post"}],"author":[{"embeddable":true,"href":"https:\/\/www.enorsai.com\/noticias\/wp-json\/wp\/v2\/users\/12"}],"replies":[{"embeddable":true,"href":"https:\/\/www.enorsai.com\/noticias\/wp-json\/wp\/v2\/comments?post=5112"}],"version-history":[{"count":2,"href":"https:\/\/www.enorsai.com\/noticias\/wp-json\/wp\/v2\/posts\/5112\/revisions"}],"predecessor-version":[{"id":5114,"href":"https:\/\/www.enorsai.com\/noticias\/wp-json\/wp\/v2\/posts\/5112\/revisions\/5114"}],"wp:featuredmedia":[{"embeddable":true,"href":"https:\/\/www.enorsai.com\/noticias\/wp-json\/wp\/v2\/media\/5111"}],"wp:attachment":[{"href":"https:\/\/www.enorsai.com\/noticias\/wp-json\/wp\/v2\/media?parent=5112"}],"wp:term":[{"taxonomy":"category","embeddable":true,"href":"https:\/\/www.enorsai.com\/noticias\/wp-json\/wp\/v2\/categories?post=5112"},{"taxonomy":"post_tag","embeddable":true,"href":"https:\/\/www.enorsai.com\/noticias\/wp-json\/wp\/v2\/tags?post=5112"}],"curies":[{"name":"wp","href":"https:\/\/api.w.org\/{rel}","templated":true}]}}