{"id":5110,"date":"2025-06-11T19:07:07","date_gmt":"2025-06-11T22:07:07","guid":{"rendered":"https:\/\/www.enorsai.com\/noticias\/sociedad\/gomeria-movil-u-operativo-de-infiltracion-la-pfa-y-los-metodos-de-provocacion-en-marchas-sociales\/"},"modified":"2025-06-11T19:07:07","modified_gmt":"2025-06-11T22:07:07","slug":"gomeria-movil-u-operativo-de-infiltracion-la-pfa-y-los-metodos-de-provocacion-en-marchas-sociales","status":"publish","type":"post","link":"https:\/\/www.enorsai.com\/noticias\/sociedad\/gomeria-movil-u-operativo-de-infiltracion-la-pfa-y-los-metodos-de-provocacion-en-marchas-sociales\/","title":{"rendered":"\u00bfGomer\u00eda m\u00f3vil u operativo de infiltraci\u00f3n? La PFA y los m\u00e9todos de provocaci\u00f3n en marchas sociales"},"content":{"rendered":"\n<p>Una imagen vale m\u00e1s que mil palabras, y la que circul\u00f3 recientemente en redes sociales no deja lugar a muchas dudas. Un grupo de agentes de la Polic\u00eda Federal Argentina (PFA), perfectamente identificados con camperas oficiales, custodia una camioneta cargada hasta el tope de neum\u00e1ticos usados en pleno centro porte\u00f1o. La escena fue captada por un transe\u00fante y r\u00e1pidamente se viraliz\u00f3 acompa\u00f1ada de una pregunta mordaz: \u201c\u00bfLos muchachos de Patricia Bullrich pusieron una gomer\u00eda, o van a infiltrarse para pudrir marchas?\u201d.<br><br>La pregunta no es capciosa. Es leg\u00edtima. Porque en tiempos donde el Ministerio de Seguridad parece m\u00e1s enfocado en el control de la protesta que en la seguridad ciudadana, ver una camioneta oficial cargada de gomas no puede m\u00e1s que encender todas las alarmas. \u00bfQu\u00e9 hace un cuerpo policial transportando un arsenal simb\u00f3lico de la protesta social? \u00bfA d\u00f3nde iban esas cubiertas? \u00bfPara qu\u00e9 ser\u00edan utilizadas?<br><br>Lo m\u00e1s grave es el contexto: esta escena ocurri\u00f3 este mi\u00e9rcoles, en el marco de la tradicional marcha de los jubilados, un reclamo pac\u00edfico que se repite todos los meses y que tiene un \u00fanico objetivo: exigir una jubilaci\u00f3n digna para quienes trabajaron toda su vida. No hay disturbios, no hay violencia, no hay agresiones. Solo personas mayores caminando, con pancartas, con dignidad, y con una demanda justa frente a un Estado que los ha condenado a la miseria.<\/p>\n\n\n\n<figure class=\"wp-block-embed is-type-rich is-provider-twitter wp-block-embed-twitter\"><div class=\"wp-block-embed__wrapper\">\n<blockquote class=\"twitter-tweet\" data-width=\"550\" data-dnt=\"true\"><p lang=\"es\" dir=\"ltr\">Hola <a href=\"https:\/\/twitter.com\/PatoBullrich?ref_src=twsrc%5Etfw\">@PatoBullrich<\/a> , tus muchachos pusieron una gomeria, o van a infiltrarse para pudrir marchas? <a href=\"https:\/\/t.co\/lZF8LpohOM\">pic.twitter.com\/lZF8LpohOM<\/a><\/p>&mdash; Vengador Recargado (@El_vengaK) <a href=\"https:\/\/twitter.com\/El_vengaK\/status\/1932787717181747254?ref_src=twsrc%5Etfw\">June 11, 2025<\/a><\/blockquote><script async src=\"https:\/\/platform.twitter.com\/widgets.js\" charset=\"utf-8\"><\/script>\n<\/div><\/figure>\n\n\n\n<p><br><br>Entonces, \u00bfpor qu\u00e9 la polic\u00eda se moviliza con una camioneta cargada de neum\u00e1ticos en un d\u00eda as\u00ed? \u00bfEst\u00e1n preparando un montaje? \u00bfVan a infiltrar la protesta con elementos que simulen disturbios para luego justificar una represi\u00f3n?<br><br>Los antecedentes de infiltraci\u00f3n policial en marchas son numerosos. Desde los \u201cagentes encubiertos\u201d que instigan violencia para luego permitir la intervenci\u00f3n represiva, hasta los veh\u00edculos no identificados que terminan siendo parte de operativos para provocar incidentes. Las fuerzas de seguridad \u2014bajo la conducci\u00f3n de Patricia Bullrich, actual ministra de Seguridad del gobierno de Javier Milei\u2014 no han hecho m\u00e1s que profundizar esta estrategia: tensionar al l\u00edmite el derecho a la protesta, convertir cada manifestaci\u00f3n en un potencial \u201cdelito\u201d, y utilizar infiltrados para justificar palos, gases y detenciones arbitrarias.<br><br>La imagen de los agentes de la PFA con una camioneta Nissan cargada de cubiertas (patente AB 674 CO) podr\u00eda parecer un detalle anecd\u00f3tico, pero en realidad expone con claridad el modo en que opera el aparato represivo estatal: con m\u00e9todos de inteligencia encubierta, provocaci\u00f3n y montaje. Porque no hay raz\u00f3n l\u00f3gica para que una fuerza de seguridad acopie neum\u00e1ticos a plena luz del d\u00eda, en una esquina transitada, salvo que se trate de una operaci\u00f3n de montaje o preparaci\u00f3n para infiltrar una manifestaci\u00f3n.<br><br>Este tipo de maniobras buscan generar caos en movilizaciones leg\u00edtimas. Si la protesta es pac\u00edfica, se infiltran elementos que desborden la situaci\u00f3n: quemas, agresiones, disturbios. Luego, con las c\u00e1maras enfocando el \u201cdesborde\u201d, llega la orden de reprimir. Y el mensaje medi\u00e1tico ya est\u00e1 servido: \u201cLa protesta fue violenta, la polic\u00eda actu\u00f3 en defensa propia\u201d.<br><br>La represi\u00f3n no necesita justificaci\u00f3n cuando los hechos son manipulados desde su origen. Por eso, denunciar estas pr\u00e1cticas no es paranoia: es defensa de los derechos democr\u00e1ticos. La protesta no es delito. Pero infiltrar y montar provocaciones desde el Estado s\u00ed deber\u00eda serlo.<br><br>En un contexto de ajuste brutal, con recortes en educaci\u00f3n, salud, jubilaciones y pol\u00edticas sociales, la calle sigue siendo el \u00fanico espacio de expresi\u00f3n para muchos sectores. Pero si la polic\u00eda act\u00faa como fuerza de choque al servicio del gobierno, y no como garante de derechos, lo que est\u00e1 en juego ya no es solo el derecho a protestar: es la misma democracia.<\/p>\n","protected":false},"excerpt":{"rendered":"<p>Una imagen vale m\u00e1s que mil palabras, y la que circul\u00f3 recientemente en redes sociales no deja lugar a muchas dudas. Un grupo de agentes de la Polic\u00eda Federal Argentina (PFA), perfectamente identificados con camperas oficiales, custodia una camioneta cargada hasta el tope de neum\u00e1ticos usados en pleno centro porte\u00f1o. La escena fue captada por&#8230;<\/p>\n","protected":false},"author":2,"featured_media":5109,"comment_status":"open","ping_status":"open","sticky":false,"template":"","format":"standard","meta":{"_monsterinsights_skip_tracking":false,"_monsterinsights_sitenote_active":false,"_monsterinsights_sitenote_note":"","_monsterinsights_sitenote_category":0,"footnotes":"","jetpack_publicize_message":"","jetpack_publicize_feature_enabled":true,"jetpack_social_post_already_shared":true,"jetpack_social_options":{"image_generator_settings":{"template":"highway","default_image_id":0,"font":"","enabled":false},"version":2}},"categories":[4],"tags":[],"class_list":["post-5110","post","type-post","status-publish","format-standard","has-post-thumbnail","hentry","category-sociedad"],"jetpack_publicize_connections":[],"_links":{"self":[{"href":"https:\/\/www.enorsai.com\/noticias\/wp-json\/wp\/v2\/posts\/5110","targetHints":{"allow":["GET"]}}],"collection":[{"href":"https:\/\/www.enorsai.com\/noticias\/wp-json\/wp\/v2\/posts"}],"about":[{"href":"https:\/\/www.enorsai.com\/noticias\/wp-json\/wp\/v2\/types\/post"}],"author":[{"embeddable":true,"href":"https:\/\/www.enorsai.com\/noticias\/wp-json\/wp\/v2\/users\/2"}],"replies":[{"embeddable":true,"href":"https:\/\/www.enorsai.com\/noticias\/wp-json\/wp\/v2\/comments?post=5110"}],"version-history":[{"count":0,"href":"https:\/\/www.enorsai.com\/noticias\/wp-json\/wp\/v2\/posts\/5110\/revisions"}],"wp:featuredmedia":[{"embeddable":true,"href":"https:\/\/www.enorsai.com\/noticias\/wp-json\/wp\/v2\/media\/5109"}],"wp:attachment":[{"href":"https:\/\/www.enorsai.com\/noticias\/wp-json\/wp\/v2\/media?parent=5110"}],"wp:term":[{"taxonomy":"category","embeddable":true,"href":"https:\/\/www.enorsai.com\/noticias\/wp-json\/wp\/v2\/categories?post=5110"},{"taxonomy":"post_tag","embeddable":true,"href":"https:\/\/www.enorsai.com\/noticias\/wp-json\/wp\/v2\/tags?post=5110"}],"curies":[{"name":"wp","href":"https:\/\/api.w.org\/{rel}","templated":true}]}}