{"id":5106,"date":"2025-06-11T18:24:12","date_gmt":"2025-06-11T21:24:12","guid":{"rendered":"https:\/\/www.enorsai.com\/noticias\/politica\/donde-esta-el-paro-general-de-la-cgt\/"},"modified":"2025-06-11T18:30:23","modified_gmt":"2025-06-11T21:30:23","slug":"donde-esta-el-paro-general-de-la-cgt","status":"publish","type":"post","link":"https:\/\/www.enorsai.com\/noticias\/politica\/donde-esta-el-paro-general-de-la-cgt\/","title":{"rendered":"\u00bfD\u00f3nde est\u00e1 el Paro General de la CGT?"},"content":{"rendered":"\n<p>En medio de una escalada pol\u00edtica sin precedentes, tras la confirmaci\u00f3n de la condena contra Cristina Fern\u00e1ndez de Kirchner por parte de la Corte Suprema, el silencio de la CGT se vuelve ensordecedor. Mientras las bases se mueven, mientras las calles arden de indignaci\u00f3n y los sectores populares se autoconvocan en defensa de la expresidenta, la central obrera m\u00e1s grande del pa\u00eds parece mirar para otro lado.<br><br>El primero en romper filas con esa par\u00e1lisis fue Sergio Palazzo, titular de la Asociaci\u00f3n Bancaria y diputado nacional por Uni\u00f3n por la Patria. No solo repudi\u00f3 el fallo que considera parte de una maniobra de proscripci\u00f3n, sino que fue m\u00e1s all\u00e1: exigi\u00f3 a la CGT que convoque de forma urgente a un paro general con movilizaci\u00f3n para acompa\u00f1ar a Cristina Kirchner en su posible entrega a la Justicia. \u201cTenemos que ser cientos de miles\u201d, sostuvo, al tiempo que reclam\u00f3 una interrupci\u00f3n total de actividades que permita al pueblo expresar su repudio al intento de desterrar pol\u00edticamente a quien sigue siendo una de las figuras m\u00e1s relevantes del campo popular.<br><br>Palazzo fue claro: no se trata de un gesto simb\u00f3lico, sino de una acci\u00f3n concreta para frenar un proceso que califica de injusto, digitado por los \u201cfactores de poder\u201d que pretenden borrar del mapa pol\u00edtico a CFK. Habl\u00f3 con H\u00e9ctor Daer, uno de los triunviros de la CGT, pero hasta ahora, el inmovilismo sigue marcando la t\u00f3nica de la central.<br><br>El fallo de la Corte \u2014que deja firme la sentencia a seis a\u00f1os de prisi\u00f3n e inhabilitaci\u00f3n para ejercer cargos p\u00fablicos\u2014 es interpretado por muchos sectores del peronismo como un intento de cerrar el ciclo kirchnerista a trav\u00e9s de la proscripci\u00f3n judicial. En ese contexto, la CGT se encuentra en el ojo de la tormenta, no solo por su tibieza ante el avasallamiento institucional, sino tambi\u00e9n por no estar a la altura del momento hist\u00f3rico que atraviesa el movimiento obrero.<br><br>Pablo Moyano, ex cosecretario general de la CGT y dirigente camionero, tambi\u00e9n sali\u00f3 a escena. En declaraciones a Futurock, denunci\u00f3 a los jueces de la Corte como \u201ctres delincuentes\u201d y llam\u00f3 a dejar de lado las internas para \u201cconstruir una alternativa para 2027\u201d. Pero, m\u00e1s all\u00e1 de sus declaraciones, tampoco hay una convocatoria clara a la acci\u00f3n por parte del sector que representa.<br><br>\u201cMuchas regionales se est\u00e1n autoconvocando. Los trabajadores, los movimientos sociales, se est\u00e1n organizando\u201d, dijo Moyano. Pero esa organizaci\u00f3n desde abajo, sin conducci\u00f3n centralizada, es una muestra m\u00e1s de la crisis de representaci\u00f3n que atraviesa hoy el sindicalismo tradicional, mientras las bases comienzan a moverse por su cuenta.<br><br>Cristina, seg\u00fan trascendi\u00f3, ya pidi\u00f3 la prisi\u00f3n domiciliaria. Pero m\u00e1s all\u00e1 de lo que decida el tribunal sobre su situaci\u00f3n personal, lo que est\u00e1 en juego no es solo la libertad de una dirigente pol\u00edtica, sino la vigencia de la democracia en Argentina. El intento de sacar de la cancha a la l\u00edder del principal movimiento opositor no puede ser tolerado sin resistencia.<br><br>La pregunta, entonces, cae por su propio peso: \u00bfD\u00f3nde est\u00e1 el paro general de la CGT? \u00bfD\u00f3nde est\u00e1 la central obrera que hist\u00f3ricamente se levant\u00f3 en defensa de los derechos populares, que enfrent\u00f3 dictaduras, que supo hacer temblar gobiernos enteros en defensa de sus trabajadores?<br><br>Es momento de definiciones. Si la CGT quiere seguir siendo un actor relevante del mapa pol\u00edtico y social, no puede seguir escondida en el silencio c\u00f3mplice ni parapetada en tibias declaraciones. No alcanza con las autoconvocatorias ni con la indignaci\u00f3n en redes sociales. Hace falta un paro nacional, masivo, contundente, que deje en claro que no habr\u00e1 proscripci\u00f3n sin respuesta.<br><br>De lo contrario, la historia lo registrar\u00e1: cuando quisieron encarcelar a Cristina, la CGT mir\u00f3 para otro lado. Y eso, para una central que se dice peronista, es una mancha que no se borra f\u00e1cilmente.<\/p>\n\n\n\n<p><br>Fuente: <\/p>\n\n\n\n<ul class=\"wp-block-list\">\n<li>https:\/\/www.tiempoar.com.ar\/ta_article\/palazzo-cgt-paro-general\/amp\/<\/li>\n<\/ul>\n","protected":false},"excerpt":{"rendered":"<p>En medio de una escalada pol\u00edtica sin precedentes, tras la confirmaci\u00f3n de la condena contra Cristina Fern\u00e1ndez de Kirchner por parte de la Corte Suprema, el silencio de la CGT se vuelve ensordecedor. Mientras las bases se mueven, mientras las calles arden de indignaci\u00f3n y los sectores populares se autoconvocan en defensa de la expresidenta,&#8230;<\/p>\n","protected":false},"author":9,"featured_media":5108,"comment_status":"open","ping_status":"open","sticky":false,"template":"","format":"standard","meta":{"_monsterinsights_skip_tracking":false,"_monsterinsights_sitenote_active":false,"_monsterinsights_sitenote_note":"","_monsterinsights_sitenote_category":0,"footnotes":"","jetpack_publicize_message":"","jetpack_publicize_feature_enabled":true,"jetpack_social_post_already_shared":true,"jetpack_social_options":{"image_generator_settings":{"template":"highway","default_image_id":0,"font":"","enabled":false},"version":2}},"categories":[2],"tags":[],"class_list":["post-5106","post","type-post","status-publish","format-standard","has-post-thumbnail","hentry","category-politica"],"jetpack_publicize_connections":[],"_links":{"self":[{"href":"https:\/\/www.enorsai.com\/noticias\/wp-json\/wp\/v2\/posts\/5106","targetHints":{"allow":["GET"]}}],"collection":[{"href":"https:\/\/www.enorsai.com\/noticias\/wp-json\/wp\/v2\/posts"}],"about":[{"href":"https:\/\/www.enorsai.com\/noticias\/wp-json\/wp\/v2\/types\/post"}],"author":[{"embeddable":true,"href":"https:\/\/www.enorsai.com\/noticias\/wp-json\/wp\/v2\/users\/9"}],"replies":[{"embeddable":true,"href":"https:\/\/www.enorsai.com\/noticias\/wp-json\/wp\/v2\/comments?post=5106"}],"version-history":[{"count":1,"href":"https:\/\/www.enorsai.com\/noticias\/wp-json\/wp\/v2\/posts\/5106\/revisions"}],"predecessor-version":[{"id":5107,"href":"https:\/\/www.enorsai.com\/noticias\/wp-json\/wp\/v2\/posts\/5106\/revisions\/5107"}],"wp:featuredmedia":[{"embeddable":true,"href":"https:\/\/www.enorsai.com\/noticias\/wp-json\/wp\/v2\/media\/5108"}],"wp:attachment":[{"href":"https:\/\/www.enorsai.com\/noticias\/wp-json\/wp\/v2\/media?parent=5106"}],"wp:term":[{"taxonomy":"category","embeddable":true,"href":"https:\/\/www.enorsai.com\/noticias\/wp-json\/wp\/v2\/categories?post=5106"},{"taxonomy":"post_tag","embeddable":true,"href":"https:\/\/www.enorsai.com\/noticias\/wp-json\/wp\/v2\/tags?post=5106"}],"curies":[{"name":"wp","href":"https:\/\/api.w.org\/{rel}","templated":true}]}}