{"id":510,"date":"2025-02-02T23:19:36","date_gmt":"2025-02-03T02:19:36","guid":{"rendered":"https:\/\/www.enorsai.com\/noticias\/?p=510"},"modified":"2025-02-03T08:10:39","modified_gmt":"2025-02-03T11:10:39","slug":"karina-milei-intento-competir-con-la-marcha-del-orgullo-antifascista-pero-su-campana-de-afiliacion-en-devoto-fue-un-rotundo-fracaso","status":"publish","type":"post","link":"https:\/\/www.enorsai.com\/noticias\/politica\/karina-milei-intento-competir-con-la-marcha-del-orgullo-antifascista-pero-su-campana-de-afiliacion-en-devoto-fue-un-rotundo-fracaso\/","title":{"rendered":"Karina Milei intent\u00f3 competir con la marcha del Orgullo Antifascista, pero su campa\u00f1a de afiliaci\u00f3n en Devoto fue un rotundo fracaso"},"content":{"rendered":"\n<p><strong><em>En un intento por consolidar su base pol\u00edtica, Karina Milei lider\u00f3 una jornada de afiliaci\u00f3n en su barrio natal. Sin embargo, la escasa concurrencia y las comparaciones con la masiva marcha antifascista dejaron en evidencia la desconexi\u00f3n del gobierno con la realidad social.<br><\/em><\/strong><br>El s\u00e1bado pasado, mientras miles de personas marchaban en las principales ciudades del pa\u00eds en defensa de los derechos LGBTQ+ y en rechazo al discurso homof\u00f3bico del presidente Javier Milei en Davos, su hermana Karina intent\u00f3 robar c\u00e1mara con una campa\u00f1a de afiliaci\u00f3n a La Libertad Avanza (LLA) en el barrio de Devoto. El resultado fue un fracaso estrepitoso que no solo expuso la falta de convocatoria del partido oficialista, sino tambi\u00e9n su incapacidad para conectar con las demandas sociales.<br><br>Karina Milei, secretaria general de la Naci\u00f3n y presidenta de LLA, organiz\u00f3 el evento con la esperanza de afiliar a cientos de simpatizantes. Sin embargo, la realidad fue muy distinta. Seg\u00fan testimonios recogidos por LPO, apenas 200 o 300 personas se acercaron al lugar, una cifra irrisoria comparada con la multitudinaria marcha del Orgullo Antifascista que se desarrollaba al mismo tiempo. \u00abHab\u00eda m\u00e1s pancheros que gente para afiliarse\u00bb, coment\u00f3 con amargura un militante libertario, evidenciando la frustraci\u00f3n dentro del partido.<br><br>El operativo, que incluy\u00f3 la presencia del cineasta Santiago Oria y otros funcionarios cercanos a Karina, fue un despliegue de recursos que termin\u00f3 en un fiasco. Oria, conocido por su cercan\u00eda al r\u00e9gimen, tuvo que recurrir a planos cortos para evitar que se notara la falta de p\u00fablico. La imagen de Karina utilizada en la promoci\u00f3n del evento tambi\u00e9n gener\u00f3 pol\u00e9mica en redes sociales, donde muchos usuarios la compararon con Myriam Bregman, l\u00edder del Partido de los Trabajadores Socialistas (PTS), un gui\u00f1o ir\u00f3nico que no pas\u00f3 desapercibido.<\/p>\n\n\n\n<div class=\"wp-block-jetpack-related-posts\">\n<h3 class=\"wp-block-heading\">Te puede interesar<\/h3>\n<\/div>\n\n\n\n<p><br><br>Este no es el primer traspi\u00e9 de Karina en su intento por consolidar el partido. Recordemos el acto en Parque Lezama del a\u00f1o pasado, donde la concurrencia tambi\u00e9n fue m\u00ednima. Parece que la estrategia de afiliaci\u00f3n masiva no est\u00e1 dando los frutos esperados, y esto podr\u00eda ser un reflejo del desgaste que est\u00e1 sufriendo el gobierno de Javier Milei. <br><br>El libertarismo, que lleg\u00f3 al poder con promesas de cambio y una ret\u00f3rica antiestablishment, parece estar perdiendo fuelle. La desconexi\u00f3n con la realidad social es evidente. Mientras el pa\u00eds enfrenta una ola de calor hist\u00f3rica, problemas de inseguridad y una creciente inflaci\u00f3n, el oficialismo parece m\u00e1s preocupado por afiliar militantes que por resolver los problemas urgentes de la poblaci\u00f3n.<br><br>Karina Milei, quien tambi\u00e9n es vista como una posible candidata a futuras elecciones, no logra capitalizar el apoyo popular. Su figura, lejos de ser un im\u00e1n para los votantes, se ha convertido en un s\u00edmbolo de la desconexi\u00f3n del gobierno con las necesidades reales de la gente. Su intento por competir con la marcha del Orgullo Antifascista, un evento que reuni\u00f3 a cientos de miles de personas en todo el pa\u00eds, fue un error estrat\u00e9gico que solo sirvi\u00f3 para evidenciar su falta de sinton\u00eda con la sociedad.<br><br>El gobierno de Javier Milei, que lleg\u00f3 al poder con un discurso disruptivo y promesas de cambio radical, parece estar perdiendo su br\u00fajula. La falta de convocatoria en eventos como este no solo es un golpe para el partido, sino tambi\u00e9n una se\u00f1al de que el descontento social est\u00e1 creciendo.<br><br><strong>Fuentes<\/strong>:<\/p>\n\n\n\n<ul class=\"wp-block-list\">\n<li><a href=\"https:\/\/www.lapoliticaonline.com\/politica\/karina-quiso-competir-con-la-marcha-pero-su-campana-de-afiliacion-fue-un-fracaso\/\">https:\/\/www.lapoliticaonline.com\/politica\/karina-quiso-competir-con-la-marcha-pero-su-campana-de-afiliacion-fue-un-fracaso\/<\/a><\/li>\n\n\n\n<li><a href=\"https:\/\/www.infobae.com\/politica\/2025\/02\/02\/karina-milei-encabezo-una-jornada-de-afiliacion-de-la-libertad-avanza-en-la-ciudad-buenos-aires\/\">https:\/\/www.infobae.com\/politica\/2025\/02\/02\/karina-milei-encabezo-una-jornada-de-afiliacion-de-la-libertad-avanza-en-la-ciudad-buenos-aires\/<\/a><\/li>\n\n\n\n<li><a href=\"https:\/\/www.agenciahoy.com\/noticia\/indican-que-la-campana-de-afiliacion-a-lla-de-karina-milei-fue-un-fracaso-en-caba\">https:\/\/www.agenciahoy.com\/noticia\/indican-que-la-campana-de-afiliacion-a-lla-de-karina-milei-fue-un-fracaso-en-caba<\/a><\/li>\n<\/ul>\n\n\n","protected":false},"excerpt":{"rendered":"<p>Karina Milei intent\u00f3 competir con la masiva marcha del Orgullo Antifascista con una campa\u00f1a de afiliaci\u00f3n en Devoto, pero la escasa concurrencia evidenci\u00f3 el fracaso. El evento apenas reuni\u00f3 a 200 personas<\/p>\n","protected":false},"author":9,"featured_media":561,"comment_status":"open","ping_status":"open","sticky":false,"template":"","format":"standard","meta":{"_monsterinsights_skip_tracking":false,"_monsterinsights_sitenote_active":false,"_monsterinsights_sitenote_note":"","_monsterinsights_sitenote_category":0,"footnotes":"","jetpack_publicize_message":"","jetpack_publicize_feature_enabled":true,"jetpack_social_post_already_shared":true,"jetpack_social_options":{"image_generator_settings":{"template":"highway","default_image_id":0,"font":"","enabled":false},"version":2}},"categories":[2],"tags":[176,175,177,27,174,134],"class_list":["post-510","post","type-post","status-publish","format-standard","has-post-thumbnail","hentry","category-politica","tag-afiliacion","tag-antifascista","tag-fracaso","tag-gobierno","tag-karina-milei","tag-orgullo"],"jetpack_publicize_connections":[],"_links":{"self":[{"href":"https:\/\/www.enorsai.com\/noticias\/wp-json\/wp\/v2\/posts\/510","targetHints":{"allow":["GET"]}}],"collection":[{"href":"https:\/\/www.enorsai.com\/noticias\/wp-json\/wp\/v2\/posts"}],"about":[{"href":"https:\/\/www.enorsai.com\/noticias\/wp-json\/wp\/v2\/types\/post"}],"author":[{"embeddable":true,"href":"https:\/\/www.enorsai.com\/noticias\/wp-json\/wp\/v2\/users\/9"}],"replies":[{"embeddable":true,"href":"https:\/\/www.enorsai.com\/noticias\/wp-json\/wp\/v2\/comments?post=510"}],"version-history":[{"count":4,"href":"https:\/\/www.enorsai.com\/noticias\/wp-json\/wp\/v2\/posts\/510\/revisions"}],"predecessor-version":[{"id":581,"href":"https:\/\/www.enorsai.com\/noticias\/wp-json\/wp\/v2\/posts\/510\/revisions\/581"}],"wp:featuredmedia":[{"embeddable":true,"href":"https:\/\/www.enorsai.com\/noticias\/wp-json\/wp\/v2\/media\/561"}],"wp:attachment":[{"href":"https:\/\/www.enorsai.com\/noticias\/wp-json\/wp\/v2\/media?parent=510"}],"wp:term":[{"taxonomy":"category","embeddable":true,"href":"https:\/\/www.enorsai.com\/noticias\/wp-json\/wp\/v2\/categories?post=510"},{"taxonomy":"post_tag","embeddable":true,"href":"https:\/\/www.enorsai.com\/noticias\/wp-json\/wp\/v2\/tags?post=510"}],"curies":[{"name":"wp","href":"https:\/\/api.w.org\/{rel}","templated":true}]}}