{"id":5098,"date":"2025-06-11T16:24:40","date_gmt":"2025-06-11T19:24:40","guid":{"rendered":"http:\/\/www.enorsai.com\/noticias\/?p=5098"},"modified":"2025-06-11T16:24:40","modified_gmt":"2025-06-11T19:24:40","slug":"jose-ubeira-detras-del-atentado-a-cristina-esta-patricia-bullrich","status":"publish","type":"post","link":"https:\/\/www.enorsai.com\/noticias\/politica\/jose-ubeira-detras-del-atentado-a-cristina-esta-patricia-bullrich\/","title":{"rendered":"Jos\u00e9 Ubeira: Detr\u00e1s del atentado a Cristina \u00abest\u00e1 Patricia Bullrich\u201d"},"content":{"rendered":"\n<p><strong>Jos\u00e9 Ubeira acusa a la ministra de Seguridad de estar detr\u00e1s del intento de magnicidio, mientras denuncia una justicia selectiva, c\u00ednica y funcional a los sectores que buscan encarcelar a la principal figura pol\u00edtica del pa\u00eds.<\/strong><\/p>\n\n\n\n<p>El fallo expr\u00e9s que deja firme la condena contra Cristina Fern\u00e1ndez de Kirchner expone, seg\u00fan su abogado, un entramado judicial que no solo ignora los principios del derecho, sino que responde a intereses oscuros. La sombra de Patricia Bullrich sobrevuela como presunta instigadora del atentado, y la ministra, parad\u00f3jicamente, ser\u00eda la encargada de custodiar la celda de la l\u00edder m\u00e1s influyente del pa\u00eds. \u00bfHasta d\u00f3nde llega el cinismo del poder?<\/p>\n\n\n\n<p>En la Argentina de Javier Milei, el sentido com\u00fan se ha convertido en un privilegio reservado a los anestesiados. Mientras los precios se disparan, la pobreza se multiplica y la econom\u00eda sangra por todas sus venas, la Corte Suprema acelera como pocas veces para dejar firme la condena contra Cristina Fern\u00e1ndez de Kirchner. El contexto no es casual: una crisis formidable azota al pa\u00eds y las piezas del tablero pol\u00edtico se reordenan a fuerza de persecuciones, manipulaci\u00f3n judicial y operaciones medi\u00e1ticas.<\/p>\n\n\n\n<figure class=\"wp-block-embed is-type-video is-provider-youtube wp-block-embed-youtube wp-embed-aspect-16-9 wp-has-aspect-ratio\"><div class=\"wp-block-embed__wrapper\">\n<iframe loading=\"lazy\" title=\"Jos\u00e9 Ubeira: &quot;Atr\u00e1s del atentado a Cristina est\u00e1 Patricia Bullrich\u201d\" width=\"640\" height=\"360\" src=\"https:\/\/www.youtube.com\/embed\/_BdFsoSv5LU?start=139&#038;feature=oembed\" frameborder=\"0\" allow=\"accelerometer; autoplay; clipboard-write; encrypted-media; gyroscope; picture-in-picture; web-share\" referrerpolicy=\"strict-origin-when-cross-origin\" allowfullscreen><\/iframe>\n<\/div><\/figure>\n\n\n\n<p>Jos\u00e9 Manuel Ubeira, abogado de Cristina Kirchner en la causa por el intento de magnicidio del 1 de septiembre de 2022, no se anduvo con eufemismos. En declaraciones a Splendid AM 990, lanz\u00f3 una acusaci\u00f3n tan grave como explosiva: \u201cNo tengo dudas que detr\u00e1s del atentado a Cristina est\u00e1 Patricia Bullrich\u201d. No lo dice un comentarista de Twitter ni un militante acalorado. Lo afirma un abogado con a\u00f1os de experiencia en tribunales, alguien que conoce las entra\u00f1as del aparato judicial y que no se caracteriza precisamente por la ligereza de sus palabras.<\/p>\n\n\n\n<p>La declaraci\u00f3n estalla como una bomba en medio de un clima pol\u00edtico espeso, donde el lawfare dej\u00f3 de ser una teor\u00eda para convertirse en pr\u00e1ctica habitual. El oficialismo libertario parece encontrar en la proscripci\u00f3n pol\u00edtica una herramienta \u00fatil para consolidar su modelo de ajuste brutal y represi\u00f3n selectiva. La paradoja resulta brutal: Bullrich, la ministra de Seguridad, es se\u00f1alada por Ubeira como part\u00edcipe \u2014o al menos como figura de poder detr\u00e1s de bambalinas\u2014 del intento de asesinato de quien podr\u00eda terminar detenida bajo su custodia. Como si el lobo no solo entrara al gallinero, sino que adem\u00e1s se autoproclamara guardi\u00e1n.<\/p>\n\n\n\n<p>Ubeira no habla al azar. Advierte que la condena firme, sin revisi\u00f3n alguna, constituye \u201cun tiro en el pie\u201d por parte de una Justicia que opt\u00f3 por cerrar los ojos frente a los vicios del proceso. \u201cResolvieron un recurso de queja en dos meses, cuando la causa por la \u2018Ruta del Dinero K\u2019 estuvo dos a\u00f1os en la misma Corte\u201d, record\u00f3, subrayando el doble est\u00e1ndar con el que se mueve el Poder Judicial. En tiempos donde se defiende la \u201clibertad\u201d a golpe de porra y decreto, la igualdad ante la ley parece un chiste de mal gusto.<\/p>\n\n\n\n<p>La sentencia contra Cristina no solo se inscribe en ese engranaje macabro de lawfare que ya hundi\u00f3 a l\u00edderes progresistas en Am\u00e9rica Latina, sino que adem\u00e1s opera como cortina de humo en un pa\u00eds que se hunde bajo el peso del ajuste. Como quien lanza un anzuelo distractivo al pueblo hambriento, la condena pretende encender la hoguera medi\u00e1tica para ocultar el desguace del Estado. El objetivo no es la justicia, es el escarnio. No se trata de hechos, sino de simbolismos: Cristina presa es el trofeo que la derecha necesita para legitimar su saqueo.<\/p>\n\n\n\n<p>\u201cEn Argentina, cualquier presidente que haya hecho algo en beneficio del pa\u00eds pas\u00f3 por la c\u00e1rcel: Yrigoyen, Per\u00f3n, Frondizi\u2026\u201d, enumer\u00f3 Ubeira. Lo dijo con tono entre resignado y combativo, como quien ve repetirse la historia con la precisi\u00f3n tr\u00e1gica de un libreto gastado. Que la dirigente pol\u00edtica m\u00e1s importante del pa\u00eds \u2014dos veces presidenta, actual vicepresidenta, sobreviviente de un intento de asesinato\u2014 sea condenada con premura mientras las causas de corrupci\u00f3n del macrismo duermen el sue\u00f1o de los justos, no solo evidencia la selectividad del sistema judicial, sino que denuncia su absoluta p\u00e9rdida de legitimidad.<\/p>\n\n\n\n<p>Y es aqu\u00ed donde el abogado lanza su hip\u00f3tesis m\u00e1s perturbadora: la Justicia, al precipitarse con la condena y al ignorar el contexto pol\u00edtico y social, estar\u00eda actuando como un actor m\u00e1s del poder f\u00e1ctico, deseoso de ver a Cristina tras las rejas. \u201cLo hacen para satisfacer a algunos que no se quieren morir sin verla presa\u201d, afirm\u00f3 con crudeza. No hay vocaci\u00f3n republicana ni defensa del bien com\u00fan. Solo venganza, odio de clase y obediencia al c\u00edrculo rojo.<\/p>\n\n\n\n<p>En este juego de ajedrez sucio, Patricia Bullrich aparece como una figura central. Ya no solo como la ministra del gas pimienta, la Gestapo sindical o la represi\u00f3n sin anestesia, sino ahora tambi\u00e9n como el rostro visible de una maquinaria que \u2014seg\u00fan Ubeira\u2014 no se detiene ante nada. Ni siquiera ante el magnicidio. \u00bfEs exagerado suponer que quien pidi\u00f3 \u201cc\u00e1rcel o bala\u201d para los adversarios pol\u00edticos podr\u00eda estar vinculada a un atentado? \u00bfAcaso la Argentina de hoy se puede permitir ignorar esa posibilidad sin caer en la complicidad?<\/p>\n\n\n\n<p>El car\u00e1cter grotesco de esta historia supera incluso al realismo m\u00e1gico. Si Cristina es detenida, ser\u00e1 la propia Bullrich quien decida el lugar de su encierro. La misma mujer que \u2014seg\u00fan el abogado\u2014 estuvo detr\u00e1s del intento de matarla. Es como si el sistema judicial no solo se burlara de la democracia, sino que la ultrajara en p\u00fablico y con premeditaci\u00f3n. La l\u00f3gica se invierte: quien sufri\u00f3 un atentado va presa; quien podr\u00eda haberlo instigado, tiene las llaves de su celda.<\/p>\n\n\n\n<p>El escenario es tan dist\u00f3pico como real. El gobierno de Javier Milei, que se presenta como adalid del orden y la libertad, permite \u2014o estimula\u2014 la consolidaci\u00f3n de un modelo judicial que persigue a la oposici\u00f3n, premia la obediencia empresarial y clausura toda disidencia. El resultado es una democracia secuestrada, donde el Derecho se transforma en un instrumento de disciplinamiento pol\u00edtico.<\/p>\n\n\n\n<p>Ubeira lo advirti\u00f3 con todas las letras: \u201cAhora se abre la puerta del averno\u201d. No exagera. Una sociedad atravesada por el hambre, la violencia institucional y la exclusi\u00f3n sistem\u00e1tica, puede estallar si percibe que la pol\u00edtica se convierte en persecuci\u00f3n y la justicia en venganza. Cristina presa no es solo un s\u00edmbolo de impunidad; es un factor de desestabilizaci\u00f3n democr\u00e1tica. \u00bfQu\u00e9 pa\u00eds resiste semejante provocaci\u00f3n sin quebrarse?<\/p>\n\n\n\n<p>Quienes celebran la condena lo hacen con la mezquindad de quien cree que eliminar al adversario garantiza la victoria. Pero no hay victoria en la injusticia. Solo hay sombras, violencia y miedo. Argentina, nuevamente, se encuentra ante una encrucijada: permitir que el odio consuma las instituciones o resistir el embate del cinismo judicial y pol\u00edtico.<\/p>\n\n\n\n<p>La historia ya conoce los resultados de este tipo de aventuras. Presos pol\u00edticos, gobiernos democr\u00e1ticos asfixiados y pueblos condenados al hambre. Si el gobierno de Milei pretende escribir una nueva p\u00e1gina de persecuci\u00f3n institucional, encontrar\u00e1 resistencia. Porque el pueblo argentino, a pesar de las traiciones, conserva memoria.<\/p>\n\n\n\n<p>Y la memoria, cuando se activa, puede ser m\u00e1s poderosa que cualquier sentencia ama\u00f1ada.<\/p>\n\n\n\n<p>Fuente:<\/p>\n\n\n\n<ul class=\"wp-block-list\">\n<li><a href=\"https:\/\/noticiasargentinas.com\/politica\/la-gravisima-acusacion-del-abogado-de-cristina---detras-del-atentado-esta-patricia-bullrich-_a6849a96b64c430ae91391629\">https:\/\/noticiasargentinas.com\/politica\/la-gravisima-acusacion-del-abogado-de-cristina&#8212;detras-del-atentado-esta-patricia-bullrich-_a6849a96b64c430ae91391629<\/a><\/li>\n<\/ul>\n","protected":false},"excerpt":{"rendered":"<p>Jos\u00e9 Ubeira acusa a la ministra de Seguridad de estar detr\u00e1s del intento de magnicidio, mientras denuncia una justicia selectiva, c\u00ednica y funcional a los sectores que buscan encarcelar a la principal figura pol\u00edtica del pa\u00eds. El fallo expr\u00e9s que deja firme la condena contra Cristina Fern\u00e1ndez de Kirchner expone, seg\u00fan su abogado, un entramado&#8230;<\/p>\n","protected":false},"author":1,"featured_media":5099,"comment_status":"open","ping_status":"open","sticky":false,"template":"","format":"standard","meta":{"_monsterinsights_skip_tracking":false,"_monsterinsights_sitenote_active":false,"_monsterinsights_sitenote_note":"","_monsterinsights_sitenote_category":0,"footnotes":"","jetpack_publicize_message":"","jetpack_publicize_feature_enabled":true,"jetpack_social_post_already_shared":true,"jetpack_social_options":{"image_generator_settings":{"template":"highway","default_image_id":0,"font":"","enabled":false},"version":2}},"categories":[2],"tags":[],"class_list":["post-5098","post","type-post","status-publish","format-standard","has-post-thumbnail","hentry","category-politica"],"jetpack_publicize_connections":[],"_links":{"self":[{"href":"https:\/\/www.enorsai.com\/noticias\/wp-json\/wp\/v2\/posts\/5098","targetHints":{"allow":["GET"]}}],"collection":[{"href":"https:\/\/www.enorsai.com\/noticias\/wp-json\/wp\/v2\/posts"}],"about":[{"href":"https:\/\/www.enorsai.com\/noticias\/wp-json\/wp\/v2\/types\/post"}],"author":[{"embeddable":true,"href":"https:\/\/www.enorsai.com\/noticias\/wp-json\/wp\/v2\/users\/1"}],"replies":[{"embeddable":true,"href":"https:\/\/www.enorsai.com\/noticias\/wp-json\/wp\/v2\/comments?post=5098"}],"version-history":[{"count":1,"href":"https:\/\/www.enorsai.com\/noticias\/wp-json\/wp\/v2\/posts\/5098\/revisions"}],"predecessor-version":[{"id":5100,"href":"https:\/\/www.enorsai.com\/noticias\/wp-json\/wp\/v2\/posts\/5098\/revisions\/5100"}],"wp:featuredmedia":[{"embeddable":true,"href":"https:\/\/www.enorsai.com\/noticias\/wp-json\/wp\/v2\/media\/5099"}],"wp:attachment":[{"href":"https:\/\/www.enorsai.com\/noticias\/wp-json\/wp\/v2\/media?parent=5098"}],"wp:term":[{"taxonomy":"category","embeddable":true,"href":"https:\/\/www.enorsai.com\/noticias\/wp-json\/wp\/v2\/categories?post=5098"},{"taxonomy":"post_tag","embeddable":true,"href":"https:\/\/www.enorsai.com\/noticias\/wp-json\/wp\/v2\/tags?post=5098"}],"curies":[{"name":"wp","href":"https:\/\/api.w.org\/{rel}","templated":true}]}}