{"id":5089,"date":"2025-06-11T08:54:57","date_gmt":"2025-06-11T11:54:57","guid":{"rendered":"http:\/\/www.enorsai.com\/noticias\/?p=5089"},"modified":"2025-06-11T08:54:57","modified_gmt":"2025-06-11T11:54:57","slug":"cristina-kirchner-se-enfrenta-al-mas-brutal-ataque-politico-judicial-que-redefine-las-reglas-de-la-democracia-en-argentina","status":"publish","type":"post","link":"https:\/\/www.enorsai.com\/noticias\/politica\/cristina-kirchner-se-enfrenta-al-mas-brutal-ataque-politico-judicial-que-redefine-las-reglas-de-la-democracia-en-argentina\/","title":{"rendered":"Cristina Kirchner se enfrenta al m\u00e1s brutal ataque pol\u00edtico-judicial que redefine las reglas de la democracia en Argentina"},"content":{"rendered":"\n<p>El fallo de la Corte Suprema que sella el destino judicial de la expresidenta no es s\u00f3lo una sentencia penal: es un mensaje pol\u00edtico con olor a revancha. En un contexto marcado por el ajuste salvaje de Javier Milei, la ofensiva contra Cristina Fern\u00e1ndez de Kirchner se convierte en cortina de humo para tapar la devastaci\u00f3n social. Pero el operativo no s\u00f3lo busca silenciar a una figura clave del peronismo: pretende reescribir la historia y vaciar de contenido la voluntad popular.<\/p>\n\n\n\n<p>A las 01:00 del 11 de junio de 2025, mientras las calles de Buenos Aires a\u00fan resonaban con los ecos de la \u00faltima protesta universitaria, se conoci\u00f3 una noticia que golpe\u00f3 como un mazazo a la pol\u00edtica argentina: la Corte Suprema hab\u00eda dejado firme la condena contra Cristina Fern\u00e1ndez de Kirchner. Seis a\u00f1os de prisi\u00f3n por administraci\u00f3n fraudulenta y la inhabilitaci\u00f3n perpetua para ejercer cargos p\u00fablicos. Una decisi\u00f3n un\u00e1nime, veloz, quir\u00fargica. No hay m\u00e1s instancias nacionales a las que recurrir. Y lo m\u00e1s grave: no hay dudas de que lo que se juega aqu\u00ed va mucho m\u00e1s all\u00e1 del destino individual de una expresidenta.<\/p>\n\n\n\n<p>La maquinaria judicial ya est\u00e1 en movimiento. El Tribunal Oral Federal 2, a cargo del juez Jorge Gorini, notific\u00f3 a Cristina y a los otros ocho condenados: tienen cinco d\u00edas h\u00e1biles \u2014hasta el mi\u00e9rcoles pr\u00f3ximo\u2014 para presentarse ante la Justicia. Si no lo hacen, la orden de detenci\u00f3n ser\u00e1 inmediata. El espect\u00e1culo est\u00e1 servido. Lo que en otros pa\u00edses ser\u00eda un hecho jur\u00eddico, en Argentina se transforma en show pol\u00edtico, en linchamiento medi\u00e1tico, en oportunismo judicial.<\/p>\n\n\n\n<p>Pero \u00bfes justicia o escarmiento?<\/p>\n\n\n\n<p>Mientras Milei aplica con mano de hierro su ajuste libertario, destruye el sistema universitario, arrasa con derechos laborales y precariza hasta la esperanza, el foco medi\u00e1tico se corre hacia la figura de Cristina. \u00bfCasualidad? Dif\u00edcil de creer. En este momento de crisis estructural, la confirmaci\u00f3n de la condena aparece como un gesto dirigido a consolidar el relato de la antipol\u00edtica: todos los pol\u00edticos son corruptos, todos son parte del \u201csistema\u201d a destruir. Todos\u2026 menos los que gobiernan ahora, claro. Los que se enriquecen en d\u00f3lares mientras reparten miseria en pesos.<\/p>\n\n\n\n<p>La estrategia judicial contra Cristina no es nueva. Lleva a\u00f1os de acumulaci\u00f3n, de foros truchos, de jueces que almuerzan con esp\u00edas y fiscales que operan desde sets de televisi\u00f3n. La llamada \u201cCausa Vialidad\u201d, origen de esta condena, fue emblem\u00e1tica en su construcci\u00f3n: desde la manipulaci\u00f3n de pruebas hasta la selecci\u00f3n selectiva de acusados. La condena, ahora firme, no s\u00f3lo la excluye de la competencia electoral del 7 de septiembre en Buenos Aires: busca sepultarla pol\u00edticamente. Borrar del mapa a una dirigente que, con aciertos y errores, representa un proyecto nacional, popular y democr\u00e1tico que incomoda profundamente al poder econ\u00f3mico y medi\u00e1tico.<\/p>\n\n\n\n<p>\u00bfD\u00f3nde cumplir\u00e1 la pena? El juez Gorini pidi\u00f3 al Ministerio de Seguridad que le asigne una dependencia adecuada. Se supone que habr\u00e1 \u201cconsideraci\u00f3n espec\u00edfica\u201d por sus caracter\u00edsticas personales. Cristina tiene 72 a\u00f1os y, en ese sentido, su defensa puede solicitar el beneficio de la prisi\u00f3n domiciliaria, algo previsto en la legislaci\u00f3n argentina. Si se la otorgan, es probable que cumpla la condena en su domicilio del barrio porte\u00f1o de Constituci\u00f3n. Aunque, como todo en esta historia, ese detalle tambi\u00e9n ser\u00e1 explotado para la estigmatizaci\u00f3n: si la encarcelan, ser\u00e1 un \u201cacto de justicia\u201d; si va a su casa, ser\u00e1 \u201cun privilegio m\u00e1s\u201d.<\/p>\n\n\n\n<p>El mensaje est\u00e1 claro: quien ose disputar el poder real, paga caro. Y si lo hace desde una identidad popular, con apellido peronista, con peso electoral, peor a\u00fan.<\/p>\n\n\n\n<p>La jugada del oficialismo judicial no es inocente ni as\u00e9ptica. En plena campa\u00f1a, mientras el Gobierno de Milei revienta los sueldos y hunde las universidades p\u00fablicas, la escena de Cristina detenida o bajo arresto domiciliario funcionar\u00e1 como distracci\u00f3n y herramienta disciplinadora. Porque esto no se trata s\u00f3lo de Cristina. Se trata de lo que representa. De una matriz de pa\u00eds que garantiz\u00f3 derechos, redistribuy\u00f3 recursos y tuvo la osad\u00eda de enfrentar a las corporaciones. Un modelo que, con todos sus l\u00edmites, todav\u00eda despierta esperanzas en amplios sectores populares.<\/p>\n\n\n\n<p>En el terreno internacional, la expresidenta prepara una contraofensiva. Su abogado, Gregorio Dalb\u00f3n, anunci\u00f3 que el caso ser\u00e1 llevado ante la Comisi\u00f3n Interamericana de Derechos Humanos, la Corte Penal Internacional y el Consejo de Derechos Humanos de la ONU. Tiene seis meses para presentar la denuncia. Pero el da\u00f1o ya est\u00e1 hecho: la imagen de una l\u00edder pol\u00edtica condenada por corrupci\u00f3n ser\u00e1 usada hasta el hartazgo para equiparar a la militancia con el delito, al compromiso con el robo, a la pol\u00edtica con la traici\u00f3n.<\/p>\n\n\n\n<p>Mientras tanto, el escenario pol\u00edtico se recalienta. El peronismo se queda sin su figura m\u00e1s potente para las elecciones de septiembre en la provincia de Buenos Aires. La prohibici\u00f3n es categ\u00f3rica: la inhabilitaci\u00f3n perpetua ya fue comunicada a la C\u00e1mara Nacional Electoral. La intenci\u00f3n de Cristina de postularse a diputada se estrella contra el muro del lawfare. \u00bfQu\u00e9 puede hacer el peronismo ante esta avanzada? \u00bfReplegarse? \u00bfResignarse? \u00bfRenovarse? El interrogante est\u00e1 abierto, pero la sensaci\u00f3n dominante es que se est\u00e1 librando una batalla decisiva no s\u00f3lo por un liderazgo, sino por la posibilidad misma de una alternativa pol\u00edtica al ajuste feroz del oficialismo.<\/p>\n\n\n\n<p>La Argentina de hoy est\u00e1 sitiada. Por la inflaci\u00f3n, por el d\u00f3lar, por el hambre. Por un gobierno que celebra el cierre de universidades y el desmantelamiento del Estado mientras garantiza aumentos salariales a las fuerzas de seguridad. En este clima asfixiante, donde se criminaliza la protesta y se deslegitima toda disidencia, la condena a Cristina Fern\u00e1ndez de Kirchner aparece como una pieza m\u00e1s del engranaje represivo y disciplinador. No es casualidad, es m\u00e9todo.<\/p>\n\n\n\n<p>La democracia no se construye sobre sentencias dictadas entre bambalinas ni sobre operaciones judiciales ejecutadas con precisi\u00f3n quir\u00fargica. Se construye con debates abiertos, elecciones limpias y ciudadan\u00eda movilizada. Hoy, m\u00e1s que nunca, lo que est\u00e1 en juego no es el futuro de una persona. Es el alma de una naci\u00f3n.<\/p>\n\n\n\n<p>Y mientras Milei avanza con motosierra en mano, Cristina, con sus luces y sombras, se convierte en un s\u00edmbolo inc\u00f3modo para quienes quieren refundar la Argentina sobre las ruinas del Estado y el silencio de la pol\u00edtica. Silenciarla a ella es silenciar a millones. Pero la historia, ya lo sabemos, no siempre responde al capricho de los poderosos.<\/p>\n\n\n\n<p>Fuente:<\/p>\n\n\n\n<ul class=\"wp-block-list\">\n<li><a href=\"https:\/\/elpais.com\/argentina\/2025-06-11\/cuando-sera-detenida-cristina-kirchner-y-donde-cumplira-su-condena-a-seis-anos-de-carcel.html\">https:\/\/elpais.com\/argentina\/2025-06-11\/cuando-sera-detenida-cristina-kirchner-y-donde-cumplira-su-condena-a-seis-anos-de-carcel.html<\/a><\/li>\n<\/ul>\n","protected":false},"excerpt":{"rendered":"<p>El fallo de la Corte Suprema que sella el destino judicial de la expresidenta no es s\u00f3lo una sentencia penal: es un mensaje pol\u00edtico con olor a revancha. En un contexto marcado por el ajuste salvaje de Javier Milei, la ofensiva contra Cristina Fern\u00e1ndez de Kirchner se convierte en cortina de humo para tapar la&#8230;<\/p>\n","protected":false},"author":11,"featured_media":5090,"comment_status":"open","ping_status":"open","sticky":false,"template":"","format":"standard","meta":{"_monsterinsights_skip_tracking":false,"_monsterinsights_sitenote_active":false,"_monsterinsights_sitenote_note":"","_monsterinsights_sitenote_category":0,"footnotes":"","jetpack_publicize_message":"","jetpack_publicize_feature_enabled":true,"jetpack_social_post_already_shared":true,"jetpack_social_options":{"image_generator_settings":{"template":"highway","default_image_id":0,"font":"","enabled":false},"version":2}},"categories":[2],"tags":[],"class_list":["post-5089","post","type-post","status-publish","format-standard","has-post-thumbnail","hentry","category-politica"],"jetpack_publicize_connections":[],"_links":{"self":[{"href":"https:\/\/www.enorsai.com\/noticias\/wp-json\/wp\/v2\/posts\/5089","targetHints":{"allow":["GET"]}}],"collection":[{"href":"https:\/\/www.enorsai.com\/noticias\/wp-json\/wp\/v2\/posts"}],"about":[{"href":"https:\/\/www.enorsai.com\/noticias\/wp-json\/wp\/v2\/types\/post"}],"author":[{"embeddable":true,"href":"https:\/\/www.enorsai.com\/noticias\/wp-json\/wp\/v2\/users\/11"}],"replies":[{"embeddable":true,"href":"https:\/\/www.enorsai.com\/noticias\/wp-json\/wp\/v2\/comments?post=5089"}],"version-history":[{"count":1,"href":"https:\/\/www.enorsai.com\/noticias\/wp-json\/wp\/v2\/posts\/5089\/revisions"}],"predecessor-version":[{"id":5091,"href":"https:\/\/www.enorsai.com\/noticias\/wp-json\/wp\/v2\/posts\/5089\/revisions\/5091"}],"wp:featuredmedia":[{"embeddable":true,"href":"https:\/\/www.enorsai.com\/noticias\/wp-json\/wp\/v2\/media\/5090"}],"wp:attachment":[{"href":"https:\/\/www.enorsai.com\/noticias\/wp-json\/wp\/v2\/media?parent=5089"}],"wp:term":[{"taxonomy":"category","embeddable":true,"href":"https:\/\/www.enorsai.com\/noticias\/wp-json\/wp\/v2\/categories?post=5089"},{"taxonomy":"post_tag","embeddable":true,"href":"https:\/\/www.enorsai.com\/noticias\/wp-json\/wp\/v2\/tags?post=5089"}],"curies":[{"name":"wp","href":"https:\/\/api.w.org\/{rel}","templated":true}]}}