{"id":5085,"date":"2025-06-11T07:43:23","date_gmt":"2025-06-11T10:43:23","guid":{"rendered":"https:\/\/www.enorsai.com\/noticias\/?p=5085"},"modified":"2025-06-11T07:43:23","modified_gmt":"2025-06-11T10:43:23","slug":"con-la-claridad-de-siempre-cristina-sostuvo-que-le-pusieron-un-cepo-al-voto-popular","status":"publish","type":"post","link":"https:\/\/www.enorsai.com\/noticias\/politica\/con-la-claridad-de-siempre-cristina-sostuvo-que-le-pusieron-un-cepo-al-voto-popular\/","title":{"rendered":"Con la claridad de siempre: Cristina sostuvo que \u201cle pusieron un cepo al voto popular\u201d"},"content":{"rendered":"\n<p><strong><em>La ex presidenta habl\u00f3 ante la militancia peronista en la sede del PJ tras la ratificaci\u00f3n de su condena. Apunt\u00f3 contra la Corte y el gobierno de Milei.<\/em><\/strong><\/p>\n\n\n\n<p>La ex presidenta Cristina Fern\u00e1ndez de Kirchner rompi\u00f3 el silencio este martes por la tarde desde la sede del Partido Justicialista en Matheu 130, luego de que la Corte Suprema confirmara su condena a seis a\u00f1os de prisi\u00f3n e inhabilitaci\u00f3n perpetua para ejercer cargos p\u00fablicos por la causa Vialidad. En un encendido discurso ante la militancia, denunci\u00f3 que el fallo es un intento de proscripci\u00f3n directa y parte de un plan pol\u00edtico para desorganizar al movimiento nacional y popular.<\/p>\n\n\n\n<p>\u201cAdem\u00e1s del cepo al salario, ahora pusieron el cepo al voto popular\u201d, lanz\u00f3 la ex presidenta, en referencia a la imposibilidad de presentarse como candidata. Asegur\u00f3 que el fallo no tiene fundamento jur\u00eddico y que el verdadero objetivo es impedir que el peronismo recupere centralidad cuando \u201ceste monigote se caiga\u201d, en clara alusi\u00f3n a Javier Milei.<\/p>\n\n\n\n<p>Cristina acus\u00f3 a la Corte y al gobierno de estar ejecutando un plan conjunto: \u201cEste es un triunvirato que ejecuta \u00f3rdenes\u201d. Para la dos veces presidenta, la condena no es solo una venganza judicial, sino parte de un calendario armado para condicionar el escenario electoral de 2025 y 2027. \u201cEsta causa tiene un cronograma electoral\u201d, advirti\u00f3.<\/p>\n\n\n\n<p>La ratificaci\u00f3n de la condena por parte de los supremos Rosenkrantz, Maqueda y Rosatti desat\u00f3 una ola de repudios y movilizaciones en todo el pa\u00eds.La militancia respondi\u00f3 con c\u00e1nticos y aplausos. En las calles, el grito fue uno solo: \u201c\u00a1Cristina no se toca!\u201d.<\/p>\n\n\n\n<p>Por Pol\u00edtica Argentina<\/p>\n","protected":false},"excerpt":{"rendered":"<p>La ex presidenta habl\u00f3 ante la militancia peronista en la sede del PJ tras la ratificaci\u00f3n de su condena. Apunt\u00f3 contra la Corte y el gobierno de Milei. La ex presidenta Cristina Fern\u00e1ndez de Kirchner rompi\u00f3 el silencio este martes por la tarde desde la sede del Partido Justicialista en Matheu 130, luego de que&#8230;<\/p>\n","protected":false},"author":5,"featured_media":5086,"comment_status":"open","ping_status":"open","sticky":false,"template":"","format":"standard","meta":{"_monsterinsights_skip_tracking":false,"_monsterinsights_sitenote_active":false,"_monsterinsights_sitenote_note":"","_monsterinsights_sitenote_category":0,"footnotes":"","jetpack_publicize_message":"","jetpack_publicize_feature_enabled":true,"jetpack_social_post_already_shared":true,"jetpack_social_options":{"image_generator_settings":{"template":"highway","default_image_id":0,"font":"","enabled":false},"version":2}},"categories":[2],"tags":[88,235,234],"class_list":["post-5085","post","type-post","status-publish","format-standard","has-post-thumbnail","hentry","category-politica","tag-cfk","tag-cristina-kirchner","tag-lawfare"],"jetpack_publicize_connections":[],"_links":{"self":[{"href":"https:\/\/www.enorsai.com\/noticias\/wp-json\/wp\/v2\/posts\/5085","targetHints":{"allow":["GET"]}}],"collection":[{"href":"https:\/\/www.enorsai.com\/noticias\/wp-json\/wp\/v2\/posts"}],"about":[{"href":"https:\/\/www.enorsai.com\/noticias\/wp-json\/wp\/v2\/types\/post"}],"author":[{"embeddable":true,"href":"https:\/\/www.enorsai.com\/noticias\/wp-json\/wp\/v2\/users\/5"}],"replies":[{"embeddable":true,"href":"https:\/\/www.enorsai.com\/noticias\/wp-json\/wp\/v2\/comments?post=5085"}],"version-history":[{"count":1,"href":"https:\/\/www.enorsai.com\/noticias\/wp-json\/wp\/v2\/posts\/5085\/revisions"}],"predecessor-version":[{"id":5087,"href":"https:\/\/www.enorsai.com\/noticias\/wp-json\/wp\/v2\/posts\/5085\/revisions\/5087"}],"wp:featuredmedia":[{"embeddable":true,"href":"https:\/\/www.enorsai.com\/noticias\/wp-json\/wp\/v2\/media\/5086"}],"wp:attachment":[{"href":"https:\/\/www.enorsai.com\/noticias\/wp-json\/wp\/v2\/media?parent=5085"}],"wp:term":[{"taxonomy":"category","embeddable":true,"href":"https:\/\/www.enorsai.com\/noticias\/wp-json\/wp\/v2\/categories?post=5085"},{"taxonomy":"post_tag","embeddable":true,"href":"https:\/\/www.enorsai.com\/noticias\/wp-json\/wp\/v2\/tags?post=5085"}],"curies":[{"name":"wp","href":"https:\/\/api.w.org\/{rel}","templated":true}]}}