{"id":5084,"date":"2025-06-11T07:16:58","date_gmt":"2025-06-11T10:16:58","guid":{"rendered":"http:\/\/www.enorsai.com\/noticias\/politica\/cristina-kirchner-no-esta-sola-crece-el-repudio-internacional-al-lawfare-en-argentina\/"},"modified":"2025-06-11T07:16:58","modified_gmt":"2025-06-11T10:16:58","slug":"cristina-kirchner-no-esta-sola-crece-el-repudio-internacional-al-lawfare-en-argentina","status":"publish","type":"post","link":"https:\/\/www.enorsai.com\/noticias\/politica\/cristina-kirchner-no-esta-sola-crece-el-repudio-internacional-al-lawfare-en-argentina\/","title":{"rendered":"Cristina Kirchner no est\u00e1 sola: crece el repudio internacional al lawfare en Argentina"},"content":{"rendered":"\n<p>La reciente confirmaci\u00f3n de la condena judicial contra Cristina Fern\u00e1ndez de Kirchner, que la sentencia a seis a\u00f1os de prisi\u00f3n e inhabilitaci\u00f3n perpetua para ejercer cargos p\u00fablicos, ha desatado una ola de solidaridad internacional que deja en evidencia la gravedad institucional del caso. L\u00edderes progresistas de Am\u00e9rica Latina y Europa alzaron su voz para denunciar lo que definen como un claro episodio de lawfare: el uso perverso del aparato judicial como herramienta de persecuci\u00f3n pol\u00edtica.<br><br>Desde La Habana, el presidente cubano Miguel D\u00edaz-Canel fue contundente: \u201cReafirmamos nuestro invariable apoyo a Cristina Fern\u00e1ndez de Kirchner ante este episodio de judicializaci\u00f3n pol\u00edtica. Una vez m\u00e1s, se utiliza la justicia con motivaciones pol\u00edticas como instrumento de la derecha contra referentes progresistas de la regi\u00f3n\u201d, expres\u00f3 el mandatario en sus redes sociales.<br><br>En la misma l\u00ednea, el presidente boliviano Luis Arce declar\u00f3: \u201cDesde Bolivia expresamos nuestro firme apoyo y solidaridad con la hermana Fern\u00e1ndez de Kirchner frente al evidente uso de la justicia para socavar a las fuerzas de izquierda y del campo nacional popular\u201d. El jefe de Estado reafirm\u00f3 adem\u00e1s su respaldo \u201ca la soberan\u00eda y a la dignidad del hermano pueblo argentino\u201d.<br><br>La denuncia de lawfare no es nueva, pero s\u00ed se torna cada vez m\u00e1s evidente. El propio Evo Morales, expresidente de Bolivia, fue m\u00e1s all\u00e1 en su an\u00e1lisis y acus\u00f3 directamente a los sectores judiciales de actuar como brazo ejecutor de un plan regional de disciplinamiento pol\u00edtico. \u201cVivimos una reedici\u00f3n del Plan C\u00f3ndor: ya no son los militares al servicio del imperio, ahora son jueces serviles a las oligarqu\u00edas quienes ejecutan golpes judiciales contra quienes defienden la soberan\u00eda y los derechos de las mayor\u00edas\u201d, denunci\u00f3 Morales.<br><br>Morales tambi\u00e9n convoc\u00f3 a la resistencia: \u201cLlamamos a la unidad y movilizaci\u00f3n del pueblo argentino en defensa de la democracia. Cristina no est\u00e1 sola. Desde el coraz\u00f3n de la Patria Grande, nos sumamos a la lucha contra el lawfare y por una Am\u00e9rica Latina libre, digna y soberana\u201d.<br><br>Desde Brasil, el Instituto Lula \u2014centro pol\u00edtico y acad\u00e9mico vinculado al expresidente Luiz In\u00e1cio Lula da Silva\u2014 emiti\u00f3 un comunicado en el que calific\u00f3 la condena contra Cristina Kirchner como \u201cuna grave violaci\u00f3n a los derechos fundamentales y al debido proceso legal\u201d. Se\u00f1alaron adem\u00e1s que \u201cla construcci\u00f3n de teor\u00edas jur\u00eddicas que buscan responsabilizar a Cristina Kirchner por actos de subordinados, bajo una interpretaci\u00f3n cuestionable del derecho administrativo, representa un peligroso retroceso en la separaci\u00f3n de poderes\u201d.<br><br>\u201cNo se trata solo de un caso argentino\u201d, advirtieron. \u201cLa condena proyecta una sombra sobre el funcionamiento democr\u00e1tico en la regi\u00f3n. Exigimos que se respeten los principios del debido proceso y que prevalezca la justicia, garantizando que la pol\u00edtica no sea utilizada como arma de persecuci\u00f3n\u201d.<br><br>En Europa, la reacci\u00f3n tambi\u00e9n fue inmediata. Irene Montero, diputada de Podemos en Espa\u00f1a, denunci\u00f3 que \u201cla condena a Cristina Fern\u00e1ndez es golpismo: guerra sucia judicial y medi\u00e1tica para que, golpeando a una, todo un pueblo renuncie a una vida con derechos\u201d. Y agreg\u00f3: \u201cLa quieren presa y fuera de la pol\u00edtica. A las fuerzas democr\u00e1ticas del mundo nos deben encontrar a su lado. Contigo, Cristina\u201d.<br><br>Este nuevo cap\u00edtulo del lawfare contra Cristina Fern\u00e1ndez se da a pocos meses de las elecciones legislativas en Argentina, donde la exmandataria hab\u00eda anunciado su intenci\u00f3n de postularse como diputada por la provincia de Buenos Aires. La inhabilitaci\u00f3n perpetua, entonces, no solo busca encarcelarla simb\u00f3licamente, sino tambi\u00e9n proscribir su figura pol\u00edtica en un contexto donde su liderazgo sigue siendo clave para millones de argentinos.<br><br>El mensaje que env\u00edan los tribunales es claro: se pretende condicionar el futuro pol\u00edtico del pa\u00eds desde despachos judiciales colonizados por intereses econ\u00f3micos, corporativos y antidemocr\u00e1ticos. Pero tambi\u00e9n es clara la respuesta que se empieza a gestar: una red de solidaridad latinoamericana y mundial que se reh\u00fasa a mirar para otro lado ante este nuevo intento de disciplinamiento judicial.<br><br>Cristina Kirchner no est\u00e1 sola. Y la historia lo sabe: cada vez que una lideresa popular es perseguida por el poder real, no es ella sola la que est\u00e1 en la mira, sino el proyecto de pa\u00eds con justicia social que representa. Y frente a eso, los pueblos de Am\u00e9rica Latina comienzan a levantar la voz con fuerza. Porque donde hay lawfare, hay tambi\u00e9n resistencia. Y donde hay injusticia, hay una causa com\u00fan que nos convoca a defender la democracia, la soberan\u00eda y los derechos conquistados.<\/p>\n\n\n\n<p>Fuente:<\/p>\n\n\n\n<ul class=\"wp-block-list\">\n<li>https:\/\/www.telesurtv.net\/cristina-kirchner-recibe-apoyo-de-comunidad-internacional-ante-episodio-de-lawfare-judicial\/<\/li>\n<\/ul>\n","protected":false},"excerpt":{"rendered":"<p>La reciente confirmaci\u00f3n de la condena judicial contra Cristina Fern\u00e1ndez de Kirchner, que la sentencia a seis a\u00f1os de prisi\u00f3n e inhabilitaci\u00f3n perpetua para ejercer cargos p\u00fablicos, ha desatado una ola de solidaridad internacional que deja en evidencia la gravedad institucional del caso. L\u00edderes progresistas de Am\u00e9rica Latina y Europa alzaron su voz para denunciar&#8230;<\/p>\n","protected":false},"author":9,"featured_media":5083,"comment_status":"open","ping_status":"open","sticky":false,"template":"","format":"standard","meta":{"_monsterinsights_skip_tracking":false,"_monsterinsights_sitenote_active":false,"_monsterinsights_sitenote_note":"","_monsterinsights_sitenote_category":0,"footnotes":"","jetpack_publicize_message":"","jetpack_publicize_feature_enabled":true,"jetpack_social_post_already_shared":true,"jetpack_social_options":{"image_generator_settings":{"template":"highway","default_image_id":0,"font":"","enabled":false},"version":2}},"categories":[2],"tags":[],"class_list":["post-5084","post","type-post","status-publish","format-standard","has-post-thumbnail","hentry","category-politica"],"jetpack_publicize_connections":[],"_links":{"self":[{"href":"https:\/\/www.enorsai.com\/noticias\/wp-json\/wp\/v2\/posts\/5084","targetHints":{"allow":["GET"]}}],"collection":[{"href":"https:\/\/www.enorsai.com\/noticias\/wp-json\/wp\/v2\/posts"}],"about":[{"href":"https:\/\/www.enorsai.com\/noticias\/wp-json\/wp\/v2\/types\/post"}],"author":[{"embeddable":true,"href":"https:\/\/www.enorsai.com\/noticias\/wp-json\/wp\/v2\/users\/9"}],"replies":[{"embeddable":true,"href":"https:\/\/www.enorsai.com\/noticias\/wp-json\/wp\/v2\/comments?post=5084"}],"version-history":[{"count":0,"href":"https:\/\/www.enorsai.com\/noticias\/wp-json\/wp\/v2\/posts\/5084\/revisions"}],"wp:featuredmedia":[{"embeddable":true,"href":"https:\/\/www.enorsai.com\/noticias\/wp-json\/wp\/v2\/media\/5083"}],"wp:attachment":[{"href":"https:\/\/www.enorsai.com\/noticias\/wp-json\/wp\/v2\/media?parent=5084"}],"wp:term":[{"taxonomy":"category","embeddable":true,"href":"https:\/\/www.enorsai.com\/noticias\/wp-json\/wp\/v2\/categories?post=5084"},{"taxonomy":"post_tag","embeddable":true,"href":"https:\/\/www.enorsai.com\/noticias\/wp-json\/wp\/v2\/tags?post=5084"}],"curies":[{"name":"wp","href":"https:\/\/api.w.org\/{rel}","templated":true}]}}