{"id":5080,"date":"2025-06-11T06:18:34","date_gmt":"2025-06-11T09:18:34","guid":{"rendered":"http:\/\/www.enorsai.com\/noticias\/?p=5080"},"modified":"2025-06-11T07:15:53","modified_gmt":"2025-06-11T10:15:53","slug":"la-ucr-la-misma-de-siempre-del-apoyo-al-bombardeo-de-plaza-de-mayo-al-festejo-por-la-proscripcion-de-cfk","status":"publish","type":"post","link":"https:\/\/www.enorsai.com\/noticias\/politica\/la-ucr-la-misma-de-siempre-del-apoyo-al-bombardeo-de-plaza-de-mayo-al-festejo-por-la-proscripcion-de-cfk\/","title":{"rendered":"La UCR, la misma de siempre: Del apoyo al bombardeo de Plaza de Mayo al festejo por la proscripci\u00f3n de CFK"},"content":{"rendered":"\n<p>El comunicado del Bloque de Diputados Nacionales de la Uni\u00f3n C\u00edvica Radical (UCR), emitido el 10 de junio de 2025 tras conocerse la sentencia de la Corte Suprema contra Cristina Fern\u00e1ndez de Kirchner en la causa Vialidad, es un texto profundamente hip\u00f3crita, hist\u00f3ricamente c\u00ednico y pol\u00edticamente oportunista. Los radicales celebran lo que llaman \u201cel cierre de una etapa oscura\u201d como si ellos mismos no tuvieran una deuda gigantesca con la democracia, la memoria y la soberan\u00eda nacional.<\/p>\n\n\n\n<p>Lo primero que salta a la vista es la solemnidad con la que pretenden hablar de \u00abcorrupci\u00f3n estructural\u00bb, \u00ababuso de poder\u00bb y \u00abdecadencia institucional\u00bb, cuando la UCR ha sido, a lo largo de las d\u00e9cadas, c\u00f3mplice \u2014cuando no protagonista\u2014 de algunos de los episodios m\u00e1s tr\u00e1gicos de la historia argentina. No hay que ir muy lejos para demostrarlo: el 16 de junio de 1955, la aviaci\u00f3n naval bombarde\u00f3 la Plaza de Mayo con el objetivo de asesinar a Juan Domingo Per\u00f3n y derrocar al gobierno constitucional. El saldo fue de m\u00e1s de 300 muertos y miles de heridos. \u00bfD\u00f3nde estaba la UCR entonces? <strong>Apoyando a los golpistas.<\/strong> S\u00ed, el partido que hoy se jacta de ser guardi\u00e1n de la \u201crep\u00fablica\u201d fue aliado del terrorismo de Estado que dio origen al ciclo de proscripciones, fusilamientos, persecuciones y desapariciones que mancharon la democracia argentina por d\u00e9cadas.<\/p>\n\n\n\n<p><strong>Hablan de legalidad quienes fueron parteros del crimen pol\u00edtico.<\/strong><\/p>\n\n\n\n<p>El comunicado radical se refiere a Cristina Fern\u00e1ndez de Kirchner como si fuera la encarnaci\u00f3n del mal institucional. Pero lo hace desde una posici\u00f3n de falsa superioridad moral. Repiten como mantra que \u201cno puede haber lugar para quienes utilizan el poder p\u00fablico para beneficio propio\u201d, pero callan ante los negociados de la dictadura, las privatizaciones criminales del menemismo que varios radicales avalaron, y la fuga de capitales durante el gobierno de Cambiemos (coalici\u00f3n que integraron y hoy contin\u00faan respaldando).<\/p>\n\n\n\n<p>\u00bfQu\u00e9 hicieron los radicales cuando se desmantelaba el Estado, se endeudaba al pa\u00eds con el FMI y se destru\u00eda el entramado productivo nacional? \u00bfD\u00f3nde estaban cuando se reprim\u00eda al pueblo en el Congreso para aprobar una reforma previsional infame en 2017? \u00bfQu\u00e9 dijeron cuando se espiaba a opositores, sindicalistas y periodistas desde las oficinas de la AFI durante la gesti\u00f3n de Mauricio Macri? La respuesta es simple: <strong>acompa\u00f1aban o miraban para otro lado.<\/strong><\/p>\n\n\n\n<p>Pero ahora vienen a dictar c\u00e1tedra sobre austeridad y vocaci\u00f3n de servicio, como si su historia no estuviera plagada de fracasos estrepitosos. Basta recordar el gobierno de Fernando de la R\u00faa, otro experimento radical que termin\u00f3 en tragedia, con muertos en las calles y un pa\u00eds devastado por la desidia y la obediencia a los organismos financieros internacionales. El mismo radicalismo que hoy celebra la condena de Cristina fue responsable del default, el corralito y la crisis institucional m\u00e1s profunda desde el retorno de la democracia.<\/p>\n\n\n\n<p><strong>Cristina y el pueblo: una relaci\u00f3n que quieren destruir con fallos judiciales<\/strong><\/p>\n\n\n\n<p>Los diputados radicales insisten en que esta condena es \u201cel resultado de un proceso judicial completo, con todas las garant\u00edas constitucionales\u201d. Pero omiten que el proceso estuvo viciado desde el principio: jueces designados a dedo, fiscales militantes de la derecha, espionaje ilegal, filtraciones medi\u00e1ticas y un fallo que se cae a pedazos si se lo analiza jur\u00eddicamente. No es una sentencia: es un mensaje disciplinador. No se trata de justicia: es persecuci\u00f3n pol\u00edtica.<\/p>\n\n\n\n<p>La verdadera intenci\u00f3n es proscribir. No les alcanza con ganarle a Cristina en las urnas \u2014porque no pueden\u2014, necesitan borrarla del mapa pol\u00edtico. \u00bfPor qu\u00e9? Porque Cristina Fern\u00e1ndez de Kirchner representa algo que la UCR odia desde 1945: <strong>un proyecto de pa\u00eds con justicia social, soberan\u00eda econ\u00f3mica e independencia pol\u00edtica.<\/strong> Un modelo que pone al Estado al servicio del pueblo y no de las corporaciones, un liderazgo que desaf\u00eda los privilegios de las \u00e9lites que la UCR representa con obediencia servil.<\/p>\n\n\n\n<p><strong>Cuando la UCR habla de una \u201cArgentina m\u00e1s justa, m\u00e1s digna y m\u00e1s decente\u201d, hay que tener cuidado.<\/strong> Porque para ellos, la decencia es obedecer al poder econ\u00f3mico. La justicia es condenar sin pruebas a quienes cuestionan el orden establecido. Y la dignidad es agachar la cabeza ante el FMI y los fondos buitre. Lo \u00fanico que buscan es volver a un pa\u00eds olig\u00e1rquico, excluyente, subordinado y sin derechos. Un pa\u00eds sin Cristina.<\/p>\n\n\n\n<p>Desde una perspectiva democr\u00e1tica, nacional y popular, el comunicado radical es una burla a la inteligencia del pueblo argentino. Pretenden utilizar a la Justicia como garrote para imponer una agenda de revancha y disciplinamiento. Pero no lo lograr\u00e1n. Porque la memoria hist\u00f3rica est\u00e1 viva. Porque los pueblos no se arrodillan ante los fallos de una Corte colonizada. Y porque Cristina no est\u00e1 sola: est\u00e1 con millones que saben que <strong>la verdadera etapa oscura fue la que inici\u00f3 con bombas en la Plaza de Mayo y sigue hoy con sentencias escritas desde los s\u00f3tanos del poder.<\/strong><\/p>\n\n\n\n<p>Y frente a eso, <strong>vamos a resistir.<\/strong><\/p>\n\n\n\n<figure class=\"wp-block-image\"><img decoding=\"async\" src=\"https:\/\/pbs.twimg.com\/media\/GtHgd0YXsAAjfIP?format=jpg&amp;name=large\" alt=\"Imagen\"\/><\/figure>\n","protected":false},"excerpt":{"rendered":"<p>El comunicado del Bloque de Diputados Nacionales de la Uni\u00f3n C\u00edvica Radical (UCR), emitido el 10 de junio de 2025 tras conocerse la sentencia de la Corte Suprema contra Cristina Fern\u00e1ndez de Kirchner en la causa Vialidad, es un texto profundamente hip\u00f3crita, hist\u00f3ricamente c\u00ednico y pol\u00edticamente oportunista. Los radicales celebran lo que llaman \u201cel cierre&#8230;<\/p>\n","protected":false},"author":2,"featured_media":5081,"comment_status":"open","ping_status":"open","sticky":false,"template":"","format":"standard","meta":{"_monsterinsights_skip_tracking":false,"_monsterinsights_sitenote_active":false,"_monsterinsights_sitenote_note":"","_monsterinsights_sitenote_category":0,"footnotes":"","jetpack_publicize_message":"","jetpack_publicize_feature_enabled":true,"jetpack_social_post_already_shared":true,"jetpack_social_options":{"image_generator_settings":{"template":"highway","default_image_id":0,"font":"","enabled":false},"version":2}},"categories":[2],"tags":[],"class_list":["post-5080","post","type-post","status-publish","format-standard","has-post-thumbnail","hentry","category-politica"],"jetpack_publicize_connections":[],"_links":{"self":[{"href":"https:\/\/www.enorsai.com\/noticias\/wp-json\/wp\/v2\/posts\/5080","targetHints":{"allow":["GET"]}}],"collection":[{"href":"https:\/\/www.enorsai.com\/noticias\/wp-json\/wp\/v2\/posts"}],"about":[{"href":"https:\/\/www.enorsai.com\/noticias\/wp-json\/wp\/v2\/types\/post"}],"author":[{"embeddable":true,"href":"https:\/\/www.enorsai.com\/noticias\/wp-json\/wp\/v2\/users\/2"}],"replies":[{"embeddable":true,"href":"https:\/\/www.enorsai.com\/noticias\/wp-json\/wp\/v2\/comments?post=5080"}],"version-history":[{"count":1,"href":"https:\/\/www.enorsai.com\/noticias\/wp-json\/wp\/v2\/posts\/5080\/revisions"}],"predecessor-version":[{"id":5082,"href":"https:\/\/www.enorsai.com\/noticias\/wp-json\/wp\/v2\/posts\/5080\/revisions\/5082"}],"wp:featuredmedia":[{"embeddable":true,"href":"https:\/\/www.enorsai.com\/noticias\/wp-json\/wp\/v2\/media\/5081"}],"wp:attachment":[{"href":"https:\/\/www.enorsai.com\/noticias\/wp-json\/wp\/v2\/media?parent=5080"}],"wp:term":[{"taxonomy":"category","embeddable":true,"href":"https:\/\/www.enorsai.com\/noticias\/wp-json\/wp\/v2\/categories?post=5080"},{"taxonomy":"post_tag","embeddable":true,"href":"https:\/\/www.enorsai.com\/noticias\/wp-json\/wp\/v2\/tags?post=5080"}],"curies":[{"name":"wp","href":"https:\/\/api.w.org\/{rel}","templated":true}]}}