{"id":5077,"date":"2025-06-11T06:06:18","date_gmt":"2025-06-11T09:06:18","guid":{"rendered":"http:\/\/www.enorsai.com\/noticias\/?p=5077"},"modified":"2025-06-11T06:06:18","modified_gmt":"2025-06-11T09:06:18","slug":"firme-repudio-de-las-abuelas-de-plaza-de-mayo-a-la-la-condena-contra-cfk-y-advirtio-sobre-el-peligro-del-uso-faccioso-del-poder-judicial","status":"publish","type":"post","link":"https:\/\/www.enorsai.com\/noticias\/politica\/firme-repudio-de-las-abuelas-de-plaza-de-mayo-a-la-la-condena-contra-cfk-y-advirtio-sobre-el-peligro-del-uso-faccioso-del-poder-judicial\/","title":{"rendered":"Firme repudio de las Abuelas de Plaza de Mayo a la la condena contra CFK y advirti\u00f3 sobre el peligro del uso faccioso del poder judicial"},"content":{"rendered":"\n<p>El comunicado de Abuelas de Plaza de Mayo no deja lugar a dudas: lo que est\u00e1 en juego no es solo la suerte pol\u00edtica de Cristina Fern\u00e1ndez de Kirchner, sino la integridad misma del sistema democr\u00e1tico. La condena judicial, m\u00e1s que un fallo, parece una sentencia escrita por los titiriteros del poder real. Una operaci\u00f3n quir\u00fargica para amputar a la oposici\u00f3n, silenciar al pueblo y consolidar un modelo de pa\u00eds excluyente, autoritario y peligrosamente regresivo.<\/p>\n\n\n\n<p>Es un d\u00eda oscuro para la democracia argentina. Las Abuelas de Plaza de Mayo, testigos y protagonistas de una de las luchas m\u00e1s nobles por la verdad, la memoria y la justicia, alzaron su voz con la autoridad moral que solo los a\u00f1os de coherencia pueden otorgar. Su reciente comunicado, tras la confirmaci\u00f3n de la condena a Cristina Fern\u00e1ndez de Kirchner, no es una simple nota institucional. Es un grito de alarma. Un llamado urgente a despertar, a mirar con ojos bien abiertos el abismo que se abre ante nuestros pies.<\/p>\n\n\n\n<p>La Corte Suprema ha decidido confirmar una sentencia que, lejos de impartir justicia, se percibe como el brazo judicial de una maquinaria pol\u00edtica que busca proscribir a quien encarna hoy la principal referencia del movimiento nacional y popular. Una decisi\u00f3n que hiere, que desgarra, que pone en jaque la pluralidad, el derecho a elegir, y sobre todo, la posibilidad de disputar el rumbo de un pa\u00eds que se quiere encerrado en la l\u00f3gica del mercado y la exclusi\u00f3n.<\/p>\n\n\n\n<p>Cuando las Abuelas afirman que \u201cla justicia se utiliza para distorsionar de forma brutal el tablero pol\u00edtico\u201d, no hablan en abstracto. Hablan con la experiencia acumulada de quienes sobrevivieron a un Estado que secuestraba, torturaba y desaparec\u00eda. Hablan desde la memoria de haber visto c\u00f3mo el poder judicial, muchas veces c\u00f3mplice o indiferente, miraba para otro lado o ejecutaba sentencias al servicio de los intereses de turno. Por eso hoy, cuando ven que se pretende dejar fuera de juego a una figura pol\u00edtica tan representativa como Cristina, no dudan en llamar a las cosas por su nombre: proscripci\u00f3n.<\/p>\n\n\n\n<p>Es importante detenerse en esta palabra, tan cargada de historia. No es la primera vez que en Argentina se intenta disciplinar a l\u00edderes populares por v\u00edas no electorales. La historia reciente del continente est\u00e1 plagada de ejemplos donde el lawfare\u2014esa guerra judicial con m\u00e1scara de legalidad\u2014ha sido la herramienta predilecta para desarmar gobiernos progresistas, impedir candidaturas y abrir el paso a proyectos neoliberales que solo benefician a una \u00e9lite cada vez m\u00e1s concentrada.<\/p>\n\n\n\n<p>La gravedad del comunicado no reside solo en la defensa de una persona, sino en la advertencia expl\u00edcita sobre las consecuencias colectivas de esta estrategia. Cristina Fern\u00e1ndez de Kirchner fue dos veces presidenta y es la dirigente m\u00e1s relevante del espacio opositor. Pretender eliminarla del juego democr\u00e1tico no es simplemente una jugada pol\u00edtica. Es una irresponsabilidad hist\u00f3rica cuyas consecuencias no se limitan a su figura: el mensaje que se instala es que quien desaf\u00ede al poder real puede ser perseguido, condenado y silenciado.<\/p>\n\n\n\n<p>Las Abuelas lo dicen con claridad: \u201cEs un d\u00eda aciago para la patria\u201d. Una frase que condensa dolor, impotencia y la certeza de que estamos ante un hecho que no debe naturalizarse. Silenciar a una porci\u00f3n enorme de la ciudadan\u00eda, despoj\u00e1ndola de su figura m\u00e1s emblem\u00e1tica, no solo es un acto de injusticia. Es una forma de violencia pol\u00edtica que, como toda violencia, deja marcas profundas y duraderas.<\/p>\n\n\n\n<p>Lo que se juega aqu\u00ed no es el pasado de una dirigente, sino el futuro de la pol\u00edtica como herramienta de transformaci\u00f3n. Si la justicia se convierte en un campo minado, si las decisiones de los jueces responden a los intereses de sectores concentrados, si se criminaliza la militancia y se proscriben las voces disidentes, entonces estamos ante una democracia vaciada de contenido, una c\u00e1scara institucional sin alma popular.<\/p>\n\n\n\n<p>No es casual que esta confirmaci\u00f3n de condena llegue en un contexto pol\u00edtico signado por el ajuste feroz del gobierno de Javier Milei. La motosierra no es solo econ\u00f3mica: tambi\u00e9n apunta a destruir derechos, instituciones y figuras que simbolicen resistencia. No basta con cerrar ministerios, despedir trabajadores o destruir la educaci\u00f3n p\u00fablica. Tambi\u00e9n hay que eliminar, simb\u00f3licamente o judicialmente, a quienes representan la posibilidad de un pa\u00eds diferente.<\/p>\n\n\n\n<p>El gobierno actual, que se presenta como la encarnaci\u00f3n de la libertad, avanza en realidad sobre las libertades m\u00e1s elementales. La libertad de elegir, la libertad de representaci\u00f3n, la libertad de participar. La condena a Cristina no se explica sin entender este proyecto m\u00e1s amplio, que busca reducir el debate pol\u00edtico a una simulaci\u00f3n controlada, donde solo puedan competir quienes no cuestionen el orden establecido.<\/p>\n\n\n\n<p>Abuelas de Plaza de Mayo apelan a la memoria colectiva para que la ciudadan\u00eda no caiga en la trampa. Para que entienda que esto no es una mera decisi\u00f3n judicial, sino una operaci\u00f3n meticulosamente planificada para reconfigurar los m\u00e1rgenes del escenario pol\u00edtico y social. Un intento por delimitar qui\u00e9nes pueden hablar, qui\u00e9nes pueden disputar poder, y qui\u00e9nes deben ser barridos del mapa.<\/p>\n\n\n\n<p>La historia argentina nos ha ense\u00f1ado que los silencios son c\u00f3mplices. Que la indiferencia, cuando se persigue a una figura pol\u00edtica con herramientas ileg\u00edtimas, no es neutralidad sino adhesi\u00f3n encubierta. Por eso, el comunicado no es solo una denuncia: es una invitaci\u00f3n a la acci\u00f3n, a la toma de conciencia, a la construcci\u00f3n de un frente amplio que impida que el pa\u00eds retroceda a los peores momentos de su historia.<\/p>\n\n\n\n<p>No es tiempo de tibiezas. Es tiempo de se\u00f1alar con el dedo a los responsables de esta maniobra. De preguntarse a qui\u00e9n beneficia que Cristina no pueda competir. De exigir transparencia, legalidad real (no formal), y una justicia que no funcione como ap\u00e9ndice de los poderes econ\u00f3micos. Porque si dejamos pasar este ataque, ma\u00f1ana ser\u00e1 cualquier otra voz la que callen. Y cuando nos demos cuenta, ya no habr\u00e1 nadie para hablar.<\/p>\n\n\n\n<p>En definitiva, lo que las Abuelas denuncian no es solo una injusticia, sino una amenaza. Una advertencia clara de que si no defendemos la democracia ahora, ma\u00f1ana puede ser demasiado tarde. Que proscribir a Cristina es solo la punta del iceberg de un modelo autoritario que avanza con la m\u00e1scara del republicanismo pero el alma de la dictadura.<\/p>\n\n\n\n<p><\/p>\n\n\n\n<p><strong>El texto del comunicado<\/strong><\/p>\n\n\n\n<p>Repudiamos la confirmaci\u00f3n de la injusta condena a Cristina Fern\u00e1ndez de Kirchner, en un nuevo y triste episodio de persecuci\u00f3n y proscripci\u00f3n, como ya hemos vivido otros en Argentina y en la regi\u00f3n, decidida por una Corte Suprema que \u2013como buena parte del poder judicial\u2013 responde a un sector de la pol\u00edtica.<\/p>\n\n\n\n<p>Cuando la justicia se utiliza para distorsionar de forma tan brutal el tablero pol\u00edtico, la democracia est\u00e1 en peligro. Dejar fuera de juego a esta dirigente tan representativa para el pa\u00eds, dos veces presidenta de la Naci\u00f3n y l\u00edder del principal partido opositor, es una irresponsabilidad hist\u00f3rica cuyos costos terminar\u00e1 pagando toda la sociedad.<\/p>\n\n\n\n<p>Es un d\u00eda aciago para la patria. Quieren silenciar a una porci\u00f3n enorme de la ciudadan\u00eda, despoj\u00e1ndola de su figura m\u00e1s emblem\u00e1tica, tras a\u00f1os y a\u00f1os de estigmatizaci\u00f3n y deshumanizaci\u00f3n.<\/p>\n\n\n\n<p>Esperamos que el pueblo argentino entienda que no estamos frente a una mera disposici\u00f3n judicial, sino que se trata de una operaci\u00f3n orquestada para reconfigurar, de manera completamente restrictiva y regresiva, los m\u00e1rgenes del escenario pol\u00edtico y social.<\/p>\n\n\n\n<p>Fuente:<\/p>\n\n\n\n<ul class=\"wp-block-list\">\n<li><a href=\"https:\/\/www.abuelas.org.ar\/prensa-y-difusion\/noticias\/2084\">https:\/\/www.abuelas.org.ar\/prensa-y-difusion\/noticias\/2084<\/a><\/li>\n<\/ul>\n","protected":false},"excerpt":{"rendered":"<p>Abuelas de Plaza de Mayo repudian la condena a Cristina Fern\u00e1ndez de Kirchner, denunciando una operaci\u00f3n pol\u00edtica para proscribir a la l\u00edder opositora y distorsionar la democracia. Alertan sobre el uso del poder judicial como herramienta represiva en un contexto de ajuste y autoritarismo impulsado por el gobierno de Javier Milei.<\/p>\n","protected":false},"author":12,"featured_media":5078,"comment_status":"open","ping_status":"open","sticky":false,"template":"","format":"standard","meta":{"_monsterinsights_skip_tracking":false,"_monsterinsights_sitenote_active":false,"_monsterinsights_sitenote_note":"","_monsterinsights_sitenote_category":0,"footnotes":"","jetpack_publicize_message":"\ud83d\udd34 La condena a Cristina Fern\u00e1ndez de Kirchner no es justicia, es una operaci\u00f3n pol\u00edtica para silenciar a la oposici\u00f3n y redibujar el tablero democr\u00e1tico a gusto del poder real. Las Abuelas lo dijeron claro: la democracia est\u00e1 en peligro.","jetpack_publicize_feature_enabled":true,"jetpack_social_post_already_shared":false,"jetpack_social_options":{"image_generator_settings":{"template":"highway","default_image_id":0,"enabled":false},"version":2}},"categories":[2],"tags":[1036,835,87,209,78,70,234,45,985,1392],"class_list":["post-5077","post","type-post","status-publish","format-standard","has-post-thumbnail","hentry","category-politica","tag-abuelas","tag-condena","tag-cristina","tag-democracia","tag-derechos-humanos","tag-justicia","tag-lawfare","tag-milei","tag-oposicion","tag-proscripcion"],"jetpack_publicize_connections":[],"_links":{"self":[{"href":"https:\/\/www.enorsai.com\/noticias\/wp-json\/wp\/v2\/posts\/5077","targetHints":{"allow":["GET"]}}],"collection":[{"href":"https:\/\/www.enorsai.com\/noticias\/wp-json\/wp\/v2\/posts"}],"about":[{"href":"https:\/\/www.enorsai.com\/noticias\/wp-json\/wp\/v2\/types\/post"}],"author":[{"embeddable":true,"href":"https:\/\/www.enorsai.com\/noticias\/wp-json\/wp\/v2\/users\/12"}],"replies":[{"embeddable":true,"href":"https:\/\/www.enorsai.com\/noticias\/wp-json\/wp\/v2\/comments?post=5077"}],"version-history":[{"count":1,"href":"https:\/\/www.enorsai.com\/noticias\/wp-json\/wp\/v2\/posts\/5077\/revisions"}],"predecessor-version":[{"id":5079,"href":"https:\/\/www.enorsai.com\/noticias\/wp-json\/wp\/v2\/posts\/5077\/revisions\/5079"}],"wp:featuredmedia":[{"embeddable":true,"href":"https:\/\/www.enorsai.com\/noticias\/wp-json\/wp\/v2\/media\/5078"}],"wp:attachment":[{"href":"https:\/\/www.enorsai.com\/noticias\/wp-json\/wp\/v2\/media?parent=5077"}],"wp:term":[{"taxonomy":"category","embeddable":true,"href":"https:\/\/www.enorsai.com\/noticias\/wp-json\/wp\/v2\/categories?post=5077"},{"taxonomy":"post_tag","embeddable":true,"href":"https:\/\/www.enorsai.com\/noticias\/wp-json\/wp\/v2\/tags?post=5077"}],"curies":[{"name":"wp","href":"https:\/\/api.w.org\/{rel}","templated":true}]}}