{"id":5071,"date":"2025-06-10T21:38:42","date_gmt":"2025-06-11T00:38:42","guid":{"rendered":"https:\/\/www.enorsai.com\/noticias\/sociedad\/filosofia-y-letras-en-pie-de-lucha-toma-estudiantil-contra-la-proscripcion-de-cristina-y-el-vaciamiento-universitario\/"},"modified":"2025-06-10T21:41:12","modified_gmt":"2025-06-11T00:41:12","slug":"filosofia-y-letras-en-pie-de-lucha-toma-estudiantil-contra-la-proscripcion-de-cristina-y-el-vaciamiento-universitario","status":"publish","type":"post","link":"https:\/\/www.enorsai.com\/noticias\/sociedad\/filosofia-y-letras-en-pie-de-lucha-toma-estudiantil-contra-la-proscripcion-de-cristina-y-el-vaciamiento-universitario\/","title":{"rendered":"Filosof\u00eda y Letras en pie de lucha: toma estudiantil contra la proscripci\u00f3n de Cristina y el vaciamiento universitario"},"content":{"rendered":"\n<p>La Facultad de Filosof\u00eda y Letras de la Universidad de Buenos Aires amaneci\u00f3 tomada. No fue una decisi\u00f3n improvisada ni espont\u00e1nea. Fue una respuesta contundente y planificada del movimiento estudiantil ante el fallo de la Corte Suprema que dej\u00f3 firme la condena contra la expresidenta Cristina Fern\u00e1ndez de Kirchner. Pero no es s\u00f3lo eso: es tambi\u00e9n un grito de resistencia frente al brutal ajuste del gobierno de Javier Milei contra la universidad p\u00fablica, la ciencia y la cultura.<\/p>\n\n\n\n<p><br>\u2696\ufe0f La gota que rebals\u00f3 el vaso<br><br>Todo comenz\u00f3 el lunes 10 de junio. Apenas se conoci\u00f3 la noticia del fallo, una asamblea estudiantil colm\u00f3 los pasillos de Puan 480. All\u00ed, el rechazo al accionar del Poder Judicial fue un\u00e1nime. La resoluci\u00f3n del m\u00e1ximo tribunal no fue le\u00edda como un hecho aislado, sino como parte de una avanzada pol\u00edtico-judicial cuyo objetivo final es proscribir a Cristina y desmantelar los pocos pilares democr\u00e1ticos que a\u00fan quedan en pie.<br><br>\u201cVenimos sufriendo un mont\u00f3n de ataques por parte del gobierno de Javier Milei a la universidad p\u00fablica\u2026 y ahora con este fallo que rechazamos energ\u00e9ticamente\u2026 proponemos tomar la facultad para tambi\u00e9n ser la punta de lanza de reactivar el movimiento estudiantil\u201d, explic\u00f3 el colectivo Ya Basta Filo en redes sociales.<br><br>La decisi\u00f3n fue inmediata: movilizar hacia el domicilio de la expresidenta en Recoleta y, al regresar, ocupar la facultad. As\u00ed lo relat\u00f3 tambi\u00e9n Micaela Mart\u00edn, consejera directiva, en di\u00e1logo con medios nacionales: \u201cHicimos una asamblea espont\u00e1nea apenas se conoci\u00f3 la noticia del fallo a Cristina. Decidimos ir a movilizar a su casa y volver para la toma\u201d.<\/p>\n\n\n\n<figure class=\"wp-block-embed is-type-rich is-provider-twitter wp-block-embed-twitter\"><div class=\"wp-block-embed__wrapper\">\n<blockquote class=\"twitter-tweet\" data-width=\"550\" data-dnt=\"true\"><p lang=\"es\" dir=\"ltr\">\u00a1FILOSOF\u00cdA Y LETRAS TOMADA!<br><br>Se acaba de votar en asamblea la toma de la facultad de filosof\u00eda y letras con las siguientes consignas:<br>No a la proscripci\u00f3n de CFK, en defensa de los derechos democr\u00e1ticos, en defensa de la universidad y contra todos los ataques de Milei <a href=\"https:\/\/t.co\/3eTxrf39ty\">pic.twitter.com\/3eTxrf39ty<\/a><\/p>&mdash; \u00a1Ya Basta! Filo (@yabastafilo) <a href=\"https:\/\/twitter.com\/yabastafilo\/status\/1932576189022929162?ref_src=twsrc%5Etfw\">June 10, 2025<\/a><\/blockquote><script async src=\"https:\/\/platform.twitter.com\/widgets.js\" charset=\"utf-8\"><\/script>\n<\/div><\/figure>\n\n\n\n<p><br>\ud83d\udcda La toma, una forma de decir \u201cbasta\u201d<br><br>Desde hoy, Filosof\u00eda y Letras permanece tomada. No hay clases en las aulas, pero hay vida en cada pasillo: clases p\u00fablicas, mesas de debate, asambleas abiertas y actividades culturales. El coraz\u00f3n de la resistencia universitaria volvi\u00f3 a latir fuerte, con la convicci\u00f3n de que no hay futuro posible sin memoria, sin justicia y sin universidad p\u00fablica.<br><br>Lejos de circunscribirse a un hecho puntual, la toma recupera el esp\u00edritu de las movilizaciones universitarias de octubre de 2024, cuando miles de estudiantes, docentes y no docentes salieron a la calle en defensa del presupuesto universitario y en repudio al veto presidencial de la Ley de Financiamiento Universitario.<br><br>Hoy, esa lucha se renueva, atravesada por una coyuntura a\u00fan m\u00e1s sombr\u00eda: el intento de disciplinamiento judicial, la criminalizaci\u00f3n de la protesta, el desguace del Estado y la ofensiva libertaria contra todo lo que huela a organizaci\u00f3n colectiva.<br><\/p>\n\n\n\n<p><br>\ud83d\udd25 Cristina, Milei y la universidad en el centro de la escena<br><br>El movimiento estudiantil de Filo no es ingenuo. Sabe que la condena contra Cristina no es s\u00f3lo una cuesti\u00f3n penal. Es un mensaje disciplinador a toda la dirigencia pol\u00edtica que se atreva a cuestionar el poder econ\u00f3mico real. Y es tambi\u00e9n una forma de debilitar cualquier posibilidad de articulaci\u00f3n popular frente a un gobierno que ejecuta, sin anestesia, el programa de ajuste m\u00e1s violento desde la dictadura.<br><br>\u201cEsta condena es parte de un entramado pol\u00edtico-judicial que busca eliminar toda resistencia organizada. Cristina es un s\u00edmbolo, pero tambi\u00e9n lo son nuestras universidades, nuestras bibliotecas, nuestras luchas cotidianas. Por eso estamos ac\u00e1, defendiendo no s\u00f3lo a una persona, sino a un proyecto de pa\u00eds\u201d, expresaron los estudiantes en sus comunicados.<\/p>\n\n\n\n<p><br><br>\ud83e\udded \u00bfY ahora qu\u00e9?<br><br>La toma continuar\u00e1, al menos, hasta el jueves 13 de junio. Pero ya se discute su continuidad e incluso su expansi\u00f3n a otras facultades. Las clases p\u00fablicas siguen, con docentes y estudiantes participando activamente. Y, en paralelo, se exige a las centrales sindicales \u2014especialmente a la CGT\u2014 que convoquen a un paro nacional en defensa de la democracia y la universidad p\u00fablica.<br><br>Lo que ocurre en Filosof\u00eda y Letras no es un hecho aislado. Es un s\u00edntoma de una crisis institucional m\u00e1s profunda, pero tambi\u00e9n una se\u00f1al de esperanza. La juventud universitaria vuelve a marcar el pulso de una resistencia que no se resigna.<br><br>Porque mientras Milei recita a Hayek en cadena nacional, en las aulas tomadas se lee a Marx, a Freire y a Rodolfo Walsh. Porque donde el gobierno quiere silencio, el movimiento estudiantil grita: educaci\u00f3n p\u00fablica, justicia y memoria.<br><br>Y porque, como se canta en las asambleas, \u00absi tocan a Cristina, nos tocan a todos\u00bb.<br><br>Fuentes<\/p>\n\n\n\n<ul class=\"wp-block-list\">\n<li>https:\/\/www.contextotucuman.com\/nota\/350467\/estudiantes-tomaron-la-facultad-de-filosofia-y-letras-de-la-uba-en-reclamo-contra-la-condena-a-cfk.html<\/li>\n\n\n\n<li>https:\/\/www.lanacion.com.ar\/politica\/estudiantes-tomaron-la-facultad-de-filosofia-y-letras-en-reclamo-contra-la-condena-a-cristina-nid10062025\/<\/li>\n\n\n\n<li>https:\/\/twitter.com\/yabastafilo<\/li>\n<\/ul>\n","protected":false},"excerpt":{"rendered":"<p>La Facultad de Filosof\u00eda y Letras de la Universidad de Buenos Aires amaneci\u00f3 tomada. No fue una decisi\u00f3n improvisada ni espont\u00e1nea. Fue una respuesta contundente y planificada del movimiento estudiantil ante el fallo de la Corte Suprema que dej\u00f3 firme la condena contra la expresidenta Cristina Fern\u00e1ndez de Kirchner. Pero no es s\u00f3lo eso: es&#8230;<\/p>\n","protected":false},"author":1,"featured_media":5073,"comment_status":"open","ping_status":"open","sticky":false,"template":"","format":"standard","meta":{"_monsterinsights_skip_tracking":false,"_monsterinsights_sitenote_active":false,"_monsterinsights_sitenote_note":"","_monsterinsights_sitenote_category":0,"footnotes":"","jetpack_publicize_message":"","jetpack_publicize_feature_enabled":true,"jetpack_social_post_already_shared":true,"jetpack_social_options":{"image_generator_settings":{"template":"highway","default_image_id":0,"font":"","enabled":false},"version":2}},"categories":[4],"tags":[],"class_list":["post-5071","post","type-post","status-publish","format-standard","has-post-thumbnail","hentry","category-sociedad"],"jetpack_publicize_connections":[],"_links":{"self":[{"href":"https:\/\/www.enorsai.com\/noticias\/wp-json\/wp\/v2\/posts\/5071","targetHints":{"allow":["GET"]}}],"collection":[{"href":"https:\/\/www.enorsai.com\/noticias\/wp-json\/wp\/v2\/posts"}],"about":[{"href":"https:\/\/www.enorsai.com\/noticias\/wp-json\/wp\/v2\/types\/post"}],"author":[{"embeddable":true,"href":"https:\/\/www.enorsai.com\/noticias\/wp-json\/wp\/v2\/users\/1"}],"replies":[{"embeddable":true,"href":"https:\/\/www.enorsai.com\/noticias\/wp-json\/wp\/v2\/comments?post=5071"}],"version-history":[{"count":2,"href":"https:\/\/www.enorsai.com\/noticias\/wp-json\/wp\/v2\/posts\/5071\/revisions"}],"predecessor-version":[{"id":5075,"href":"https:\/\/www.enorsai.com\/noticias\/wp-json\/wp\/v2\/posts\/5071\/revisions\/5075"}],"wp:featuredmedia":[{"embeddable":true,"href":"https:\/\/www.enorsai.com\/noticias\/wp-json\/wp\/v2\/media\/5073"}],"wp:attachment":[{"href":"https:\/\/www.enorsai.com\/noticias\/wp-json\/wp\/v2\/media?parent=5071"}],"wp:term":[{"taxonomy":"category","embeddable":true,"href":"https:\/\/www.enorsai.com\/noticias\/wp-json\/wp\/v2\/categories?post=5071"},{"taxonomy":"post_tag","embeddable":true,"href":"https:\/\/www.enorsai.com\/noticias\/wp-json\/wp\/v2\/tags?post=5071"}],"curies":[{"name":"wp","href":"https:\/\/api.w.org\/{rel}","templated":true}]}}