{"id":5069,"date":"2025-06-10T21:22:23","date_gmt":"2025-06-11T00:22:23","guid":{"rendered":"https:\/\/www.enorsai.com\/noticias\/politica\/cristina-no-esta-sola-nace-un-nuevo-tiempo-popular-con-la-sentencia-que-desperto-al-peronismo\/"},"modified":"2025-06-10T21:22:23","modified_gmt":"2025-06-11T00:22:23","slug":"cristina-no-esta-sola-nace-un-nuevo-tiempo-popular-con-la-sentencia-que-desperto-al-peronismo","status":"publish","type":"post","link":"https:\/\/www.enorsai.com\/noticias\/politica\/cristina-no-esta-sola-nace-un-nuevo-tiempo-popular-con-la-sentencia-que-desperto-al-peronismo\/","title":{"rendered":"Cristina no est\u00e1 sola: Nace un nuevo tiempo popular con la sentencia que despert\u00f3 al peronismo"},"content":{"rendered":"\n<p>En un d\u00eda que ser\u00e1 recordado como una bisagra entre la persecuci\u00f3n judicial y la resistencia pol\u00edtica, la Corte Suprema acept\u00f3 la condena a Cristina Fern\u00e1ndez de Kirchner, ratificando una pena de seis a\u00f1os de prisi\u00f3n y una inhabilitaci\u00f3n perpetua para ejercer cargos p\u00fablicos\u00a0 .<br><br>Para muchos, esta sentencia no solo representa una derrota legal, sino un ataque directo a la voz de millones de argentinos que creyeron y creen en su proyecto de pa\u00eds. El juicio se convirti\u00f3 en s\u00edmbolo de una avanzada institucional que, bajo la fachada de imparcialidad, vulnera el derecho democr\u00e1tico a elegir y participar. Una intervenci\u00f3n selectiva del Poder Judicial que parece m\u00e1s un \u00abPartido Judicial\u00bb que un garante de la Justicia\u00a0 .<br><br>Hoy, en la sede del Partido Justicialista en Balvanera, Cristina no estuvo sola: miles acompa\u00f1aron su voz, reafirmando su compromiso, su coraje y su fe en un proyecto pol\u00edtico que dio dignidad y esperanza a amplios sectores populares\u00a0 . Como lo expres\u00f3 ella misma, este fallo es una jugada electoral perfecta, dise\u00f1ada para silenciarla justo antes de definirse las candidaturas bonaerenses\u00a0 .<\/p>\n\n\n\n<figure class=\"wp-block-embed is-type-rich is-provider-twitter wp-block-embed-twitter\"><div class=\"wp-block-embed__wrapper\">\n<blockquote class=\"twitter-tweet\" data-width=\"550\" data-dnt=\"true\"><p lang=\"es\" dir=\"ltr\">En alg\u00fan momento vamos a tener que discutir en serio la historia argentina para que no nos sigan dividiendo in\u00fatilmente a los argentinos. Porque a\u00fan aquel que se siente antiperonista, finalmente termina perjudicado con procesos econ\u00f3micos que destruyen el presente y el futuro.\u2026 <a href=\"https:\/\/t.co\/D2JTXsg0w1\">pic.twitter.com\/D2JTXsg0w1<\/a><\/p>&mdash; Cristina Kirchner (@CFKArgentina) <a href=\"https:\/\/twitter.com\/CFKArgentina\/status\/1932244915003826374?ref_src=twsrc%5Etfw\">June 10, 2025<\/a><\/blockquote><script async src=\"https:\/\/platform.twitter.com\/widgets.js\" charset=\"utf-8\"><\/script>\n<\/div><\/figure>\n\n\n\n<p><br><br>Pero hoy tambi\u00e9n nace una luz nueva, que se enciende en cada abrazo, en cada bandera y en cada paso firme de quienes no se rinden ante la proscripci\u00f3n. El kirchnerismo, con Cristina al frente, tiene la oportunidad de reavivar al peronismo, de unir en una alborada de dignidad y movilizaci\u00f3n, sin odio, con movilizaci\u00f3n festiva y alegr\u00eda colectiva.<br><br>El desaf\u00edo es claro: transformar este atropello en renacimiento. Convertir la indignaci\u00f3n leg\u00edtima en decisi\u00f3n pol\u00edtica. Recuperar el relato del proyecto econ\u00f3mico social que da derechos, oportunidades y futuro. Y construir entre todas y todos un peronismo que entusiasme, que una generaciones, que convoque sin excluidos.<br><br>Porque detr\u00e1s del pa\u00f1uelo, de la bandera, de la voz, est\u00e1 esa Argentina que quiere m\u00e1s, que no se resigna. Y esa Argentina se siente convocada por Cristina. Sus palabras, cargadas de indignaci\u00f3n pero tambi\u00e9n de esperanza, iluminan el camino de la resistencia democr\u00e1tica.<br><br>Hoy, m\u00e1s que nunca, hay que poner el coraz\u00f3n, la unidad y la acci\u00f3n colectiva. Desde el primer corte de calles, desde la primera marcha, desde el primer mate compartido, se est\u00e1 sembrando la semilla de un renacer popular.<br><br>El mensaje es y ser\u00e1 siempre claro: no se puede proscribir a una idea. No se puede silenciar una voz que representa a millones. No se puede derrotar la esperanza. Porque el peronismo vive, late y resiste\u2026 mientras Cristina siga en pie, firme, y disputando la Argentina.<br><br>Fuentes:<\/p>\n\n\n\n<ul class=\"wp-block-list\">\n<li>https:\/\/www.ft.com\/content\/e37024ed-8d04-47c2-8e06-7b23d0363646?utm_source=chatgpt.com<\/li>\n\n\n\n<li>https:\/\/www.reuters.com\/world\/americas\/argentinas-top-court-upholds-guilty-verdict-ex-president-kirchner-graft-case-2025-06-10\/?utm_source=chatgpt.com<\/li>\n\n\n\n<li>https:\/\/apnews.com\/article\/ef593f1f06cdc98ca084dad45d9e54e4?utm_source=chatgpt.com<\/li>\n\n\n\n<li>https:\/\/cadenaser.com\/nacional\/2025\/06\/10\/la-corte-suprema-de-argentina-confirma-la-condena-a-seis-anos-de-prision-e-inhabilitacion-de-por-vida-a-la-expresidenta-cristina-kirchner-cadena-ser\/<\/li>\n\n\n\n<li>https:\/\/elpais.com\/argentina\/2025-06-10\/la-corte-suprema-argentina-confirma-la-condena-a-seis-anos-de-carcel-contra-cristina-kirchner-por-corrupcion.html<\/li>\n<\/ul>\n","protected":false},"excerpt":{"rendered":"<p>En un d\u00eda que ser\u00e1 recordado como una bisagra entre la persecuci\u00f3n judicial y la resistencia pol\u00edtica, la Corte Suprema acept\u00f3 la condena a Cristina Fern\u00e1ndez de Kirchner, ratificando una pena de seis a\u00f1os de prisi\u00f3n y una inhabilitaci\u00f3n perpetua para ejercer cargos p\u00fablicos\u00a0 . Para muchos, esta sentencia no solo representa una derrota legal,&#8230;<\/p>\n","protected":false},"author":1,"featured_media":5068,"comment_status":"open","ping_status":"open","sticky":false,"template":"","format":"standard","meta":{"_monsterinsights_skip_tracking":false,"_monsterinsights_sitenote_active":false,"_monsterinsights_sitenote_note":"","_monsterinsights_sitenote_category":0,"footnotes":"","jetpack_publicize_message":"","jetpack_publicize_feature_enabled":true,"jetpack_social_post_already_shared":true,"jetpack_social_options":{"image_generator_settings":{"template":"highway","default_image_id":0,"font":"","enabled":false},"version":2}},"categories":[2],"tags":[],"class_list":["post-5069","post","type-post","status-publish","format-standard","has-post-thumbnail","hentry","category-politica"],"jetpack_publicize_connections":[],"_links":{"self":[{"href":"https:\/\/www.enorsai.com\/noticias\/wp-json\/wp\/v2\/posts\/5069","targetHints":{"allow":["GET"]}}],"collection":[{"href":"https:\/\/www.enorsai.com\/noticias\/wp-json\/wp\/v2\/posts"}],"about":[{"href":"https:\/\/www.enorsai.com\/noticias\/wp-json\/wp\/v2\/types\/post"}],"author":[{"embeddable":true,"href":"https:\/\/www.enorsai.com\/noticias\/wp-json\/wp\/v2\/users\/1"}],"replies":[{"embeddable":true,"href":"https:\/\/www.enorsai.com\/noticias\/wp-json\/wp\/v2\/comments?post=5069"}],"version-history":[{"count":0,"href":"https:\/\/www.enorsai.com\/noticias\/wp-json\/wp\/v2\/posts\/5069\/revisions"}],"wp:featuredmedia":[{"embeddable":true,"href":"https:\/\/www.enorsai.com\/noticias\/wp-json\/wp\/v2\/media\/5068"}],"wp:attachment":[{"href":"https:\/\/www.enorsai.com\/noticias\/wp-json\/wp\/v2\/media?parent=5069"}],"wp:term":[{"taxonomy":"category","embeddable":true,"href":"https:\/\/www.enorsai.com\/noticias\/wp-json\/wp\/v2\/categories?post=5069"},{"taxonomy":"post_tag","embeddable":true,"href":"https:\/\/www.enorsai.com\/noticias\/wp-json\/wp\/v2\/tags?post=5069"}],"curies":[{"name":"wp","href":"https:\/\/api.w.org\/{rel}","templated":true}]}}