{"id":5063,"date":"2025-06-10T08:49:26","date_gmt":"2025-06-10T11:49:26","guid":{"rendered":"https:\/\/www.enorsai.com\/noticias\/?p=5063"},"modified":"2025-06-10T08:49:26","modified_gmt":"2025-06-10T11:49:26","slug":"otra-vez-francos-ratifico-que-milei-volvera-a-vetar-el-aumento-a-los-jubilados","status":"publish","type":"post","link":"https:\/\/www.enorsai.com\/noticias\/politica\/otra-vez-francos-ratifico-que-milei-volvera-a-vetar-el-aumento-a-los-jubilados\/","title":{"rendered":"Otra vez: Francos ratific\u00f3 que Milei volver\u00e1 a vetar el aumento a los jubilados"},"content":{"rendered":"\n<p><strong><em>En sus respuestas, el jefe de Gabinete culp\u00f3 al gobierno anterior a pesar que fue parte de ese gobierno, el de Alberto Fern\u00e1ndez, durante casi cuatro a\u00f1os. Foto: Archivo: Francos en el Congreso.<\/em><\/strong><\/p>\n\n\n\n<p>El jefe de Gabinete, Guillermo Francos, ratific\u00f3 que el presidente Javier Milei vetar\u00e1 el aumento a los jubilados si es que el proyecto es aprobado por el Congreso porque \u201cno hay recursos para pagarlo\u201d.<\/p>\n\n\n\n<p>En rueda de prensa, asegur\u00f3 que el aumento a los jubilados y jubiladas, uno de los reclamos que se sostiene semana a semana desde que asumi\u00f3 el gobierno, \u201cno se puede pagar\u201d y no se hizo cargo de la responsabilidad que tiene en este momento. En sus respuestas, el jefe de Gabinete culp\u00f3 al gobierno anterior a pesar que fue parte de ese gobierno, el de Alberto Fern\u00e1ndez, durante casi cuatro a\u00f1os: \u201cEsta es una situaci\u00f3n que el gobierno hered\u00f3. El gobierno hered\u00f3 hiperinflaci\u00f3n, hered\u00f3 falta de recursos, hered\u00f3 un tesoro vac\u00edo, hered\u00f3 deuda que venc\u00eda el d\u00eda siguiente de asumir el poder, y pretenden ahora que hagamos magia para pagar mayores jubilaciones\u201d.<\/p>\n\n\n\n<p>Francos fue representante de Argentina en el Banco Interamericano de Desarrollo, con un sueldo de 19 mil d\u00f3lares por mes, cifra que hizo p\u00fablica el a\u00f1o pasado el ex ministro de Econom\u00eda, Mart\u00edn Guzm\u00e1n.<\/p>\n\n\n\n<p>El titular del gabinete de Ministros particip\u00f3 de la exposici\u00f3n Agroactiva, en la localidad santafesina de Armstrong, donde tambi\u00e9n defendi\u00f3 la decisi\u00f3n del gobierno de suspender las obras en las rutas nacionales, a pesar del peligro que representa su estado actual. \u201cEl Estado no tiene recursos infinitos\u201d, repiti\u00f3.<\/p>\n\n\n\n<p>Por Farco Noticias<\/p>\n","protected":false},"excerpt":{"rendered":"<p>En sus respuestas, el jefe de Gabinete culp\u00f3 al gobierno anterior a pesar que fue parte de ese gobierno, el de Alberto Fern\u00e1ndez, durante casi cuatro a\u00f1os. Foto: Archivo: Francos en el Congreso. El jefe de Gabinete, Guillermo Francos, ratific\u00f3 que el presidente Javier Milei vetar\u00e1 el aumento a los jubilados si es que el&#8230;<\/p>\n","protected":false},"author":5,"featured_media":4611,"comment_status":"open","ping_status":"open","sticky":false,"template":"","format":"standard","meta":{"_monsterinsights_skip_tracking":false,"_monsterinsights_sitenote_active":false,"_monsterinsights_sitenote_note":"","_monsterinsights_sitenote_category":0,"footnotes":"","jetpack_publicize_message":"","jetpack_publicize_feature_enabled":true,"jetpack_social_post_already_shared":true,"jetpack_social_options":{"image_generator_settings":{"template":"highway","default_image_id":0,"font":"","enabled":false},"version":2}},"categories":[2],"tags":[58,509,45],"class_list":["post-5063","post","type-post","status-publish","format-standard","has-post-thumbnail","hentry","category-politica","tag-ajuste","tag-jubilados","tag-milei"],"jetpack_publicize_connections":[],"_links":{"self":[{"href":"https:\/\/www.enorsai.com\/noticias\/wp-json\/wp\/v2\/posts\/5063","targetHints":{"allow":["GET"]}}],"collection":[{"href":"https:\/\/www.enorsai.com\/noticias\/wp-json\/wp\/v2\/posts"}],"about":[{"href":"https:\/\/www.enorsai.com\/noticias\/wp-json\/wp\/v2\/types\/post"}],"author":[{"embeddable":true,"href":"https:\/\/www.enorsai.com\/noticias\/wp-json\/wp\/v2\/users\/5"}],"replies":[{"embeddable":true,"href":"https:\/\/www.enorsai.com\/noticias\/wp-json\/wp\/v2\/comments?post=5063"}],"version-history":[{"count":1,"href":"https:\/\/www.enorsai.com\/noticias\/wp-json\/wp\/v2\/posts\/5063\/revisions"}],"predecessor-version":[{"id":5064,"href":"https:\/\/www.enorsai.com\/noticias\/wp-json\/wp\/v2\/posts\/5063\/revisions\/5064"}],"wp:featuredmedia":[{"embeddable":true,"href":"https:\/\/www.enorsai.com\/noticias\/wp-json\/wp\/v2\/media\/4611"}],"wp:attachment":[{"href":"https:\/\/www.enorsai.com\/noticias\/wp-json\/wp\/v2\/media?parent=5063"}],"wp:term":[{"taxonomy":"category","embeddable":true,"href":"https:\/\/www.enorsai.com\/noticias\/wp-json\/wp\/v2\/categories?post=5063"},{"taxonomy":"post_tag","embeddable":true,"href":"https:\/\/www.enorsai.com\/noticias\/wp-json\/wp\/v2\/tags?post=5063"}],"curies":[{"name":"wp","href":"https:\/\/api.w.org\/{rel}","templated":true}]}}