{"id":5052,"date":"2025-06-09T20:41:16","date_gmt":"2025-06-09T23:41:16","guid":{"rendered":"http:\/\/www.enorsai.com\/noticias\/politica\/cfk-en-el-dia-de-la-resistencia-peronista-solo-la-construccion-colectiva-permitira-que-vuelva-la-esperanza\/"},"modified":"2025-06-09T20:41:16","modified_gmt":"2025-06-09T23:41:16","slug":"cfk-en-el-dia-de-la-resistencia-peronista-solo-la-construccion-colectiva-permitira-que-vuelva-la-esperanza","status":"publish","type":"post","link":"https:\/\/www.enorsai.com\/noticias\/politica\/cfk-en-el-dia-de-la-resistencia-peronista-solo-la-construccion-colectiva-permitira-que-vuelva-la-esperanza\/","title":{"rendered":"CFK en el D\u00eda de la Resistencia Peronista: \u201cSolo la construcci\u00f3n colectiva permitir\u00e1 que vuelva la esperanza\u201d"},"content":{"rendered":"\n<p>En un contexto de profundo deterioro social y pol\u00edtico, y frente al avance del modelo ultraliberal encabezado por Javier Milei, Cristina Fern\u00e1ndez de Kirchner reapareci\u00f3 este lunes con un mensaje potente y articulado en el D\u00eda de la Resistencia Peronista, desde la sede del Partido Justicialista porte\u00f1o. Su intervenci\u00f3n, aunque breve, retumb\u00f3 con fuerza en la militancia, los cuadros pol\u00edticos y los sectores m\u00e1s golpeados por el ajuste brutal en curso.<br><br>\ud83d\udd25 Contra el odio y la demolici\u00f3n social<br><br>Con su habitual claridad pol\u00edtica, Cristina no se guard\u00f3 nada: denunci\u00f3 que \u201cMilei est\u00e1 llevando adelante una verdadera demolici\u00f3n social, planificada, ejecutada sin piedad y con mucha crueldad\u201d. En apenas unas l\u00edneas, la expresidenta sintetiz\u00f3 el drama argentino actual: despidos masivos, licuaci\u00f3n de salarios, hambre infantil, paralizaci\u00f3n del sistema cient\u00edfico y educativo, y una econom\u00eda al servicio de los grupos concentrados.<br><br>Pero CFK fue m\u00e1s all\u00e1 y acu\u00f1\u00f3 un t\u00e9rmino que, de seguro, quedar\u00e1 grabado en la pol\u00edtica nacional: \u201codiolog\u00eda\u201d. As\u00ed defini\u00f3 al combustible ideol\u00f3gico que empuja al gobierno de La Libertad Avanza, un r\u00e9gimen que no busca solo imponer una visi\u00f3n econ\u00f3mica, sino arrasar con todo lo que tenga olor a justicia social, organizaci\u00f3n popular o historia militante.<br><br>> \u201cLa odiolog\u00eda es la que busca borrar al peronismo de la historia. No hay democracia con hambre, ni libertad sin derechos\u201d.<br><br><\/p>\n\n\n\n<figure class=\"wp-block-embed is-type-rich is-provider-twitter wp-block-embed-twitter\"><div class=\"wp-block-embed__wrapper\">\n<blockquote class=\"twitter-tweet\" data-width=\"550\" data-dnt=\"true\"><p lang=\"es\" dir=\"ltr\">\u201cCreen que van a solucionar esto meti\u00e9ndome presa? Dale, meteme presa\u201d, CFK hace instantes <a href=\"https:\/\/t.co\/pTHNlRyGJ3\">pic.twitter.com\/pTHNlRyGJ3<\/a><\/p>&mdash; Carlos Montero (@CMonteroOficial) <a href=\"https:\/\/twitter.com\/CMonteroOficial\/status\/1932218474224337019?ref_src=twsrc%5Etfw\">June 9, 2025<\/a><\/blockquote><script async src=\"https:\/\/platform.twitter.com\/widgets.js\" charset=\"utf-8\"><\/script>\n<\/div><\/figure>\n\n\n\n<p><br><br>\ud83e\udd1d La necesidad urgente de reorganizar al peronismo<br><br>Cristina habl\u00f3 tambi\u00e9n de autocr\u00edtica, sin rodeos ni excusas. Afirm\u00f3 que \u201cel peronismo se torci\u00f3 y se desorganiz\u00f3 en el \u00faltimo gobierno\u201d, en clara alusi\u00f3n a la dispersi\u00f3n pol\u00edtica que domin\u00f3 el \u00faltimo tramo del Frente de Todos. Sin embargo, su llamado no fue al lamento, sino a la acci\u00f3n: \u201cHay que enderezar y ordenar al peronismo\u201d, dijo, como quien traza un horizonte.<br><br>En este sentido, convoc\u00f3 a la militancia a dejar de lado personalismos y mezquindades, y poner en marcha un proceso de reconstrucci\u00f3n pol\u00edtica desde las bases. Para CFK, el objetivo no es menor: volver a ser una alternativa de gobierno que devuelva la esperanza al pueblo argentino.<br><br>&gt; \u201cSolo la construcci\u00f3n colectiva permitir\u00e1 reconstruir las categor\u00edas de pueblo y Naci\u00f3n\u201d.<br><br>Un mensaje que retoma la \u00e9pica de los grandes momentos del peronismo, pero que tambi\u00e9n interpela hacia adelante, con la claridad de que no hay victoria sin organizaci\u00f3n, ni futuro sin unidad real.<br><br>\ud83d\udc65 Un acto cargado de sentido<br><br>El acto del PJ porte\u00f1o, encabezado por Mariano Recalde, fue el marco elegido para difundir el mensaje de Cristina. No fue casual. La Ciudad de Buenos Aires \u2014epicentro del poder medi\u00e1tico y financiero\u2014 se vuelve cada vez m\u00e1s estrat\u00e9gica para disputar sentido com\u00fan y representaci\u00f3n popular.<br><br>Recalde no dud\u00f3 en poner en palabras lo que muchos sienten:<br><br>&gt; \u201cCristina representa la felicidad del pasado que queremos recuperar, pero tambi\u00e9n el presente para la organizaci\u00f3n y la esperanza para el futuro\u201d.<br><br><br>Estuvieron presentes referentes sindicales, de organismos de derechos humanos, estudiantes y dirigentes de comedores comunitarios. Todos, protagonistas invisibilizados del presente que el gobierno nacional se empe\u00f1a en ignorar.<br><br>\u270a La resistencia peronista: ayer y hoy<br><br>El 9 de junio no es una fecha cualquiera. Remite a la resistencia hist\u00f3rica del peronismo tras el golpe del \u201855, pero tambi\u00e9n sirve como espejo para este presente plagado de proscripci\u00f3n encubierta, represi\u00f3n social, destrucci\u00f3n de derechos y persecuci\u00f3n pol\u00edtica.<br><br>CFK recuper\u00f3 esa tradici\u00f3n con inteligencia: no para quedar atrapada en la nostalgia, sino para recordar que el peronismo naci\u00f3 de la resistencia y renace cada vez que el pueblo es atacado.<br><br><br>\ud83e\udded \u00bfY ahora qu\u00e9?<br><br>Cristina no habl\u00f3 de candidaturas. No hizo anuncios rimbombantes. Pero, con el peso simb\u00f3lico de cada palabra, reafirm\u00f3 su lugar como conductora pol\u00edtica del campo nacional y popular. Su mensaje fue un llamado a despertar, a dejar de lado la par\u00e1lisis y la resignaci\u00f3n, a reconstruir poder desde abajo, desde el dolor y la dignidad.<br><br>En tiempos de demolici\u00f3n, su voz vuelve a ser un refugio para los que no se resignan, para los que creen que el Estado no debe ser una m\u00e1quina de castigo sino un garante de derechos, para quienes saben que el peronismo no es solo una bandera, sino una herramienta concreta de transformaci\u00f3n.<br><br>Mientras el gobierno de Milei celebra vetos, tarifazos y represiones, Cristina vuelve a hablar. Y cuando Cristina habla, la historia se acomoda.<br><br>Fuente:<br><br>1. \ud83d\udccc Infobae \u2013 \u201cCon un mensaje de CFK, el PJ porte\u00f1o llam\u00f3 a la unidad\u201d<br>\ud83d\udc49 https:\/\/www.infobae.com\/politica\/2024\/10\/18\/con-un-mensaje-de-cfk-el-pj-porteno-llamo-a-la-unidad-el-peronismo-se-torcio-y-se-desorganizo-en-el-ultimo-gobierno<br><br><br>2. \ud83d\udccc P\u00e1gina\/12 \u2013 \u201cCristina Kirchner: &#8216;Milei est\u00e1 haciendo una verdadera demolici\u00f3n social&#8217;\u201d<br>\ud83d\udc49 https:\/\/www.pagina12.com.ar\/775581-cfk-solo-la-construccion-colectiva-permitira-reconstruir-las<br><br><br>3. \ud83d\udccc BAE Negocios \u2013 \u201cCristina Kirchner plante\u00f3 \u2018enderezar al PJ\u2019 ante el \u2018espect\u00e1culo horrible y dist\u00f3pico\u2019\u201d<br>\ud83d\udc49 https:\/\/www.baenegocios.com\/politica\/Cristina-Kirchner-planteo-enderezar-al-PJ-ante-el-espectaculo-horrible-y-distopico-que-atraviesa-Argentina-20241018-0042.html<\/p>\n","protected":false},"excerpt":{"rendered":"<p>En un contexto de profundo deterioro social y pol\u00edtico, y frente al avance del modelo ultraliberal encabezado por Javier Milei, Cristina Fern\u00e1ndez de Kirchner reapareci\u00f3 este lunes con un mensaje potente y articulado en el D\u00eda de la Resistencia Peronista, desde la sede del Partido Justicialista porte\u00f1o. Su intervenci\u00f3n, aunque breve, retumb\u00f3 con fuerza en&#8230;<\/p>\n","protected":false},"author":1,"featured_media":5051,"comment_status":"open","ping_status":"open","sticky":false,"template":"","format":"standard","meta":{"_monsterinsights_skip_tracking":false,"_monsterinsights_sitenote_active":false,"_monsterinsights_sitenote_note":"","_monsterinsights_sitenote_category":0,"footnotes":"","jetpack_publicize_message":"","jetpack_publicize_feature_enabled":true,"jetpack_social_post_already_shared":true,"jetpack_social_options":{"image_generator_settings":{"template":"highway","default_image_id":0,"font":"","enabled":false},"version":2}},"categories":[2],"tags":[],"class_list":["post-5052","post","type-post","status-publish","format-standard","has-post-thumbnail","hentry","category-politica"],"jetpack_publicize_connections":[],"_links":{"self":[{"href":"https:\/\/www.enorsai.com\/noticias\/wp-json\/wp\/v2\/posts\/5052","targetHints":{"allow":["GET"]}}],"collection":[{"href":"https:\/\/www.enorsai.com\/noticias\/wp-json\/wp\/v2\/posts"}],"about":[{"href":"https:\/\/www.enorsai.com\/noticias\/wp-json\/wp\/v2\/types\/post"}],"author":[{"embeddable":true,"href":"https:\/\/www.enorsai.com\/noticias\/wp-json\/wp\/v2\/users\/1"}],"replies":[{"embeddable":true,"href":"https:\/\/www.enorsai.com\/noticias\/wp-json\/wp\/v2\/comments?post=5052"}],"version-history":[{"count":0,"href":"https:\/\/www.enorsai.com\/noticias\/wp-json\/wp\/v2\/posts\/5052\/revisions"}],"wp:featuredmedia":[{"embeddable":true,"href":"https:\/\/www.enorsai.com\/noticias\/wp-json\/wp\/v2\/media\/5051"}],"wp:attachment":[{"href":"https:\/\/www.enorsai.com\/noticias\/wp-json\/wp\/v2\/media?parent=5052"}],"wp:term":[{"taxonomy":"category","embeddable":true,"href":"https:\/\/www.enorsai.com\/noticias\/wp-json\/wp\/v2\/categories?post=5052"},{"taxonomy":"post_tag","embeddable":true,"href":"https:\/\/www.enorsai.com\/noticias\/wp-json\/wp\/v2\/tags?post=5052"}],"curies":[{"name":"wp","href":"https:\/\/api.w.org\/{rel}","templated":true}]}}