{"id":5046,"date":"2025-06-09T18:08:02","date_gmt":"2025-06-09T21:08:02","guid":{"rendered":"http:\/\/www.enorsai.com\/noticias\/?p=5046"},"modified":"2025-06-09T18:08:29","modified_gmt":"2025-06-09T21:08:29","slug":"carignano-quieren-meter-presa-a-cristina-porque-son-unos-cagones","status":"publish","type":"post","link":"https:\/\/www.enorsai.com\/noticias\/politica\/carignano-quieren-meter-presa-a-cristina-porque-son-unos-cagones\/","title":{"rendered":"Carignano: \u201cQuieren meter presa a Cristina porque son unos cagones\u201d"},"content":{"rendered":"\n<h3 class=\"wp-block-heading\">La diputada nacional Florencia Carignano sostuvo que el posible fallo de la Corte busca frenar la candidatura provincial de la expresidenta. \u201cClaramente le tienen miedo a Cristina, tienen un cagazo terrible y quieren evitar que se presente\u201d, arremeti\u00f3.<\/h3>\n\n\n\n<p>En medio de las versiones que anticipan&nbsp;<strong>un inminente fallo de la Corte Suprema&nbsp;<\/strong>que d\u00e9 lugar a la detenci\u00f3n de&nbsp;<strong>Cristina Fern\u00e1ndez de Kirchner<\/strong>&nbsp;y la imposibilidad de ocupar cargos p\u00fablicos, en el peronismo denuncian que la maniobra esconde un&nbsp;<strong>intento de proscripci\u00f3n<\/strong>.<\/p>\n\n\n\n<p>\u201cEl peronismo siempre le jode al poder real. No entiendo por qu\u00e9 la quieren meter presa\u201d, cuestion\u00f3 este lunes la diputada nacional&nbsp;<strong>Florencia Carignano<\/strong>.<\/p>\n\n\n\n<p>Sin rodeos, la legisladora que en la \u00faltima sesi\u00f3n en el Congreso habl\u00f3 de los responsables del atentado a la expresidenta, asever\u00f3:&nbsp;<strong>\u201cSon unos cagones\u201d<\/strong>.<\/p>\n\n\n\n<p><strong>\u201cClaramente le tienen miedo a Cristina. Tienen un cagazo terrible\u201d<\/strong>, advirti\u00f3, en declaraciones a&nbsp;<em>Futurock<\/em>.<\/p>\n\n\n\n<p>En otro pasaje de la entrevista, Carignano dej\u00f3 entrever que el posible pronunciamiento judicial contra la exmandataria responde a\u00a0<strong>la candidatura lanzada recientemente de cara a las elecciones bonaerenses<\/strong>.<\/p>\n\n\n\n<p><strong>\u201cEst\u00e1n queriendo que no se presente de candidata \u00bfPor qu\u00e9? Porque ten\u00e9s miedo que gane y, si gana en la provincia de Buenos Aires, te caga todas las elecciones\u201d<\/strong>, analiz\u00f3.<\/p>\n\n\n\n<p>E insisti\u00f3:&nbsp;<strong>\u201cSi fuese Milei no prender\u00eda ese f\u00f3sforo. Le tienen mucho miedo a Critina y quieren evitar que se presente\u201d<\/strong>.<\/p>\n\n\n\n<p>Fuente:<\/p>\n\n\n\n<ul class=\"wp-block-list\">\n<li><a href=\"https:\/\/andigital.com.ar\/nota\/132832\/quieren-meter-presa-a-cristina-porque-son-unos-cagones\/\">https:\/\/andigital.com.ar\/nota\/132832\/quieren-meter-presa-a-cristina-porque-son-unos-cagones\/<\/a><\/li>\n<\/ul>\n","protected":false},"excerpt":{"rendered":"<p>La diputada nacional Florencia Carignano sostuvo que el posible fallo de la Corte busca frenar la candidatura provincial de la expresidenta. \u201cClaramente le tienen miedo a Cristina, tienen un cagazo terrible y quieren evitar que se presente\u201d, arremeti\u00f3. En medio de las versiones que anticipan&nbsp;un inminente fallo de la Corte Suprema&nbsp;que d\u00e9 lugar a la&#8230;<\/p>\n","protected":false},"author":1,"featured_media":5047,"comment_status":"open","ping_status":"open","sticky":false,"template":"","format":"standard","meta":{"_monsterinsights_skip_tracking":false,"_monsterinsights_sitenote_active":false,"_monsterinsights_sitenote_note":"","_monsterinsights_sitenote_category":0,"footnotes":"","jetpack_publicize_message":"","jetpack_publicize_feature_enabled":true,"jetpack_social_post_already_shared":true,"jetpack_social_options":{"image_generator_settings":{"template":"highway","default_image_id":0,"font":"","enabled":false},"version":2}},"categories":[2],"tags":[],"class_list":["post-5046","post","type-post","status-publish","format-standard","has-post-thumbnail","hentry","category-politica"],"jetpack_publicize_connections":[],"_links":{"self":[{"href":"https:\/\/www.enorsai.com\/noticias\/wp-json\/wp\/v2\/posts\/5046","targetHints":{"allow":["GET"]}}],"collection":[{"href":"https:\/\/www.enorsai.com\/noticias\/wp-json\/wp\/v2\/posts"}],"about":[{"href":"https:\/\/www.enorsai.com\/noticias\/wp-json\/wp\/v2\/types\/post"}],"author":[{"embeddable":true,"href":"https:\/\/www.enorsai.com\/noticias\/wp-json\/wp\/v2\/users\/1"}],"replies":[{"embeddable":true,"href":"https:\/\/www.enorsai.com\/noticias\/wp-json\/wp\/v2\/comments?post=5046"}],"version-history":[{"count":3,"href":"https:\/\/www.enorsai.com\/noticias\/wp-json\/wp\/v2\/posts\/5046\/revisions"}],"predecessor-version":[{"id":5050,"href":"https:\/\/www.enorsai.com\/noticias\/wp-json\/wp\/v2\/posts\/5046\/revisions\/5050"}],"wp:featuredmedia":[{"embeddable":true,"href":"https:\/\/www.enorsai.com\/noticias\/wp-json\/wp\/v2\/media\/5047"}],"wp:attachment":[{"href":"https:\/\/www.enorsai.com\/noticias\/wp-json\/wp\/v2\/media?parent=5046"}],"wp:term":[{"taxonomy":"category","embeddable":true,"href":"https:\/\/www.enorsai.com\/noticias\/wp-json\/wp\/v2\/categories?post=5046"},{"taxonomy":"post_tag","embeddable":true,"href":"https:\/\/www.enorsai.com\/noticias\/wp-json\/wp\/v2\/tags?post=5046"}],"curies":[{"name":"wp","href":"https:\/\/api.w.org\/{rel}","templated":true}]}}