{"id":5040,"date":"2025-06-09T16:54:54","date_gmt":"2025-06-09T19:54:54","guid":{"rendered":"https:\/\/www.enorsai.com\/noticias\/politica\/parrilli-la-corte-recibio-ordenes-del-poder-economico-para-meter-presa-a-cristina\/"},"modified":"2025-06-09T16:54:54","modified_gmt":"2025-06-09T19:54:54","slug":"parrilli-la-corte-recibio-ordenes-del-poder-economico-para-meter-presa-a-cristina","status":"publish","type":"post","link":"https:\/\/www.enorsai.com\/noticias\/politica\/parrilli-la-corte-recibio-ordenes-del-poder-economico-para-meter-presa-a-cristina\/","title":{"rendered":"Parrilli: \u201cLa Corte recibi\u00f3 \u00f3rdenes del poder econ\u00f3mico para meter presa a Cristina\u201d"},"content":{"rendered":"\n<p>El senador nacional y exsecretario general de la Presidencia, Oscar Parrilli, tambi\u00e9n se pronunci\u00f3 con contundencia tras el fallo de la Corte Suprema que dej\u00f3 firme la condena contra Cristina Kirchner en la causa Vialidad. Lejos de maquillar sus palabras, afirm\u00f3 que el m\u00e1ximo tribunal actu\u00f3 bajo \u201c\u00f3rdenes del poder econ\u00f3mico para meter presa a Cristina\u201d.<\/p>\n\n\n\n<p>\u201cEsta causa naci\u00f3 con un solo objetivo: destruir pol\u00edticamente a Cristina. No es justicia, es persecuci\u00f3n\u201d, denunci\u00f3 Parrilli en di\u00e1logo con medios. A su entender, el fallo es una pieza m\u00e1s dentro del entramado del lawfare, que tiene como protagonistas a jueces, fiscales, medios de comunicaci\u00f3n y sectores empresariales ligados al poder real.<\/p>\n\n\n\n<p>\u201cEl objetivo no es otro que proscribirla. No les alcanza con ganarle en las urnas, necesitan sacarla del juego a como d\u00e9 lugar\u201d, afirm\u00f3, dejando en claro que la embestida judicial contra Cristina tiene como meta aniquilar pol\u00edticamente a la principal referente del movimiento nacional y popular.<\/p>\n\n\n\n<p>Parrilli tambi\u00e9n advirti\u00f3 que este fallo \u201cno es el final de nada, sino el principio de una nueva etapa de resistencia\u201d, y critic\u00f3 el rol de la Corte Suprema, a la que calific\u00f3 como \u201cun instrumento d\u00f3cil de los grupos de poder\u201d.<\/p>\n\n\n\n<p>\u201cLa Corte est\u00e1 en absoluta decadencia. Lo \u00fanico que hacen es cumplir con el mandato de Magnetto y compa\u00f1\u00eda. Ya ni siquiera se cuidan las formas. La sentencia se firma en la redacci\u00f3n de Clar\u00edn y se publica cuando conviene pol\u00edticamente\u201d, arremeti\u00f3.<\/p>\n\n\n\n<p>El senador consider\u00f3 que la connivencia entre la Justicia y el poder econ\u00f3mico se hace cada vez m\u00e1s expl\u00edcita y que este tipo de maniobras ya no tienen sustento legal ni legitimidad social. \u201cPor eso el pueblo no cree en la Justicia. No hay jueces, hay operadores. Y no hay leyes, hay \u00f3rdenes dictadas desde los escritorios de Techint, Clar\u00edn y el FMI\u201d, denunci\u00f3.<\/p>\n\n\n\n<p>Finalmente, Parrilli llam\u00f3 a no quedarse en la queja y a seguir organiz\u00e1ndose: \u201cNo podemos permitir que nos roben la democracia. Si tocan a Cristina, nos tocan a todos. Y el pueblo argentino ya demostr\u00f3 que no se deja pisotear\u201d.<\/p>\n\n\n\n<p>Fuente:<\/p>\n\n\n\n<p>https:\/\/noticiasargentinas.com\/politica\/oscar-parrilli-aseguro-que-la-corte-recibio&#8211;ordenes&#8211;del-poder-economico-para&#8211;meter-presa-a-cristina-_a6846eaa6a03e81467bf3556e<\/p>\n","protected":false},"excerpt":{"rendered":"<p>El senador nacional y exsecretario general de la Presidencia, Oscar Parrilli, tambi\u00e9n se pronunci\u00f3 con contundencia tras el fallo de la Corte Suprema que dej\u00f3 firme la condena contra Cristina Kirchner en la causa Vialidad. Lejos de maquillar sus palabras, afirm\u00f3 que el m\u00e1ximo tribunal actu\u00f3 bajo \u201c\u00f3rdenes del poder econ\u00f3mico para meter presa a&#8230;<\/p>\n","protected":false},"author":1,"featured_media":5039,"comment_status":"open","ping_status":"open","sticky":false,"template":"","format":"standard","meta":{"_monsterinsights_skip_tracking":false,"_monsterinsights_sitenote_active":false,"_monsterinsights_sitenote_note":"","_monsterinsights_sitenote_category":0,"footnotes":"","jetpack_publicize_message":"","jetpack_publicize_feature_enabled":true,"jetpack_social_post_already_shared":true,"jetpack_social_options":{"image_generator_settings":{"template":"highway","default_image_id":0,"font":"","enabled":false},"version":2}},"categories":[2],"tags":[],"class_list":["post-5040","post","type-post","status-publish","format-standard","has-post-thumbnail","hentry","category-politica"],"jetpack_publicize_connections":[],"_links":{"self":[{"href":"https:\/\/www.enorsai.com\/noticias\/wp-json\/wp\/v2\/posts\/5040","targetHints":{"allow":["GET"]}}],"collection":[{"href":"https:\/\/www.enorsai.com\/noticias\/wp-json\/wp\/v2\/posts"}],"about":[{"href":"https:\/\/www.enorsai.com\/noticias\/wp-json\/wp\/v2\/types\/post"}],"author":[{"embeddable":true,"href":"https:\/\/www.enorsai.com\/noticias\/wp-json\/wp\/v2\/users\/1"}],"replies":[{"embeddable":true,"href":"https:\/\/www.enorsai.com\/noticias\/wp-json\/wp\/v2\/comments?post=5040"}],"version-history":[{"count":0,"href":"https:\/\/www.enorsai.com\/noticias\/wp-json\/wp\/v2\/posts\/5040\/revisions"}],"wp:featuredmedia":[{"embeddable":true,"href":"https:\/\/www.enorsai.com\/noticias\/wp-json\/wp\/v2\/media\/5039"}],"wp:attachment":[{"href":"https:\/\/www.enorsai.com\/noticias\/wp-json\/wp\/v2\/media?parent=5040"}],"wp:term":[{"taxonomy":"category","embeddable":true,"href":"https:\/\/www.enorsai.com\/noticias\/wp-json\/wp\/v2\/categories?post=5040"},{"taxonomy":"post_tag","embeddable":true,"href":"https:\/\/www.enorsai.com\/noticias\/wp-json\/wp\/v2\/tags?post=5040"}],"curies":[{"name":"wp","href":"https:\/\/api.w.org\/{rel}","templated":true}]}}