{"id":5036,"date":"2025-06-09T16:14:48","date_gmt":"2025-06-09T19:14:48","guid":{"rendered":"https:\/\/www.enorsai.com\/noticias\/politica\/moreau-clarin-le-dice-a-la-corte-que-dia-publicar-y-de-que-manera\/"},"modified":"2025-06-09T16:51:59","modified_gmt":"2025-06-09T19:51:59","slug":"moreau-clarin-le-dice-a-la-corte-que-dia-publicar-y-de-que-manera","status":"publish","type":"post","link":"https:\/\/www.enorsai.com\/noticias\/politica\/moreau-clarin-le-dice-a-la-corte-que-dia-publicar-y-de-que-manera\/","title":{"rendered":"Moreau: \u201cClar\u00edn le dice a la Corte qu\u00e9 d\u00eda publicar y de qu\u00e9 manera\u00bb"},"content":{"rendered":"\n<p>\u2070En declaraciones que no dejaron lugar a dudas, el diputado nacional Leopoldo Moreau denunci\u00f3 la operaci\u00f3n pol\u00edtico-judicial detr\u00e1s del reciente fallo de la Corte Suprema que dej\u00f3 firme la condena contra Cristina Fern\u00e1ndez de Kirchner en la causa Vialidad. Para el dirigente radical-kirchnerista, lo sucedido no es m\u00e1s que una muestra cabal del \u201cestado de putrefacci\u00f3n\u201d del sistema judicial argentino.<\/p>\n\n\n\n<p>\u201cClar\u00edn le dice a la Corte qu\u00e9 d\u00eda publicar y de qu\u00e9 manera\u201d, dispar\u00f3 Moreau, apuntando directamente al conglomerado medi\u00e1tico como el actor central en la persecuci\u00f3n contra la expresidenta. Seg\u00fan el legislador, el fallo no s\u00f3lo tiene un contenido pol\u00edtico orientado a proscribir a Cristina del escenario electoral, sino que adem\u00e1s fue cronometrado medi\u00e1ticamente para coincidir con momentos clave del escenario pol\u00edtico.<\/p>\n\n\n\n<p>Moreau tambi\u00e9n se refiri\u00f3 al contexto de descomposici\u00f3n institucional que atraviesa la Justicia argentina, y fue especialmente duro con los jueces del m\u00e1ximo tribunal: \u201cEsto ya no es un Poder Judicial, es una escriban\u00eda del poder econ\u00f3mico. No hay divisi\u00f3n de poderes, hay subordinaci\u00f3n del derecho a los intereses del establishment\u201d.<\/p>\n\n\n\n<p>\u201cTodo esto responde a una coordinaci\u00f3n milim\u00e9trica entre la Corte Suprema y el aparato de medios concentrados\u201d, afirm\u00f3, en una clara alusi\u00f3n al lawfare que desde hace a\u00f1os viene denunciando el kirchnerismo. \u201cEst\u00e1n decididos a borrar a Cristina del mapa pol\u00edtico porque saben que sigue siendo la dirigente con mayor volumen electoral del pa\u00eds\u201d, sentenci\u00f3.<\/p>\n\n\n\n<p>En ese sentido, sostuvo que la Corte \u201cest\u00e1 al servicio de una estrategia para reconfigurar el sistema pol\u00edtico argentino a gusto del poder econ\u00f3mico, eliminando cualquier expresi\u00f3n que represente a las mayor\u00edas populares\u201d.<\/p>\n\n\n\n<p>Lejos de dar por cerrada la discusi\u00f3n, Moreau llam\u00f3 a movilizarse para \u201cdefender el Estado de derecho y la democracia real, no esta parodia servil que vivimos hoy\u201d.<\/p>\n\n\n\n<p>Fuente:<\/p>\n\n\n\n<ul class=\"wp-block-list\">\n<li>https:\/\/noticiasargentinas.com\/politica\/moreau&#8211;sobre-el-fallo-de-cristina-kirchner&#8212;clarin-le-dice-a-la-corte-que-dia-publicar-y-de-que-manera-_a6846f426a03e81467bf40043<\/li>\n<\/ul>\n","protected":false},"excerpt":{"rendered":"<p>\u2070En declaraciones que no dejaron lugar a dudas, el diputado nacional Leopoldo Moreau denunci\u00f3 la operaci\u00f3n pol\u00edtico-judicial detr\u00e1s del reciente fallo de la Corte Suprema que dej\u00f3 firme la condena contra Cristina Fern\u00e1ndez de Kirchner en la causa Vialidad. Para el dirigente radical-kirchnerista, lo sucedido no es m\u00e1s que una muestra cabal del \u201cestado de&#8230;<\/p>\n","protected":false},"author":13,"featured_media":5035,"comment_status":"open","ping_status":"open","sticky":false,"template":"","format":"standard","meta":{"_monsterinsights_skip_tracking":false,"_monsterinsights_sitenote_active":false,"_monsterinsights_sitenote_note":"","_monsterinsights_sitenote_category":0,"footnotes":"","jetpack_publicize_message":"","jetpack_publicize_feature_enabled":true,"jetpack_social_post_already_shared":true,"jetpack_social_options":{"image_generator_settings":{"template":"highway","default_image_id":0,"font":"","enabled":false},"version":2}},"categories":[2],"tags":[],"class_list":["post-5036","post","type-post","status-publish","format-standard","has-post-thumbnail","hentry","category-politica"],"jetpack_publicize_connections":[],"_links":{"self":[{"href":"https:\/\/www.enorsai.com\/noticias\/wp-json\/wp\/v2\/posts\/5036","targetHints":{"allow":["GET"]}}],"collection":[{"href":"https:\/\/www.enorsai.com\/noticias\/wp-json\/wp\/v2\/posts"}],"about":[{"href":"https:\/\/www.enorsai.com\/noticias\/wp-json\/wp\/v2\/types\/post"}],"author":[{"embeddable":true,"href":"https:\/\/www.enorsai.com\/noticias\/wp-json\/wp\/v2\/users\/13"}],"replies":[{"embeddable":true,"href":"https:\/\/www.enorsai.com\/noticias\/wp-json\/wp\/v2\/comments?post=5036"}],"version-history":[{"count":1,"href":"https:\/\/www.enorsai.com\/noticias\/wp-json\/wp\/v2\/posts\/5036\/revisions"}],"predecessor-version":[{"id":5038,"href":"https:\/\/www.enorsai.com\/noticias\/wp-json\/wp\/v2\/posts\/5036\/revisions\/5038"}],"wp:featuredmedia":[{"embeddable":true,"href":"https:\/\/www.enorsai.com\/noticias\/wp-json\/wp\/v2\/media\/5035"}],"wp:attachment":[{"href":"https:\/\/www.enorsai.com\/noticias\/wp-json\/wp\/v2\/media?parent=5036"}],"wp:term":[{"taxonomy":"category","embeddable":true,"href":"https:\/\/www.enorsai.com\/noticias\/wp-json\/wp\/v2\/categories?post=5036"},{"taxonomy":"post_tag","embeddable":true,"href":"https:\/\/www.enorsai.com\/noticias\/wp-json\/wp\/v2\/tags?post=5036"}],"curies":[{"name":"wp","href":"https:\/\/api.w.org\/{rel}","templated":true}]}}