{"id":5034,"date":"2025-06-09T13:34:10","date_gmt":"2025-06-09T16:34:10","guid":{"rendered":"https:\/\/www.enorsai.com\/noticias\/sociedad\/milei-y-caputo-dejaron-a-miles-de-familias-sin-vivienda-el-fin-del-procrear\/"},"modified":"2025-06-09T13:34:10","modified_gmt":"2025-06-09T16:34:10","slug":"milei-y-caputo-dejaron-a-miles-de-familias-sin-vivienda-el-fin-del-procrear","status":"publish","type":"post","link":"https:\/\/www.enorsai.com\/noticias\/sociedad\/milei-y-caputo-dejaron-a-miles-de-familias-sin-vivienda-el-fin-del-procrear\/","title":{"rendered":"Milei y Caputo dejaron a miles de familias sin vivienda: el fin del PROCREAR"},"content":{"rendered":"\n<p>Por d\u00e9cadas, el acceso a la vivienda propia en Argentina ha sido una meta lejana para amplios sectores de la clase media y trabajadora. El PROCREAR, creado en 2012, vino a dar una respuesta concreta frente a esa necesidad estructural, combinando cr\u00e9ditos accesibles, desarrollos urban\u00edsticos y una l\u00f3gica inclusiva de planificaci\u00f3n estatal. <\/p>\n\n\n\n<p>Sin embargo, el gobierno de Javier Milei, fiel a su l\u00f3gica de demolici\u00f3n del Estado, ha puesto fin al programa, dejando a miles de familias en el limbo y abriendo las puertas a un oscuro negocio inmobiliario privado.<br><br>Seg\u00fan revel\u00f3 P\u00e1gina\/12, el Ministerio de Econom\u00eda conducido por Luis \u201cToto\u201d Caputo decidi\u00f3 suspender los desembolsos para la construcci\u00f3n de viviendas del PROCREAR, y lo hizo sin previo aviso ni consideraci\u00f3n alguna por los proyectos en curso. Esto paraliz\u00f3 m\u00e1s de 55 desarrollos urban\u00edsticos en todo el pa\u00eds, dejando unas 6.000 viviendas sin terminar. La motosierra libertaria no distingue entre planes sociales, educaci\u00f3n, ciencia o vivienda: todo lo que huela a Estado es un enemigo a eliminar.<br><br>El sue\u00f1o interrumpido<br><br>Las im\u00e1genes que llegan desde distintos puntos del pa\u00eds son impactantes: edificios a medio terminar, viviendas habitadas por familias que a\u00fan viven sin servicios b\u00e1sicos, barrios que iban a ser hogares y hoy son escombros en pausa. Las constructoras que trabajaban en los desarrollos afirman que Naci\u00f3n dej\u00f3 de pagarles en febrero, y no hubo ning\u00fan tipo de comunicaci\u00f3n formal. El resultado es obvio: obras paralizadas, trabajadores despedidos, familias estafadas por un Estado que ya no se siente responsable de garantizar derechos.<br><br>El argumento oficial es que \u201clos recursos son escasos\u201d y \u201cno hay plata\u201d, el mantra con el que Milei justifica cada uno de sus recortes brutales. Pero el trasfondo de esta decisi\u00f3n va mucho m\u00e1s all\u00e1 del ajuste fiscal. Tal como revela otra investigaci\u00f3n de P\u00e1gina\/12, detr\u00e1s del desmantelamiento del PROCREAR se esconde un negocio privado tan millonario como opaco.<br><br>\u00bfDe la vivienda social al negocio inmobiliario?<br><br>Con el pretexto de \u201coptimizar recursos\u201d y eliminar \u201cineficiencias\u201d, el gobierno libertario est\u00e1 poniendo en marcha un proceso de liquidaci\u00f3n de terrenos fiscales que hab\u00edan sido reservados para desarrollos habitacionales. Se trata de tierras del Estado nacional que, en lugar de destinarse a proyectos sociales de vivienda, est\u00e1n siendo revalorizadas y preparadas para la venta al mejor postor: empresas inmobiliarias, fondos de inversi\u00f3n y desarrolladores privados.<br><br>Este vaciamiento del PROCREAR no solo implica un brutal recorte de derechos, sino tambi\u00e9n una transferencia de recursos p\u00fablicos a sectores concentrados del mercado. La l\u00f3gica es clara: el Estado se retira, la tierra se privatiza, y el sue\u00f1o de la casa propia se convierte en un privilegio de pocos. El acceso a la vivienda, que durante m\u00e1s de una d\u00e9cada fue entendido como una pol\u00edtica p\u00fablica estrat\u00e9gica, vuelve a depender de la l\u00f3gica del mercado, donde quien no puede pagar, simplemente queda afuera.<br><br>Una pol\u00edtica que funcionaba<br><br>Lo m\u00e1s grave es que el PROCREAR era una pol\u00edtica que hab\u00eda demostrado resultados concretos. Desde su creaci\u00f3n, permiti\u00f3 construir m\u00e1s de 70 mil viviendas y generar m\u00e1s de 100 mil puestos de trabajo en todo el pa\u00eds. Fue uno de los programas m\u00e1s exitosos en t\u00e9rminos de articulaci\u00f3n federal, inversi\u00f3n en obra p\u00fablica y dinamizaci\u00f3n de la econom\u00eda real. Hoy, el modelo que priorizaba a las familias trabajadoras sobre los grandes jugadores del mercado inmobiliario est\u00e1 siendo desmontado con una violencia simb\u00f3lica y material alarmante.<br><br>Las consecuencias son m\u00faltiples: desde el aumento del d\u00e9ficit habitacional hasta la ca\u00edda del empleo en la construcci\u00f3n, pasando por la destrucci\u00f3n de tejido social en barrios que estaban comenzando a consolidarse. El da\u00f1o es tan profundo como evitable.<br><br>El derecho a la vivienda, en jaque<br><br>El caso del PROCREAR es emblem\u00e1tico porque condensa la filosof\u00eda de gobierno de Javier Milei: la eliminaci\u00f3n de todo lo que represente un rol activo del Estado en la vida de la sociedad. No importa si funciona, no importa si mejora la vida de millones: si lo gest\u00f3 el Estado, debe morir.<br><br>Pero detr\u00e1s de cada n\u00famero que desaparece del presupuesto, hay personas reales. Familias que ahorraron, que planificaron su futuro, que ya estaban viviendo en las viviendas entregadas y ahora no tienen ni servicios ni respuestas. Ni siquiera la dignidad de una comunicaci\u00f3n oficial. La motosierra de Milei no corta privilegios; corta derechos.<br><br>Frente a este panorama, crece la indignaci\u00f3n social, se multiplican los reclamos y empieza a organizarse la resistencia. Porque una Argentina sin techo propio, sin planificaci\u00f3n urbana, sin pol\u00edticas p\u00fablicas que garanticen el derecho a habitar, es una Argentina condenada a la exclusi\u00f3n y al negocio inmobiliario de unos pocos.<br><br>El sue\u00f1o de la vivienda digna no puede depender del capricho de un presidente que desprecia al Estado y de un ministro de Econom\u00eda con antecedentes de fracaso. Es hora de que la sociedad reclame no solo por el regreso del PROCREAR, sino por un modelo de pa\u00eds que priorice el bienestar colectivo por sobre la especulaci\u00f3n inmobiliaria y la destrucci\u00f3n sistem\u00e1tica de lo p\u00fablico.<br><br>Fuentes:<\/p>\n\n\n\n<ul class=\"wp-block-list\">\n<li>https:\/\/www.pagina12.com.ar\/832427-la-motosierra-de-milei-y-caputo-le-puso-fin-al-plan-procrear<\/li>\n\n\n\n<li>https:\/\/www.pagina12.com.ar\/832442-el-negocio-oculto-detras-del-desmantelamiento-del-procrear<\/li>\n<\/ul>\n","protected":false},"excerpt":{"rendered":"<p>Por d\u00e9cadas, el acceso a la vivienda propia en Argentina ha sido una meta lejana para amplios sectores de la clase media y trabajadora. El PROCREAR, creado en 2012, vino a dar una respuesta concreta frente a esa necesidad estructural, combinando cr\u00e9ditos accesibles, desarrollos urban\u00edsticos y una l\u00f3gica inclusiva de planificaci\u00f3n estatal. Sin embargo, el&#8230;<\/p>\n","protected":false},"author":13,"featured_media":5033,"comment_status":"open","ping_status":"open","sticky":false,"template":"","format":"standard","meta":{"_monsterinsights_skip_tracking":false,"_monsterinsights_sitenote_active":false,"_monsterinsights_sitenote_note":"","_monsterinsights_sitenote_category":0,"footnotes":"","jetpack_publicize_message":"","jetpack_publicize_feature_enabled":true,"jetpack_social_post_already_shared":true,"jetpack_social_options":{"image_generator_settings":{"template":"highway","default_image_id":0,"font":"","enabled":false},"version":2}},"categories":[4],"tags":[],"class_list":["post-5034","post","type-post","status-publish","format-standard","has-post-thumbnail","hentry","category-sociedad"],"jetpack_publicize_connections":[],"_links":{"self":[{"href":"https:\/\/www.enorsai.com\/noticias\/wp-json\/wp\/v2\/posts\/5034","targetHints":{"allow":["GET"]}}],"collection":[{"href":"https:\/\/www.enorsai.com\/noticias\/wp-json\/wp\/v2\/posts"}],"about":[{"href":"https:\/\/www.enorsai.com\/noticias\/wp-json\/wp\/v2\/types\/post"}],"author":[{"embeddable":true,"href":"https:\/\/www.enorsai.com\/noticias\/wp-json\/wp\/v2\/users\/13"}],"replies":[{"embeddable":true,"href":"https:\/\/www.enorsai.com\/noticias\/wp-json\/wp\/v2\/comments?post=5034"}],"version-history":[{"count":1,"href":"https:\/\/www.enorsai.com\/noticias\/wp-json\/wp\/v2\/posts\/5034\/revisions"}],"predecessor-version":[{"id":5037,"href":"https:\/\/www.enorsai.com\/noticias\/wp-json\/wp\/v2\/posts\/5034\/revisions\/5037"}],"wp:featuredmedia":[{"embeddable":true,"href":"https:\/\/www.enorsai.com\/noticias\/wp-json\/wp\/v2\/media\/5033"}],"wp:attachment":[{"href":"https:\/\/www.enorsai.com\/noticias\/wp-json\/wp\/v2\/media?parent=5034"}],"wp:term":[{"taxonomy":"category","embeddable":true,"href":"https:\/\/www.enorsai.com\/noticias\/wp-json\/wp\/v2\/categories?post=5034"},{"taxonomy":"post_tag","embeddable":true,"href":"https:\/\/www.enorsai.com\/noticias\/wp-json\/wp\/v2\/tags?post=5034"}],"curies":[{"name":"wp","href":"https:\/\/api.w.org\/{rel}","templated":true}]}}