{"id":5032,"date":"2025-06-09T12:25:03","date_gmt":"2025-06-09T15:25:03","guid":{"rendered":"https:\/\/www.enorsai.com\/noticias\/politica\/mayra-mendoza-fulmina-a-espert-el-que-viaja-en-aviones-narcos-sos-vos\/"},"modified":"2025-06-09T12:25:03","modified_gmt":"2025-06-09T15:25:03","slug":"mayra-mendoza-fulmina-a-espert-el-que-viaja-en-aviones-narcos-sos-vos","status":"publish","type":"post","link":"https:\/\/www.enorsai.com\/noticias\/politica\/mayra-mendoza-fulmina-a-espert-el-que-viaja-en-aviones-narcos-sos-vos\/","title":{"rendered":"Mayra Mendoza fulmina a Espert: \u201cEl que viaja en aviones narcos sos vos\u201d"},"content":{"rendered":"\n<p>En medio de la creciente tensi\u00f3n pol\u00edtica y judicial que rodea a Cristina Fern\u00e1ndez de Kirchner, la intendenta de Quilmes, Mayra Mendoza, lanz\u00f3 una feroz respuesta contra el diputado liberal Jos\u00e9 Luis Espert, quien hab\u00eda pedido p\u00fablicamente que la expresidenta \u201cdesaparezca de la vida pol\u00edtica argentina\u201d.<br><br>Todo comenz\u00f3 con un tuit de Espert, donde replic\u00f3 una nota sobre la campa\u00f1a internacional que el Grupo de Puebla lleva adelante en defensa de Cristina Kirchner, ante la posibilidad concreta de una detenci\u00f3n judicial. Fiel a su estilo provocador, el economista devenido en diputado no escatim\u00f3 insultos: \u201cTodos impresentables de mierda. Es chorra, delincuente. Tiene que estar presa y desaparecer de la vida pol\u00edtica argentina\u201d.<br><br>La respuesta no tard\u00f3 en llegar. Mendoza, referente de La C\u00e1mpora y firme defensora del liderazgo de Cristina, sali\u00f3 al cruce con una acusaci\u00f3n de alto voltaje pol\u00edtico y judicial: \u201cEl impresentable que viaja en aviones narcos y deber\u00eda dar explicaciones ante la justicia sos vos @jlespert\u201d. La frase, lejos de ser una exageraci\u00f3n ret\u00f3rica, hace alusi\u00f3n a viejas denuncias period\u00edsticas que vinculan a Espert con vuelos en aeronaves ligadas a actividades sospechosas, tema que el libertario nunca logr\u00f3 disipar del todo.<br><br>Pero la jefa comunal no se qued\u00f3 all\u00ed. En un hilo contundente, cuestion\u00f3 la obsesi\u00f3n de ciertos sectores del poder con eliminar a Cristina Kirchner del mapa pol\u00edtico por la v\u00eda judicial, comparando esta avanzada con los intentos hist\u00f3ricos de proscripci\u00f3n sufridos por Juan Domingo Per\u00f3n. \u201cLa vigencia de una l\u00edder no la define el partido judicial, como no lograron con proscripciones apagar a Per\u00f3n en el coraz\u00f3n de los argentinos, tampoco lo podr\u00e1n hacer ahora\u201d, sostuvo Mendoza.<br><br>Luego, arremeti\u00f3 contra la coalici\u00f3n de derecha que hoy gobierna: \u201cCambian los m\u00e9todos, pero demuestran que no aprenden nada. Ser\u00eda bueno que traten de ganarle en las urnas siendo mejores con el pueblo de lo que ella fue, pero claro, ustedes defienden otros intereses. En definitiva, lo que venimos diciendo: cagones y mafiosos\u201d.<br><br>La dirigente camporista tambi\u00e9n record\u00f3 los vaivenes pol\u00edticos del economista, quien en los \u00faltimos a\u00f1os supo ir del ala dialoguista del macrismo junto a Horacio Rodr\u00edguez Larreta hasta abrazar el extremismo de Javier Milei. \u201cCristina no va a desaparecer y a vos no te va a querer nunca nadie. Exist\u00eds a base de odio y del comportamiento de casta que te llev\u00f3 de Larreta a Milei\u201d, cerr\u00f3 Mendoza, golpeando donde m\u00e1s duele: la falta de coherencia y base pol\u00edtica genuina del diputado libertario.<br><br>Este nuevo cruce es una muestra m\u00e1s de que la estrategia judicial contra Cristina Fern\u00e1ndez de Kirchner no solo ha activado una respuesta pol\u00edtica a nivel internacional \u2014como lo demuestra la campa\u00f1a del Grupo de Puebla\u2014, sino que est\u00e1 generando una fuerte reacci\u00f3n en el plano interno, sobre todo entre las filas del kirchnerismo.<br><br>Mientras tanto, el oficialismo libertario parece apostar a la persecuci\u00f3n y al hostigamiento medi\u00e1tico y judicial como \u00fanico m\u00e9todo para despejar el camino pol\u00edtico. Sin embargo, como se\u00f1ala Mendoza, si la oposici\u00f3n no logra construir una propuesta superadora y conectar con las mayor\u00edas, la figura de Cristina \u2014lejos de desaparecer\u2014 seguir\u00e1 latiendo en el coraz\u00f3n del pueblo. Porque la historia argentina ya demostr\u00f3 que los intentos de proscripci\u00f3n no debilitan al peronismo: lo fortalecen.<br><br>Fuente:<\/p>\n\n\n\n<p>https:\/\/www.lapoliticaonline.com\/politica\/mayra-mendoza-cruzo-a-espert-el-que-viaja-en-aviones-narcos-sos-vos\/<\/p>\n","protected":false},"excerpt":{"rendered":"<p>En medio de la creciente tensi\u00f3n pol\u00edtica y judicial que rodea a Cristina Fern\u00e1ndez de Kirchner, la intendenta de Quilmes, Mayra Mendoza, lanz\u00f3 una feroz respuesta contra el diputado liberal Jos\u00e9 Luis Espert, quien hab\u00eda pedido p\u00fablicamente que la expresidenta \u201cdesaparezca de la vida pol\u00edtica argentina\u201d. Todo comenz\u00f3 con un tuit de Espert, donde replic\u00f3&#8230;<\/p>\n","protected":false},"author":13,"featured_media":5031,"comment_status":"open","ping_status":"open","sticky":false,"template":"","format":"standard","meta":{"_monsterinsights_skip_tracking":false,"_monsterinsights_sitenote_active":false,"_monsterinsights_sitenote_note":"","_monsterinsights_sitenote_category":0,"footnotes":"","jetpack_publicize_message":"","jetpack_publicize_feature_enabled":true,"jetpack_social_post_already_shared":true,"jetpack_social_options":{"image_generator_settings":{"template":"highway","default_image_id":0,"font":"","enabled":false},"version":2}},"categories":[2],"tags":[],"class_list":["post-5032","post","type-post","status-publish","format-standard","has-post-thumbnail","hentry","category-politica"],"jetpack_publicize_connections":[],"_links":{"self":[{"href":"https:\/\/www.enorsai.com\/noticias\/wp-json\/wp\/v2\/posts\/5032","targetHints":{"allow":["GET"]}}],"collection":[{"href":"https:\/\/www.enorsai.com\/noticias\/wp-json\/wp\/v2\/posts"}],"about":[{"href":"https:\/\/www.enorsai.com\/noticias\/wp-json\/wp\/v2\/types\/post"}],"author":[{"embeddable":true,"href":"https:\/\/www.enorsai.com\/noticias\/wp-json\/wp\/v2\/users\/13"}],"replies":[{"embeddable":true,"href":"https:\/\/www.enorsai.com\/noticias\/wp-json\/wp\/v2\/comments?post=5032"}],"version-history":[{"count":0,"href":"https:\/\/www.enorsai.com\/noticias\/wp-json\/wp\/v2\/posts\/5032\/revisions"}],"wp:featuredmedia":[{"embeddable":true,"href":"https:\/\/www.enorsai.com\/noticias\/wp-json\/wp\/v2\/media\/5031"}],"wp:attachment":[{"href":"https:\/\/www.enorsai.com\/noticias\/wp-json\/wp\/v2\/media?parent=5032"}],"wp:term":[{"taxonomy":"category","embeddable":true,"href":"https:\/\/www.enorsai.com\/noticias\/wp-json\/wp\/v2\/categories?post=5032"},{"taxonomy":"post_tag","embeddable":true,"href":"https:\/\/www.enorsai.com\/noticias\/wp-json\/wp\/v2\/tags?post=5032"}],"curies":[{"name":"wp","href":"https:\/\/api.w.org\/{rel}","templated":true}]}}