{"id":5024,"date":"2025-06-09T07:56:54","date_gmt":"2025-06-09T10:56:54","guid":{"rendered":"https:\/\/www.enorsai.com\/noticias\/?p=5024"},"modified":"2025-06-09T07:56:54","modified_gmt":"2025-06-09T10:56:54","slug":"profesionales-del-garrahan-exigen-la-renuncia-del-ministro-de-salud-mario-lugones","status":"publish","type":"post","link":"https:\/\/www.enorsai.com\/noticias\/politica\/profesionales-del-garrahan-exigen-la-renuncia-del-ministro-de-salud-mario-lugones\/","title":{"rendered":"Profesionales del Garrahan exigen la renuncia del ministro de Salud Mario Lugones"},"content":{"rendered":"\n<p>La Asociaci\u00f3n de Profesionales y T\u00e9cnicos del Garrahan convoca a una campa\u00f1a nacional en defensa del hospital, exigiendo la renuncia del ministro de Salud Mario Lugones y del Consejo de Administraci\u00f3n.<\/p>\n\n\n\n<p>En medio de un creciente conflicto en el Hospital de Pediatr\u00eda Garrahan, la Asociaci\u00f3n de Profesionales y T\u00e9cnicos (APyT) lanz\u00f3 una fuerte convocatoria a un Cabildo Abierto para este viernes 6 de junio a las 16 horas, con el objetivo de coordinar una campa\u00f1a nacional en defensa del hospital p\u00fablico de alta complejidad m\u00e1s importante de Sudam\u00e9rica. La movilizaci\u00f3n tendr\u00e1 su continuidad el pr\u00f3ximo mi\u00e9rcoles 11 de junio, con una concentraci\u00f3n en Plaza de Mayo y en plazas de todo el pa\u00eds bajo la consigna \u00abSalvemos al Garrahan\u00bb.<\/p>\n\n\n\n<p>En un comunicado contundente, la APyT no solo reiter\u00f3 sus demandas laborales y presupuestarias, sino que apunt\u00f3 directamente contra las autoridades del hospital y el gobierno nacional. \u201cDeber\u00eda renunciar todo el Consejo de Administraci\u00f3n del Hospital Garrahan y tambi\u00e9n el ministro nacional de Salud, Mario Lugones, que evidentemente es incompetente para el cargo que ocupa\u201d, sostuvieron desde la asociaci\u00f3n gremial.<\/p>\n\n\n\n<p>El conflicto, que se ha intensificado en las \u00faltimas semanas, va m\u00e1s all\u00e1 de lo salarial. \u201cEl gobierno nacional sigue sin entender que no est\u00e1 frente a un conflicto exclusivamente econ\u00f3mico o sindical. Somos profesionales de la salud que defendemos una instituci\u00f3n clave para el pa\u00eds\u201d, expresaron.<\/p>\n\n\n\n<p>Seg\u00fan indicaron, el respaldo social ha sido \u201cemocionante e in\u00e9dito\u201d, y convocaron a la ciudadan\u00eda a sumar su apoyo de manera activa, participando en la recolecci\u00f3n de firmas en plazas, parques, universidades, colegios y espacios de trabajo, en defensa del hospital y de sus trabajadores.<\/p>\n\n\n\n<p>La APyT remarc\u00f3 que el encuentro de este viernes es p\u00fablico y abierto a organizaciones sociales, estudiantiles, cient\u00edficas y de derechos humanos, as\u00ed como a familias de pacientes. \u201cEl Garrahan es de los chicos y chicas que lo necesitan, y su defensa debe ser una causa nacional\u201d, concluyeron.<\/p>\n\n\n\n<p>Por Infogremiales<\/p>\n","protected":false},"excerpt":{"rendered":"<p>La Asociaci\u00f3n de Profesionales y T\u00e9cnicos del Garrahan convoca a una campa\u00f1a nacional en defensa del hospital, exigiendo la renuncia del ministro de Salud Mario Lugones y del Consejo de Administraci\u00f3n. En medio de un creciente conflicto en el Hospital de Pediatr\u00eda Garrahan, la Asociaci\u00f3n de Profesionales y T\u00e9cnicos (APyT) lanz\u00f3 una fuerte convocatoria a&#8230;<\/p>\n","protected":false},"author":5,"featured_media":5025,"comment_status":"open","ping_status":"open","sticky":false,"template":"","format":"standard","meta":{"_monsterinsights_skip_tracking":false,"_monsterinsights_sitenote_active":false,"_monsterinsights_sitenote_note":"","_monsterinsights_sitenote_category":0,"footnotes":"","jetpack_publicize_message":"","jetpack_publicize_feature_enabled":true,"jetpack_social_post_already_shared":true,"jetpack_social_options":{"image_generator_settings":{"template":"highway","default_image_id":0,"font":"","enabled":false},"version":2}},"categories":[2],"tags":[58,43,249,554],"class_list":["post-5024","post","type-post","status-publish","format-standard","has-post-thumbnail","hentry","category-politica","tag-ajuste","tag-crisis","tag-salud","tag-salud-publica"],"jetpack_publicize_connections":[],"_links":{"self":[{"href":"https:\/\/www.enorsai.com\/noticias\/wp-json\/wp\/v2\/posts\/5024","targetHints":{"allow":["GET"]}}],"collection":[{"href":"https:\/\/www.enorsai.com\/noticias\/wp-json\/wp\/v2\/posts"}],"about":[{"href":"https:\/\/www.enorsai.com\/noticias\/wp-json\/wp\/v2\/types\/post"}],"author":[{"embeddable":true,"href":"https:\/\/www.enorsai.com\/noticias\/wp-json\/wp\/v2\/users\/5"}],"replies":[{"embeddable":true,"href":"https:\/\/www.enorsai.com\/noticias\/wp-json\/wp\/v2\/comments?post=5024"}],"version-history":[{"count":1,"href":"https:\/\/www.enorsai.com\/noticias\/wp-json\/wp\/v2\/posts\/5024\/revisions"}],"predecessor-version":[{"id":5026,"href":"https:\/\/www.enorsai.com\/noticias\/wp-json\/wp\/v2\/posts\/5024\/revisions\/5026"}],"wp:featuredmedia":[{"embeddable":true,"href":"https:\/\/www.enorsai.com\/noticias\/wp-json\/wp\/v2\/media\/5025"}],"wp:attachment":[{"href":"https:\/\/www.enorsai.com\/noticias\/wp-json\/wp\/v2\/media?parent=5024"}],"wp:term":[{"taxonomy":"category","embeddable":true,"href":"https:\/\/www.enorsai.com\/noticias\/wp-json\/wp\/v2\/categories?post=5024"},{"taxonomy":"post_tag","embeddable":true,"href":"https:\/\/www.enorsai.com\/noticias\/wp-json\/wp\/v2\/tags?post=5024"}],"curies":[{"name":"wp","href":"https:\/\/api.w.org\/{rel}","templated":true}]}}