{"id":5023,"date":"2025-06-09T07:21:29","date_gmt":"2025-06-09T10:21:29","guid":{"rendered":"https:\/\/www.enorsai.com\/noticias\/sociedad\/el-ministerio-de-salud-elimino-contenidos-clave-sobre-aborto-y-abuso-infantil-del-examen-para-residencias-medicas\/"},"modified":"2025-06-09T07:21:29","modified_gmt":"2025-06-09T10:21:29","slug":"el-ministerio-de-salud-elimino-contenidos-clave-sobre-aborto-y-abuso-infantil-del-examen-para-residencias-medicas","status":"publish","type":"post","link":"https:\/\/www.enorsai.com\/noticias\/sociedad\/el-ministerio-de-salud-elimino-contenidos-clave-sobre-aborto-y-abuso-infantil-del-examen-para-residencias-medicas\/","title":{"rendered":"El Ministerio de Salud elimin\u00f3 contenidos clave sobre aborto y abuso infantil del examen para residencias m\u00e9dicas"},"content":{"rendered":"\n<p>En una nueva embestida contra la salud p\u00fablica y los derechos conquistados, el Ministerio de Salud de la Naci\u00f3n elimin\u00f3 del examen de residencias m\u00e9dicas contenidos fundamentales vinculados a la interrupci\u00f3n voluntaria y legal del embarazo, el abuso sexual infantil, la Ley de Parto Humanizado y la atenci\u00f3n integral de infancias y adolescencias trans. <\/p>\n\n\n\n<p>La decisi\u00f3n, que ya gener\u00f3 un amplio repudio en la comunidad m\u00e9dica, se inscribe en la l\u00ednea ideol\u00f3gica del gobierno de Javier Milei, que no oculta su desprecio por las pol\u00edticas p\u00fablicas con perspectiva de derechos.<br><br>La modificaci\u00f3n fue detectada por una m\u00e9dica en formaci\u00f3n mientras se preparaba para el examen de residencias, instancia clave en la carrera profesional de cualquier trabajador de la salud. Al revisar la bibliograf\u00eda oficial publicada por la cartera sanitaria, not\u00f3 que hab\u00edan desaparecido varios textos que eran de consulta obligatoria hasta el a\u00f1o pasado. La denuncia fue acompa\u00f1ada por la agrupaci\u00f3n estudiantil El Torrente, que visibiliz\u00f3 la situaci\u00f3n y advirti\u00f3 sobre sus graves implicancias.<br><br>Censura ideol\u00f3gica y peligrosa<br><br>Entre los contenidos eliminados figuran:<br><br>Los protocolos de Interrupci\u00f3n Legal del Embarazo (ILE) e Interrupci\u00f3n Voluntaria del Embarazo (IVE),<br><br>Las recomendaciones para la atenci\u00f3n integral de ni\u00f1eces y adolescencias trans,<br><br>La Gu\u00eda Pr\u00e1ctica de Abordaje Integral de Abuso Sexual Infantil,<br><br>La Ley de Parto Humanizado,<br><br>Y el documento \u201cAbusos sexuales y embarazo forzado en la ni\u00f1ez y adolescencia\u201d, elaborado en 2018 por el Ministerio de Salud junto a UNICEF en el marco del Plan ENIA (desfinanciado por el actual gobierno).<br><br><br>Se trata de materiales indispensables para una formaci\u00f3n integral de los futuros profesionales de la salud, con perspectiva de derechos humanos, de g\u00e9nero y de infancia. Su exclusi\u00f3n no solo representa una regresi\u00f3n alarmante en materia educativa, sino que pone en riesgo la calidad del sistema sanitario y la atenci\u00f3n que recibir\u00e1n miles de pacientes.<br><br>\u201cNo solo afecta al profesional, tambi\u00e9n a los pacientes\u201d<br><br>\u201cQuiero seguir medicina cl\u00ednica. Si no puedo hacer un aborto o acompa\u00f1ar a una persona despu\u00e9s de un abuso, no puedo hacer bien mi trabajo\u201d, expres\u00f3 Paula Pirrello, m\u00e9dica de la UBA, una de las primeras en advertir la omisi\u00f3n. \u201cNo es solo un retroceso para quienes nos formamos, sino tambi\u00e9n para las personas a las que debemos asistir. Esto atenta directamente contra la salud p\u00fablica\u201d, afirm\u00f3.<br><br>Desde El Torrente, la organizaci\u00f3n que integra, fueron categ\u00f3ricos: \u201cEntendemos la eliminaci\u00f3n de estos contenidos como una declaraci\u00f3n pol\u00edtica en contra de la salud p\u00fablica. No es casualidad, es parte de un plan sistem\u00e1tico para desmantelar derechos\u201d.<br><br>Milei, coherente con su desprecio por los derechos<br><br>La medida no sorprende si se la enmarca dentro del plan de ajuste y demolici\u00f3n institucional que lleva adelante Javier Milei. El presidente ya hab\u00eda calificado al aborto como una \u201caberraci\u00f3n\u201d durante su exposici\u00f3n en el Foro de Davos, donde despotric\u00f3 contra la perspectiva de g\u00e9nero y las pol\u00edticas de inclusi\u00f3n.<br><br>En esa misma l\u00ednea, su gobierno avanz\u00f3 con un decreto para modificar la Ley de Identidad de G\u00e9nero, afectando derechos adquiridos de personas trans menores de edad y personas privadas de libertad. La norma fue frenada por la Justicia porte\u00f1a gracias a un amparo presentado por la Federaci\u00f3n Argentina LGBT.<br><br>Una formaci\u00f3n mutilada es una amenaza para toda la sociedad<br><br>El recorte ideol\u00f3gico de la bibliograf\u00eda m\u00e9dica representa una peligrosa mutilaci\u00f3n del conocimiento. Si quienes se forman para ejercer la medicina no reciben herramientas para abordar situaciones como un abuso sexual, un embarazo forzado o una transici\u00f3n de g\u00e9nero, \u00bfqu\u00e9 tipo de profesionales est\u00e1 promoviendo el Estado?<br><br>M\u00e1s a\u00fan: \u00bfqu\u00e9 mensaje se le est\u00e1 dando a las personas que sufren estas situaciones? La exclusi\u00f3n de estos contenidos no es un simple error ni un ajuste t\u00e9cnico. Es un gesto de desprecio hacia los sectores m\u00e1s vulnerables de la sociedad: mujeres, ni\u00f1as, ni\u00f1os, adolescentes y personas trans.<br><br>Bajo el pretexto de la libertad y la eficiencia, el gobierno de La Libertad Avanza avanza sin disimulo en una cruzada contra los derechos conquistados, empujando al sistema de salud a un modelo oscuro, conservador y excluyente.<br><br>El silencio c\u00f3mplice del Ministerio<br><br>Hasta el momento, el Ministerio de Salud no ofreci\u00f3 explicaci\u00f3n alguna sobre los motivos de esta decisi\u00f3n. Las preguntas son m\u00faltiples: \u00bfqui\u00e9n tom\u00f3 la decisi\u00f3n de eliminar estos textos? \u00bfBajo qu\u00e9 criterio? \u00bfSe consult\u00f3 a profesionales, especialistas o instituciones acad\u00e9micas?<br><br>\u201cMe gustar\u00eda saber cu\u00e1l es la explicaci\u00f3n del Ministerio de Salud para sacar la gu\u00eda para casos de abuso infantil\u201d, se pregunt\u00f3 con indignaci\u00f3n Pirrello. Una pregunta que tambi\u00e9n se hacen quienes ven con preocupaci\u00f3n c\u00f3mo se borra de un plumazo a\u00f1os de avance en salud p\u00fablica con perspectiva de derechos.<br><br>\u00bfQui\u00e9n se beneficia con una salud desinformada?<br><br>En lugar de fortalecer la formaci\u00f3n, de actualizar y profundizar los saberes que permiten a los m\u00e9dicos y m\u00e9dicas atender a una sociedad diversa, compleja y vulnerable, el gobierno opta por ocultar, silenciar y negar. Porque si no se ense\u00f1a, no existe. Y si no existe, no hay a qui\u00e9n asistir.<br><br>La salud no es un campo neutro. Es un terreno en disputa. Y cuando un gobierno decide qu\u00e9 saberes son v\u00e1lidos y cu\u00e1les deben ser descartados por razones ideol\u00f3gicas, no solo est\u00e1 moldeando a los profesionales del futuro. Est\u00e1 moldeando, tambi\u00e9n, la sociedad del futuro.<br><br>Una sociedad que, si no resiste, terminar\u00e1 viendo c\u00f3mo los derechos m\u00e1s b\u00e1sicos se convierten en privilegios lejanos y c\u00f3mo los profesionales de la salud, formados a medias, quedan atrapados en un sistema que no les permite \u2014ni les ense\u00f1a\u2014 a cuidar con dignidad.<br><br>Fuente:<\/p>\n\n\n\n<ul class=\"wp-block-list\">\n<li>https:\/\/www.iade.org.ar\/noticias\/el-ministerio-de-salud-elimino-los-contenidos-sobre-aborto-y-abuso-infantil-del-examen-para<\/li>\n<\/ul>\n\n\n\n<p><br><br><\/p>\n","protected":false},"excerpt":{"rendered":"<p>En una nueva embestida contra la salud p\u00fablica y los derechos conquistados, el Ministerio de Salud de la Naci\u00f3n elimin\u00f3 del examen de residencias m\u00e9dicas contenidos fundamentales vinculados a la interrupci\u00f3n voluntaria y legal del embarazo, el abuso sexual infantil, la Ley de Parto Humanizado y la atenci\u00f3n integral de infancias y adolescencias trans. La&#8230;<\/p>\n","protected":false},"author":13,"featured_media":5022,"comment_status":"open","ping_status":"open","sticky":false,"template":"","format":"standard","meta":{"_monsterinsights_skip_tracking":false,"_monsterinsights_sitenote_active":false,"_monsterinsights_sitenote_note":"","_monsterinsights_sitenote_category":0,"footnotes":"","jetpack_publicize_message":"","jetpack_publicize_feature_enabled":true,"jetpack_social_post_already_shared":true,"jetpack_social_options":{"image_generator_settings":{"template":"highway","default_image_id":0,"font":"","enabled":false},"version":2}},"categories":[4],"tags":[],"class_list":["post-5023","post","type-post","status-publish","format-standard","has-post-thumbnail","hentry","category-sociedad"],"jetpack_publicize_connections":[],"_links":{"self":[{"href":"https:\/\/www.enorsai.com\/noticias\/wp-json\/wp\/v2\/posts\/5023","targetHints":{"allow":["GET"]}}],"collection":[{"href":"https:\/\/www.enorsai.com\/noticias\/wp-json\/wp\/v2\/posts"}],"about":[{"href":"https:\/\/www.enorsai.com\/noticias\/wp-json\/wp\/v2\/types\/post"}],"author":[{"embeddable":true,"href":"https:\/\/www.enorsai.com\/noticias\/wp-json\/wp\/v2\/users\/13"}],"replies":[{"embeddable":true,"href":"https:\/\/www.enorsai.com\/noticias\/wp-json\/wp\/v2\/comments?post=5023"}],"version-history":[{"count":0,"href":"https:\/\/www.enorsai.com\/noticias\/wp-json\/wp\/v2\/posts\/5023\/revisions"}],"wp:featuredmedia":[{"embeddable":true,"href":"https:\/\/www.enorsai.com\/noticias\/wp-json\/wp\/v2\/media\/5022"}],"wp:attachment":[{"href":"https:\/\/www.enorsai.com\/noticias\/wp-json\/wp\/v2\/media?parent=5023"}],"wp:term":[{"taxonomy":"category","embeddable":true,"href":"https:\/\/www.enorsai.com\/noticias\/wp-json\/wp\/v2\/categories?post=5023"},{"taxonomy":"post_tag","embeddable":true,"href":"https:\/\/www.enorsai.com\/noticias\/wp-json\/wp\/v2\/tags?post=5023"}],"curies":[{"name":"wp","href":"https:\/\/api.w.org\/{rel}","templated":true}]}}