{"id":5021,"date":"2025-06-09T07:04:57","date_gmt":"2025-06-09T10:04:57","guid":{"rendered":"https:\/\/www.enorsai.com\/noticias\/politica\/si-la-tocan-a-cristina-paramos-el-pais-los-gremios-se-plantan-frente-al-lawfare\/"},"modified":"2025-06-09T07:04:57","modified_gmt":"2025-06-09T10:04:57","slug":"si-la-tocan-a-cristina-paramos-el-pais-los-gremios-se-plantan-frente-al-lawfare","status":"publish","type":"post","link":"https:\/\/www.enorsai.com\/noticias\/politica\/si-la-tocan-a-cristina-paramos-el-pais-los-gremios-se-plantan-frente-al-lawfare\/","title":{"rendered":"Si la tocan a Cristina, paramos el pa\u00eds: Los gremios se plantan frente al lawfare"},"content":{"rendered":"\n<p>Los sindicatos no se callan ante la posible ratificaci\u00f3n de la condena a Cristina Kirchner por parte de la Corte Suprema, tres gremios clave anuncian un paro nacional. No es amenaza: es una advertencia democr\u00e1tica.<br><br>La UOM, SMATA y ATE Capital, junto a trabajadores de ANSES y universidades p\u00fablicas, trazan una l\u00ednea firme en defensa de la exmandataria. La presi\u00f3n sobre la Corte se vuelve pol\u00edtica, pero el trasfondo es institucional: los gremios se plantan frente al lawfare con una decisi\u00f3n hist\u00f3rica que interpela al gobierno de Javier Milei y al Poder Judicial.<br><br>En un pa\u00eds donde la Justicia suele mirar hacia donde sopla el viento pol\u00edtico, la decisi\u00f3n de los gremios de anunciar un paro nacional en caso de que la Corte Suprema confirme la condena a Cristina Fern\u00e1ndez de Kirchner marca un antes y un despu\u00e9s. No es s\u00f3lo una medida de fuerza: es un grito colectivo, una forma de resistencia democr\u00e1tica frente al avance implacable de una maquinaria judicial que muchos consideran al servicio del poder real. Y, por qu\u00e9 no decirlo, tambi\u00e9n del gobierno de Javier Milei.<br><br>La UOM (metal\u00fargicos), SMATA (mec\u00e1nicos) y ATE Capital (estatales porte\u00f1os) fueron los primeros en dar el paso. A ellos se sumaron trabajadores de ANSES y universidades nacionales. Todos con una consigna que ya resuena como un rugido en las calles: \u201cSi la tocan a Cristina, paramos el pa\u00eds\u201d. Y no es una consigna vac\u00eda. Es una advertencia firme, leg\u00edtima, encarnada en la historia de la defensa de los derechos colectivos frente a los abusos institucionales.<br><br>Lo que est\u00e1 en juego no es s\u00f3lo el futuro judicial de una ex presidenta, sino el concepto mismo de democracia. Porque cuando un fallo judicial puede cambiar el mapa electoral, silenciar a una figura pol\u00edtica y cercenar el derecho del pueblo a elegir libremente, entonces la justicia deja de ser ciega para transformarse en un instrumento de disciplinamiento.<br><br>Los gremios lo saben. Por eso se plantan. Por eso hablan de \u201cparo nacional\u201d y no de \u201csolidaridad simb\u00f3lica\u201d. Porque est\u00e1n viendo con claridad lo que se viene: un intento de proscripci\u00f3n enmascarado en tecnicismos legales, impulsado por un Poder Judicial desacreditado y funcional al plan de demolici\u00f3n institucional de Javier Milei.<br><br>Cristina Kirchner fue condenada en 2022 a seis a\u00f1os de prisi\u00f3n e inhabilitaci\u00f3n perpetua en la causa Vialidad. Un fallo cuestionado incluso por juristas independientes, plagado de irregularidades procesales, con pruebas manipuladas y testigos dudosos. La Corte Suprema tiene ahora en sus manos la \u00faltima palabra. Y los gremios lo tienen claro: ese fallo no ser\u00e1 \u201cneutral\u201d. Si la condena se confirma, ser\u00e1 le\u00eddo \u2014con raz\u00f3n\u2014 como una movida pol\u00edtica, un acto de censura judicial que busca despejar el camino a las derechas m\u00e1s autoritarias.<br><br>\u00bfEs una exageraci\u00f3n? Basta mirar los gestos del gobierno libertario. Javier Milei, que ha demostrado desprecio absoluto por la institucionalidad, ha intentado meter mano en la Justicia, recort\u00f3 fondos a la educaci\u00f3n y salud p\u00fablicas, y elimin\u00f3 derechos laborales conquistados con d\u00e9cadas de lucha. Su ofensiva contra el Estado se completa ahora con una ofensiva judicial contra el campo popular. Y Cristina, con su figura disruptiva, sigue siendo el blanco m\u00e1s visible.<br><br>En ese contexto, la reacci\u00f3n sindical no es s\u00f3lo comprensible: es necesaria. La UOM y SMATA representan sectores industriales claves. ATE Capital nuclea a los trabajadores del Estado en el coraz\u00f3n del aparato p\u00fablico. Los empleados de ANSES administran la seguridad social, y los universitarios sostienen uno de los \u00faltimos bastiones del pensamiento cr\u00edtico. Si ellos paran, no es por capricho ni por consigna partidaria. Es porque est\u00e1n viendo c\u00f3mo se desmantela, pieza por pieza, el edificio democr\u00e1tico argentino.<br><br>La Corte, por su parte, camina por la cornisa. Podr\u00eda ratificar la condena, modificarla o incluso revocarla. Cada opci\u00f3n tiene implicancias pol\u00edticas que trascienden lo judicial. Pero hay algo claro: el fallo llegar\u00e1 en medio de un calendario electoral que tiene a Cristina como precandidata a diputada provincial por la provincia de Buenos Aires. Y si la Corte se inclina por confirmar la inhabilitaci\u00f3n, impedir\u00eda su participaci\u00f3n. \u00bfCasualidad? \u00bfO estrategia?<br><br>Mientras tanto, el gobierno de Milei observa, especula, sonr\u00ede. No dice nada, pero deja que la m\u00e1quina avance. El silencio oficial frente al anuncio de los gremios es tambi\u00e9n una forma de complicidad. No se trata ya de un Poder Ejecutivo respetuoso de la divisi\u00f3n de poderes, sino de un gobierno que alienta el uso del aparato judicial para eliminar a sus adversarios pol\u00edticos.<br><br>Y ah\u00ed radica la valent\u00eda de los sindicatos. En un pa\u00eds donde el miedo paraliza, donde la persecuci\u00f3n es moneda corriente y la represi\u00f3n acecha, estos gremios decidieron poner el cuerpo. Asumen el costo pol\u00edtico, el riesgo medi\u00e1tico, la demonizaci\u00f3n asegurada por parte de los grandes medios. Pero tambi\u00e9n asumen la responsabilidad hist\u00f3rica de defender la democracia. No la democracia formal, esa que se reduce a elecciones vac\u00edas y gestos protocolares. Sino la democracia real, la que garantiza pluralismo, equidad y justicia social.<br><br>Muchos sectores acomodaticios \u2014incluso dentro del peronismo\u2014 eligen mirar para otro lado. Esperan que la tormenta pase, que la Corte \u201cno se atreva\u201d, que la candidatura de Cristina se caiga sola. Pero los gremios no esperan. Saben que cuando se pierde una batalla sin darla, lo que se entrega no es s\u00f3lo una persona, sino el derecho de todo un pueblo a decidir.<br><br>Por eso este anuncio de paro no es un hecho aislado ni un exabrupto sindical. Es parte de una disputa mayor por el sentido de la pol\u00edtica y la legitimidad democr\u00e1tica. Si la Corte falla contra Cristina, no estar\u00e1 condenando a una dirigente: estar\u00e1 condenando el derecho popular a la representaci\u00f3n. Y si el pueblo no puede elegir a quienes lo representan, entonces estamos frente a una democracia amputada.<br><br>Frente a eso, la actitud de los gremios no solo es valiente: es ejemplar. Porque en tiempos de tibieza, levantar la voz y poner el cuerpo es un acto revolucionario. Porque en tiempos de ajuste, miseria y represi\u00f3n, salir a la calle por una dirigente pol\u00edtica es un gesto de conciencia hist\u00f3rica. Porque en tiempos de Milei, donde el Estado es arrasado y los derechos son dinamitados, defender a Cristina Kirchner es tambi\u00e9n defender la posibilidad de otro pa\u00eds.<br><br>Los gremios lo saben. Y esta vez, no van a esperar sentados.<br><br>Fuentes:<\/p>\n\n\n\n<ul class=\"wp-block-list\">\n<li>https:\/\/www.infobae.com\/politica\/2025\/06\/09\/tres-gremios-anunciaron-un-paro-si-la-corte-suprema-confirma-la-condena-a-cristina-kirchner\/<\/li>\n\n\n\n<li>https:\/\/www.perfil.com\/noticias\/amp\/actualidad\/en-caso-de-fallo-inminente-de-la-corte-suprema-el-kirchnerismo-prepara-paro-nacional-en-defensa-de-cristina-kirchner.phtml<\/li>\n\n\n\n<li>https:\/\/damenoticias.com\/nota\/606557-sindicatos-amenazan-con-paro-nacional-si-se-ratifica-la-condena-a-cristina-kirchner<\/li>\n<\/ul>\n","protected":false},"excerpt":{"rendered":"<p>Los sindicatos no se callan ante la posible ratificaci\u00f3n de la condena a Cristina Kirchner por parte de la Corte Suprema, tres gremios clave anuncian un paro nacional. No es amenaza: es una advertencia democr\u00e1tica. La UOM, SMATA y ATE Capital, junto a trabajadores de ANSES y universidades p\u00fablicas, trazan una l\u00ednea firme en defensa&#8230;<\/p>\n","protected":false},"author":11,"featured_media":5020,"comment_status":"open","ping_status":"open","sticky":false,"template":"","format":"standard","meta":{"_monsterinsights_skip_tracking":false,"_monsterinsights_sitenote_active":false,"_monsterinsights_sitenote_note":"","_monsterinsights_sitenote_category":0,"footnotes":"","jetpack_publicize_message":"","jetpack_publicize_feature_enabled":true,"jetpack_social_post_already_shared":true,"jetpack_social_options":{"image_generator_settings":{"template":"highway","default_image_id":0,"font":"","enabled":false},"version":2}},"categories":[2],"tags":[88,523,234],"class_list":["post-5021","post","type-post","status-publish","format-standard","has-post-thumbnail","hentry","category-politica","tag-cfk","tag-cristina-fernandez-de-kirchner","tag-lawfare"],"jetpack_publicize_connections":[],"_links":{"self":[{"href":"https:\/\/www.enorsai.com\/noticias\/wp-json\/wp\/v2\/posts\/5021","targetHints":{"allow":["GET"]}}],"collection":[{"href":"https:\/\/www.enorsai.com\/noticias\/wp-json\/wp\/v2\/posts"}],"about":[{"href":"https:\/\/www.enorsai.com\/noticias\/wp-json\/wp\/v2\/types\/post"}],"author":[{"embeddable":true,"href":"https:\/\/www.enorsai.com\/noticias\/wp-json\/wp\/v2\/users\/11"}],"replies":[{"embeddable":true,"href":"https:\/\/www.enorsai.com\/noticias\/wp-json\/wp\/v2\/comments?post=5021"}],"version-history":[{"count":0,"href":"https:\/\/www.enorsai.com\/noticias\/wp-json\/wp\/v2\/posts\/5021\/revisions"}],"wp:featuredmedia":[{"embeddable":true,"href":"https:\/\/www.enorsai.com\/noticias\/wp-json\/wp\/v2\/media\/5020"}],"wp:attachment":[{"href":"https:\/\/www.enorsai.com\/noticias\/wp-json\/wp\/v2\/media?parent=5021"}],"wp:term":[{"taxonomy":"category","embeddable":true,"href":"https:\/\/www.enorsai.com\/noticias\/wp-json\/wp\/v2\/categories?post=5021"},{"taxonomy":"post_tag","embeddable":true,"href":"https:\/\/www.enorsai.com\/noticias\/wp-json\/wp\/v2\/tags?post=5021"}],"curies":[{"name":"wp","href":"https:\/\/api.w.org\/{rel}","templated":true}]}}