{"id":5016,"date":"2025-06-09T06:04:11","date_gmt":"2025-06-09T09:04:11","guid":{"rendered":"http:\/\/www.enorsai.com\/noticias\/?p=5016"},"modified":"2025-06-09T06:04:11","modified_gmt":"2025-06-09T09:04:11","slug":"es-por-ahi-luz-y-fuerza-acepto-una-paritaria-de-13-y-en-atucha-se-desafiliaron-mas-de-350-empleados-del-gremio","status":"publish","type":"post","link":"https:\/\/www.enorsai.com\/noticias\/sociedad\/es-por-ahi-luz-y-fuerza-acepto-una-paritaria-de-13-y-en-atucha-se-desafiliaron-mas-de-350-empleados-del-gremio\/","title":{"rendered":"\u00a1Es por ah\u00ed! Luz y Fuerza acept\u00f3 una paritaria de 1,3% y en Atucha se desafiliaron m\u00e1s de 350 empleados del gremio"},"content":{"rendered":"\n<p><strong>El acuerdo entre Luz y Fuerza y Nucleoel\u00e9ctrica Argentina S.A. desat\u00f3 una ola de indignaci\u00f3n entre los trabajadores, que ya protagonizan una deserci\u00f3n masiva y se autoconvocan contra \u201clos salarios de pobreza\u201d.<\/strong> <strong>Con un aumento salarial de apenas el 1,3% mensual para un trimestre atravesado por una inflaci\u00f3n que lo triplica, m\u00e1s de 350 empleados de Atucha ya dieron el portazo al sindicato. La conducci\u00f3n de Luz y Fuerza, leal al ajuste de Milei, es acusada de traici\u00f3n. El malestar crece y la rebeli\u00f3n se organiza.<\/strong><\/p>\n\n\n\n<p>En la Central Nuclear Atucha la temperatura no la miden solo los reactores: el term\u00f3metro social marca cifras alarmantes y los trabajadores est\u00e1n que explotan. La chispa que encendi\u00f3 esta nueva fase del conflicto fue un acuerdo salarial que, m\u00e1s que una conquista, parece una rendici\u00f3n humillante. El 6 de junio, el Sindicato Luz y Fuerza Zona del Paran\u00e1 firm\u00f3 con Nucleoel\u00e9ctrica Argentina S.A. (NA-SA) un ajuste paritario que otorgar\u00e1 aumentos del 1,3% para cada mes del trimestre marzo-mayo. En una econom\u00eda en la que la inflaci\u00f3n oficial \u2014y ni hablar de la real\u2014 ya pas\u00f3 por encima de ese n\u00famero como un tren sin frenos, lo que queda no es mejora sino retroceso. No es salario, es limosna.<\/p>\n\n\n\n<p>La firma del acuerdo no hizo m\u00e1s que confirmar lo que muchos en Atucha ya ven\u00edan sospechando: que la c\u00fapula sindical dej\u00f3 de ser aliada de los trabajadores para transformarse en c\u00f3mplice del saqueo. Porque eso es, en definitiva, lo que significa aceptar paritarias un tercio por debajo de la inflaci\u00f3n: dejar que el ajuste pase sin resistencia, convalidar la licuadora que impulsa el gobierno de Javier Milei y convertirse en un engranaje m\u00e1s del aparato de empobrecimiento generalizado.<\/p>\n\n\n\n<p>El malestar no es silencioso. Y si lo fue en alg\u00fan momento, ya dej\u00f3 de serlo. En una de las decisiones m\u00e1s contundentes de los \u00faltimos a\u00f1os dentro del movimiento obrero organizado, m\u00e1s de 350 empleados de Atucha ya se desafiliaron del sindicato. Un \u00e9xodo sindical masivo que no se explica sin la profunda crisis de representatividad que enfrenta Luz y Fuerza. La dirigencia nacional, comandada por Guillermo Moser, no s\u00f3lo valid\u00f3 la pauta oficial sino que la impuso hacia abajo, rompiendo cualquier atisbo de autonom\u00eda gremial.<\/p>\n\n\n\n<p>La situaci\u00f3n es tan cr\u00edtica que los trabajadores convocaron para este martes una asamblea autoconvocada. No esperan ya respuestas de una estructura sindical que consideran podrida. Toman la palabra y la calle por su cuenta. A las 8 de la ma\u00f1ana, la consigna ser\u00e1 una sola: basta de salarios de pobreza. No se trata de una frase hueca, sino de una verdad cruda que se palpa en los changuitos de supermercado, en las cuentas impagables, en la angustia diaria de no llegar a fin de mes.<\/p>\n\n\n<div class=\"wp-block-image\">\n<figure class=\"alignleft size-large is-resized\"><img loading=\"lazy\" decoding=\"async\" width=\"576\" height=\"1024\" src=\"https:\/\/www.enorsai.com\/noticias\/wp-content\/uploads\/2025\/06\/image-576x1024.png\" alt=\"\" class=\"wp-image-5017\" style=\"width:437px;height:auto\" srcset=\"https:\/\/www.enorsai.com\/noticias\/wp-content\/uploads\/2025\/06\/image-576x1024.png 576w, https:\/\/www.enorsai.com\/noticias\/wp-content\/uploads\/2025\/06\/image-169x300.png 169w, https:\/\/www.enorsai.com\/noticias\/wp-content\/uploads\/2025\/06\/image-768x1365.png 768w, https:\/\/www.enorsai.com\/noticias\/wp-content\/uploads\/2025\/06\/image-864x1536.png 864w, https:\/\/www.enorsai.com\/noticias\/wp-content\/uploads\/2025\/06\/image.png 900w\" sizes=\"auto, (max-width: 576px) 100vw, 576px\" \/><\/figure>\n<\/div>\n\n\n<p>Y hay algo m\u00e1s grave a\u00fan: la bronca no es s\u00f3lo contra el acuerdo firmado, sino contra los m\u00e9todos represivos utilizados dentro del propio gremio para acallar las voces disidentes. El interventor regional, Miguel Victorero, carga con graves denuncias por haber expulsado a trabajadores que se atrevieron a cuestionar sus decisiones. Entre los expulsados hay incluso dirigentes electos por la base. En otras palabras: ni democracia sindical ni libertad de expresi\u00f3n. Solo verticalismo, amenazas y castigo al que no se alinea con la entrega.<\/p>\n\n\n\n<p>La situaci\u00f3n en Atucha es un s\u00edntoma, pero tambi\u00e9n una advertencia. Un s\u00edntoma de la fragilidad creciente del sistema sindical argentino frente a un gobierno que promueve el empobrecimiento planificado, y una advertencia de que el \u201cmodelo Milei\u201d no puede sostenerse sin traiciones internas. Porque, seamos claros: ning\u00fan ajuste de esta magnitud ser\u00eda posible sin sindicatos que elijan rendirse antes que luchar.<\/p>\n\n\n\n<p>Mientras el gobierno se jacta de \u201cdomar\u201d la inflaci\u00f3n (manipulando los \u00edndices, pateando pagos y congelando salarios), lo que verdaderamente est\u00e1 domado es un sector del sindicalismo, acostumbrado a las oficinas refrigeradas y alejado del sudor de f\u00e1brica. La firma del 1,3% no es un n\u00famero m\u00e1s: es la declaraci\u00f3n de principios de una dirigencia que se sac\u00f3 la camiseta obrera y se visti\u00f3 de tecn\u00f3crata servil.<\/p>\n\n\n\n<p>Y Atucha no es un lugar cualquiera. All\u00ed se juega una parte estrat\u00e9gica de la soberan\u00eda energ\u00e9tica argentina. All\u00ed trabajan miles de personas que sostienen una infraestructura cr\u00edtica para el pa\u00eds. Que en ese n\u00facleo se est\u00e9 gestando una ruptura sindical, una revuelta organizada y una masiva desvinculaci\u00f3n de afiliados, deber\u00eda encender todas las alarmas del poder pol\u00edtico y sindical. Pero en vez de escuchar, eligen reprimir. En lugar de rectificar, se atrincheran.<\/p>\n\n\n\n<p>No hay que confundirse: lo que ocurre en Atucha no es una reacci\u00f3n aislada ni caprichosa. Es la expresi\u00f3n de una clase trabajadora que empieza a decir basta. Que se cansa de los sueldos que no alcanzan, de las conducciones que negocian de espaldas a sus bases, y de un modelo econ\u00f3mico que solo cierra para los de arriba. Mientras Milei celebra el \u201cd\u00e9ficit cero\u201d y se abraza con los gur\u00fas del mercado, abajo todo se desmorona. La rebeli\u00f3n en Atucha es una grieta en esa fachada.<\/p>\n\n\n\n<p>Este conflicto, adem\u00e1s, pone en cuesti\u00f3n el papel que debe jugar el sindicalismo en este nuevo escenario. \u00bfSer\u00e1 simplemente una correa de transmisi\u00f3n de los designios gubernamentales o recuperar\u00e1 su hist\u00f3rica funci\u00f3n de defensa activa del inter\u00e9s de los trabajadores? Por ahora, Luz y Fuerza eligi\u00f3 lo primero. Pero los obreros de Atucha est\u00e1n empezando a construir lo segundo, desde abajo, con organizaci\u00f3n, rebeld\u00eda y autoconvocatoria.<\/p>\n\n\n\n<p>Los pr\u00f3ximos d\u00edas ser\u00e1n decisivos. La asamblea autoconvocada puede ser el punto de partida de una reconstrucci\u00f3n sindical que no se conforme con representar sino que se atreva a resistir. En un pa\u00eds donde todo se desvaloriza, ellos eligen recuperar el valor de la dignidad.<\/p>\n\n\n\n<p>Fuente:<\/p>\n\n\n\n<ul class=\"wp-block-list\">\n<li><a href=\"https:\/\/www.infogremiales.com.ar\/luz-y-fuerza-acepto-una-paritaria-de-un-tercio-de-la-inflacion-y-crece-la-rebelion-en-atucha-donde-ya-se-desafiliaron-mas-de-350-empleados\/\">https:\/\/www.infogremiales.com.ar\/luz-y-fuerza-acepto-una-paritaria-de-un-tercio-de-la-inflacion-y-crece-la-rebelion-en-atucha-donde-ya-se-desafiliaron-mas-de-350-empleados\/<\/a><\/li>\n<\/ul>\n","protected":false},"excerpt":{"rendered":"<p>M\u00e1s de 350 trabajadores de Atucha se desafiliaron del sindicato Luz y Fuerza tras un acuerdo paritario que apenas cubre un tercio de la inflaci\u00f3n. El malestar estalla en asambleas autoconvocadas y denuncias de expulsiones arbitrarias, en un clima de rebeli\u00f3n creciente contra la entrega sindical y el ajuste de Milei.<\/p>\n","protected":false},"author":9,"featured_media":5018,"comment_status":"open","ping_status":"open","sticky":false,"template":"","format":"standard","meta":{"_monsterinsights_skip_tracking":false,"_monsterinsights_sitenote_active":false,"_monsterinsights_sitenote_note":"","_monsterinsights_sitenote_category":0,"footnotes":"","jetpack_publicize_message":"\ud83d\udd25 \u00a1La rebeli\u00f3n se enciende en Atucha! M\u00e1s de 350 trabajadores se bajaron del sindicato tras un acuerdo salarial miserable. Se autoconvocan contra los \"salarios de pobreza\" y denuncian expulsiones internas. Un ejemplo de dignidad obrera frente al ajuste de Milei y la traici\u00f3n sindical. \ud83d\udca5\u270a","jetpack_publicize_feature_enabled":true,"jetpack_social_post_already_shared":false,"jetpack_social_options":{"image_generator_settings":{"template":"highway","default_image_id":0,"enabled":false},"version":2}},"categories":[4],"tags":[58,1615,227,45,1616,304,1617,263,771,292],"class_list":["post-5016","post","type-post","status-publish","format-standard","has-post-thumbnail","hentry","category-sociedad","tag-ajuste","tag-atucha","tag-inflacion","tag-milei","tag-na-sa","tag-paritarias","tag-rebelion","tag-salarios","tag-sindicalismo","tag-trabajadores"],"jetpack_publicize_connections":[],"_links":{"self":[{"href":"https:\/\/www.enorsai.com\/noticias\/wp-json\/wp\/v2\/posts\/5016","targetHints":{"allow":["GET"]}}],"collection":[{"href":"https:\/\/www.enorsai.com\/noticias\/wp-json\/wp\/v2\/posts"}],"about":[{"href":"https:\/\/www.enorsai.com\/noticias\/wp-json\/wp\/v2\/types\/post"}],"author":[{"embeddable":true,"href":"https:\/\/www.enorsai.com\/noticias\/wp-json\/wp\/v2\/users\/9"}],"replies":[{"embeddable":true,"href":"https:\/\/www.enorsai.com\/noticias\/wp-json\/wp\/v2\/comments?post=5016"}],"version-history":[{"count":1,"href":"https:\/\/www.enorsai.com\/noticias\/wp-json\/wp\/v2\/posts\/5016\/revisions"}],"predecessor-version":[{"id":5019,"href":"https:\/\/www.enorsai.com\/noticias\/wp-json\/wp\/v2\/posts\/5016\/revisions\/5019"}],"wp:featuredmedia":[{"embeddable":true,"href":"https:\/\/www.enorsai.com\/noticias\/wp-json\/wp\/v2\/media\/5018"}],"wp:attachment":[{"href":"https:\/\/www.enorsai.com\/noticias\/wp-json\/wp\/v2\/media?parent=5016"}],"wp:term":[{"taxonomy":"category","embeddable":true,"href":"https:\/\/www.enorsai.com\/noticias\/wp-json\/wp\/v2\/categories?post=5016"},{"taxonomy":"post_tag","embeddable":true,"href":"https:\/\/www.enorsai.com\/noticias\/wp-json\/wp\/v2\/tags?post=5016"}],"curies":[{"name":"wp","href":"https:\/\/api.w.org\/{rel}","templated":true}]}}