{"id":5010,"date":"2025-06-09T05:25:36","date_gmt":"2025-06-09T08:25:36","guid":{"rendered":"https:\/\/www.enorsai.com\/noticias\/?p=5010"},"modified":"2025-06-09T05:33:37","modified_gmt":"2025-06-09T08:33:37","slug":"cristina-en-corrientes-dicen-que-estoy-acabada-entonces-por-que-no-me-dejan-competir-y-me-derrotan","status":"publish","type":"post","link":"https:\/\/www.enorsai.com\/noticias\/uncategorized\/cristina-en-corrientes-dicen-que-estoy-acabada-entonces-por-que-no-me-dejan-competir-y-me-derrotan\/","title":{"rendered":"Cristina en Corrientes: \u201cDicen que estoy acabada, \u00bfentonces por qu\u00e9 no me dejan competir y me derrotan?\u201d"},"content":{"rendered":"\n<p>La ex presidenta reapareci\u00f3 en un acto en Corrientes con un mensaje encendido contra la Corte, Milei y algunos sectores del peronismo. El kirchnerismo se prepara ante una posible orden de detenci\u00f3n.<br><br>La vicepresidenta mand\u00f3 un mensaje directo al coraz\u00f3n del poder judicial y pol\u00edtico desde Paso de los Libres. \u201cPiden que me metan presa, dicen que estoy acabada. Entonces, \u00bfpor qu\u00e9 no me dejan competir y me derrotan?\u201d, lanz\u00f3 Cristina Fern\u00e1ndez de Kirchner ante una multitud, dejando en evidencia el clima de tensi\u00f3n que sacude por estas horas al kirchnerismo. La posibilidad de que la Corte Suprema confirme su condena y ordene su detenci\u00f3n la pr\u00f3xima semana se instal\u00f3 con fuerza en el Instituto Patria y aceler\u00f3 los tiempos pol\u00edticos.<br><br>La ex mandataria viaj\u00f3 a Corrientes para respaldar la candidatura de Mart\u00edn \u201cTincho\u201d Asc\u00faa a gobernador. Pero el acto r\u00e1pidamente se convirti\u00f3 en una tribuna de denuncia, memoria peronista y advertencias. \u201cNos han bombardeado, fusilado, torturado, desaparecido, me gatillaron en la cara, pero no van a poder evitar que vuelva el pueblo\u201d, exclam\u00f3, aludiendo a los fantasmas que sobrevuelan su figura pol\u00edtica desde hace a\u00f1os.<\/p>\n\n\n\n<figure class=\"wp-block-embed is-type-rich is-provider-twitter wp-block-embed-twitter\"><div class=\"wp-block-embed__wrapper\">\n<blockquote class=\"twitter-tweet\" data-width=\"550\" data-dnt=\"true\"><p lang=\"es\" dir=\"ltr\">Cristina: &quot;Si estoy acabada \u00bfpor qu\u00e9 no me dejan competir y me derrotan pol\u00edticamente? Dale, mir\u00e1 como tiemblo&quot; <a href=\"https:\/\/t.co\/KKKdRHB1pn\">pic.twitter.com\/KKKdRHB1pn<\/a><\/p>&mdash; Agencia El Vig\u00eda (@AgenciaElVigia) <a href=\"https:\/\/twitter.com\/AgenciaElVigia\/status\/1931505010199953466?ref_src=twsrc%5Etfw\">June 8, 2025<\/a><\/blockquote><script async src=\"https:\/\/platform.twitter.com\/widgets.js\" charset=\"utf-8\"><\/script>\n<\/div><\/figure>\n\n\n\n<p><br><br>Cristina no evit\u00f3 la autocr\u00edtica por el \u00faltimo gobierno peronista \u2014\u201cno estuvo a la altura\u201d, reconoci\u00f3\u2014 pero centr\u00f3 sus cr\u00edticas m\u00e1s duras en la administraci\u00f3n de Javier Milei. \u201cTener un hijo discapacitado no puede ser una maldici\u00f3n de Dios. \u00bfC\u00f3mo se puede ser tan energ\u00fameno, tan hijo de puta?\u201d, dijo en referencia al recorte de ayudas a personas con discapacidad.<br><br>En paralelo, le envi\u00f3 un mensaje cifrado a parte de su propio espacio. \u201cA diferencia de algunos dirigentes de nuestra fuerza, el poder econ\u00f3mico no tropieza dos veces con la misma piedra\u201d, dijo, marcando diferencias internas. \u201cAnunci\u00e9 que iba a ser candidata en la Tercera Secci\u00f3n y se desataron los demonios. Salieron de todos lados a pedir que me metan presa.\u201d<br><br>Tambi\u00e9n se burl\u00f3 de quienes ahora la ensalzan como figura de peso pero critican su candidatura provincial: \u201cMe dan estatura de estadista y dicen que ser candidata a legisladora es poco. En los 60, Per\u00f3n fue candidato a vicegobernador de Framini, y no lo dejaron competir. Pero sirvi\u00f3 para visibilizar esa elecci\u00f3n\u201d.<br><br>El discurso no dej\u00f3 espacio para la ambig\u00fcedad. Cristina se mostr\u00f3 dispuesta a confrontar, incluso con quienes dentro del peronismo eligen el silencio o la distancia. Y fue m\u00e1s all\u00e1: \u201cA los que creyeron que votando cualquier cosa ten\u00edan asegurado algo, se los van a comer los piojos\u201d, dijo sobre los gobernadores que acompa\u00f1aron a Milei. \u201cEl gobierno libertario es como el yogur: tiene vencimiento, solo que no trae en la tapa la fecha\u201d.<br><br>El intendente Asc\u00faa, visiblemente envalentonado por la presencia de la ex presidenta, tambi\u00e9n dispar\u00f3 sin filtro: \u201cLe quiero decir a Javier Milei: si ten\u00e9s huevos, compet\u00ed con Cristina en las urnas, que te vamos a meter la motosierra por el culo\u201d.<br><br>En paralelo, en Buenos Aires el kirchnerismo ya se organiza para una eventual movilizaci\u00f3n de gran escala en caso de que la Corte avance con una detenci\u00f3n. Los gremios, en alerta, discuten sumarse con un paro nacional.<br><br>Cristina volvi\u00f3 al centro de la escena con su estilo directo, su potencia discursiva intacta y el viejo manual peronista en la mano: confrontar al poder real, incluso cuando lo tiene encima. Para sus detractores, es la reedici\u00f3n de una figura desgastada. Para sus seguidores, el regreso de la conductora que nunca se fue.<br><br>Fuente:<\/p>\n\n\n\n<ul class=\"wp-block-list\">\n<li>https:\/\/www.lapoliticaonline.com\/politica\/piden-que-me-metan-presa-dicen-que-estoy-acabada-entonces-por-que-no-me-dejan-competir-y-me-derrotan\/<\/li>\n<\/ul>\n","protected":false},"excerpt":{"rendered":"<p>La ex presidenta reapareci\u00f3 en un acto en Corrientes con un mensaje encendido contra la Corte, Milei y algunos sectores del peronismo. El kirchnerismo se prepara ante una posible orden de detenci\u00f3n. La vicepresidenta mand\u00f3 un mensaje directo al coraz\u00f3n del poder judicial y pol\u00edtico desde Paso de los Libres. \u201cPiden que me metan presa,&#8230;<\/p>\n","protected":false},"author":12,"featured_media":5011,"comment_status":"open","ping_status":"open","sticky":false,"template":"","format":"standard","meta":{"_monsterinsights_skip_tracking":false,"_monsterinsights_sitenote_active":false,"_monsterinsights_sitenote_note":"","_monsterinsights_sitenote_category":0,"footnotes":"","jetpack_publicize_message":"","jetpack_publicize_feature_enabled":true,"jetpack_social_post_already_shared":true,"jetpack_social_options":{"image_generator_settings":{"template":"highway","default_image_id":0,"font":"","enabled":false},"version":2}},"categories":[2,1],"tags":[88,478,523,45],"class_list":["post-5010","post","type-post","status-publish","format-standard","has-post-thumbnail","hentry","category-politica","category-uncategorized","tag-cfk","tag-corrientes","tag-cristina-fernandez-de-kirchner","tag-milei"],"jetpack_publicize_connections":[],"_links":{"self":[{"href":"https:\/\/www.enorsai.com\/noticias\/wp-json\/wp\/v2\/posts\/5010","targetHints":{"allow":["GET"]}}],"collection":[{"href":"https:\/\/www.enorsai.com\/noticias\/wp-json\/wp\/v2\/posts"}],"about":[{"href":"https:\/\/www.enorsai.com\/noticias\/wp-json\/wp\/v2\/types\/post"}],"author":[{"embeddable":true,"href":"https:\/\/www.enorsai.com\/noticias\/wp-json\/wp\/v2\/users\/12"}],"replies":[{"embeddable":true,"href":"https:\/\/www.enorsai.com\/noticias\/wp-json\/wp\/v2\/comments?post=5010"}],"version-history":[{"count":1,"href":"https:\/\/www.enorsai.com\/noticias\/wp-json\/wp\/v2\/posts\/5010\/revisions"}],"predecessor-version":[{"id":5012,"href":"https:\/\/www.enorsai.com\/noticias\/wp-json\/wp\/v2\/posts\/5010\/revisions\/5012"}],"wp:featuredmedia":[{"embeddable":true,"href":"https:\/\/www.enorsai.com\/noticias\/wp-json\/wp\/v2\/media\/5011"}],"wp:attachment":[{"href":"https:\/\/www.enorsai.com\/noticias\/wp-json\/wp\/v2\/media?parent=5010"}],"wp:term":[{"taxonomy":"category","embeddable":true,"href":"https:\/\/www.enorsai.com\/noticias\/wp-json\/wp\/v2\/categories?post=5010"},{"taxonomy":"post_tag","embeddable":true,"href":"https:\/\/www.enorsai.com\/noticias\/wp-json\/wp\/v2\/tags?post=5010"}],"curies":[{"name":"wp","href":"https:\/\/api.w.org\/{rel}","templated":true}]}}