{"id":4997,"date":"2025-06-08T09:18:17","date_gmt":"2025-06-08T12:18:17","guid":{"rendered":"https:\/\/www.enorsai.com\/noticias\/?p=4997"},"modified":"2025-06-08T09:18:17","modified_gmt":"2025-06-08T12:18:17","slug":"fue-liberado-juan-grabois-despues-de-una-ocupacion-pacifica-en-defensa-del-instituto-juan-domingo-peron","status":"publish","type":"post","link":"https:\/\/www.enorsai.com\/noticias\/politica\/fue-liberado-juan-grabois-despues-de-una-ocupacion-pacifica-en-defensa-del-instituto-juan-domingo-peron\/","title":{"rendered":"Fue liberado Juan Grabois despu\u00e9s de una ocupaci\u00f3n pac\u00edfica en defensa del Instituto Juan Domingo Per\u00f3n"},"content":{"rendered":"\n<p><strong>La detenci\u00f3n de Juan Grabois por ocupar el Instituto Nacional Juan Domingo Per\u00f3n no fue un episodio aislado. Fue un acto deliberado del gobierno de Javier Milei para profundizar su ofensiva contra los s\u00edmbolos, la militancia y la historia del peronismo. Una detenci\u00f3n sin cargos, una liberaci\u00f3n silenciosa y un mensaje brutal: lo que no se puede destruir por ley, se clausura por decreto.<\/strong><\/p>\n\n\n\n<p>La madrugada del 8 de junio no trajo paz, trajo una advertencia. Juan Grabois, dirigente social, abogado y referente indiscutido de los sectores populares, recuperaba su libertad tras haber sido arrestado por la simple \u2013y potente\u2013 decisi\u00f3n de defender un lugar que no es solo un edificio, sino un s\u00edmbolo: el Instituto Nacional Juan Domingo Per\u00f3n. La escena no se explica con tecnicismos ni con comunicados oficiales. Se explica con una decisi\u00f3n pol\u00edtica. La detenci\u00f3n de Grabois es el resultado de un modelo de gobierno que no debate: arremete. Que no construye: clausura. Que no convence: reprime.<\/p>\n\n\n\n<p>Lo que ocurri\u00f3 el s\u00e1bado por la tarde fue la cr\u00f3nica de una provocaci\u00f3n buscada. Mientras los medios oficialistas relataban con tono \u00e9pico el \u201cdesalojo de usurpadores\u201d, el gobierno de Milei hab\u00eda ordenado cerrar un espacio dedicado a preservar la memoria de uno de los movimientos pol\u00edticos m\u00e1s importantes del pa\u00eds. All\u00ed, en pleno barrio de Recoleta, funcionaba un instituto dedicado a investigar, difundir y resguardar el pensamiento peronista. Y no es casual que sea ese el lugar que el Ejecutivo eligi\u00f3 vaciar, cerrar y silenciar. No se trat\u00f3 solo de un cierre administrativo: fue un acto cargado de simbolog\u00eda y desprecio.<\/p>\n\n\n\n<p>Grabois, acompa\u00f1ado de militantes y trabajadores despedidos, decidi\u00f3 ocupar el lugar para denunciar la clausura. \u201cNos metimos al Instituto como \u00faltimo recurso\u201d, declar\u00f3 luego de su liberaci\u00f3n, visiblemente agotado pero intacto en su convicci\u00f3n. \u00bfQu\u00e9 otra cosa quedaba cuando el Estado retira su presencia y reemplaza la memoria por bolsas mortuorias? Porque s\u00ed, eso ocurri\u00f3. El busto de Eva y Per\u00f3n apareci\u00f3 tapado con una bolsa negra. El archivo fue saqueado. Las oficinas, vaciadas. La historia, violentada. No es una met\u00e1fora ni un exceso ret\u00f3rico. Es un parte policial de un gobierno que considera al pasado un enemigo ideol\u00f3gico.<\/p>\n\n\n\n<p>La respuesta no tard\u00f3 en llegar. Militantes sociales, referentes pol\u00edticos, sindicalistas y ciudadanos comunes se concentraron durante la noche frente a la Superintendencia de Investigaciones Federales en Villa Lugano. Nadie sab\u00eda con certeza qu\u00e9 cargos se le imputaban. De hecho, no hab\u00eda ning\u00fan cargo firme. La detenci\u00f3n fue preventiva, arbitraria, una herramienta de disciplinamiento pol\u00edtico en manos de una ministra de Seguridad \u2013Patricia Bullrich\u2013 que parece encontrar en la represi\u00f3n su \u00fanica estrategia de gesti\u00f3n.<\/p>\n\n\n\n<p>Mientras tanto, el Partido Justicialista denunci\u00f3 que la detenci\u00f3n fue \u201cilegal\u201d y exigi\u00f3 su inmediata liberaci\u00f3n. Legisladores del peronismo se movilizaron. Las redes estallaron. Pero desde el gobierno, ni una palabra. El silencio fue la forma de comunicar lo que ya se sab\u00eda: hay una decisi\u00f3n institucional de borrar todo lo que huela a peronismo, a organizaci\u00f3n popular, a pensamiento cr\u00edtico.<\/p>\n\n\n\n<p>La madrugada lleg\u00f3 con la liberaci\u00f3n de Grabois. Sin cargos, sin esc\u00e1ndalo, sin explicaciones. Como si nada hubiera pasado. Pero pas\u00f3. Porque cada vez que el gobierno de Javier Milei decide avanzar sobre los derechos, sobre la cultura, sobre la historia, lo hace con una frialdad quir\u00fargica. Y cuando la reacci\u00f3n popular interrumpe ese avance, responde con c\u00e1rcel. Aunque no haya delitos. Aunque no haya juicios. Aunque todo lo que haya sea una protesta pac\u00edfica y la defensa de un espacio colectivo.<\/p>\n\n\n\n<p>Lo que est\u00e1 en juego no es una persona. No es Juan Grabois, por m\u00e1s emblem\u00e1tico que sea su rol. Lo que est\u00e1 en juego es un modelo de pa\u00eds. \u00bfEs posible una Argentina donde los archivos hist\u00f3ricos se vac\u00edan a decretazo limpio? \u00bfPuede una democracia tolerar que se persiga judicialmente a quienes defienden espacios culturales y pol\u00edticos? \u00bfHasta cu\u00e1ndo se podr\u00e1 seguir gobernando desde el odio y el castigo?<\/p>\n\n\n\n<p>La complejidad del momento exige una lectura que vaya m\u00e1s all\u00e1 del hecho policial. Aqu\u00ed no hubo una \u201cusurpaci\u00f3n\u201d, como insiste la narrativa oficial. Hubo una reacci\u00f3n leg\u00edtima a una provocaci\u00f3n estatal. Hubo una defensa concreta de la memoria pol\u00edtica de millones. Hubo una advertencia: no todo puede ser eliminado con un Excel ni con una motosierra.<\/p>\n\n\n\n<p>Grabois lo dijo con claridad: \u201cNo me van a quebrar con una detenci\u00f3n\u201d. Y quiz\u00e1s por eso lo liberaron tan r\u00e1pido. Porque entendieron que lo que pretend\u00eda ser una demostraci\u00f3n de fuerza termin\u00f3 por dejar al descubierto algo mucho m\u00e1s perturbador: este gobierno no s\u00f3lo le teme a la organizaci\u00f3n, tambi\u00e9n le teme a la memoria.<\/p>\n\n\n\n<p><strong>Fuentes:<\/strong><\/p>\n\n\n\n<p><a href=\"https:\/\/www.infobae.com\/politica\/2025\/06\/08\/liberaron-a-juan-grabois-tras-haber-sido-detenido-por-ocupar-el-instituto-juan-domingo-peron\/\">Infobae \u2013 \u201cLiberaron a Juan Grabois tras haber sido detenido por ocupar el Instituto Juan Domingo Per\u00f3n\u201d<\/a><br><a href=\"https:\/\/www.lanacion.com.ar\/seguridad\/liberaron-a-juan-grabois-tras-la-toma-del-instituto-nacional-juan-peron-nid08062025\/\">La Naci\u00f3n \u2013 \u201cLiberaron a Juan Grabois tras la toma del Instituto Nacional Juan Per\u00f3n\u201d<\/a><\/p>\n\n\n\n<p><\/p>\n","protected":false},"excerpt":{"rendered":"<p>Juan Grabois fue liberado tras su detenci\u00f3n por ocupar el Instituto Juan Domingo Per\u00f3n, cerrado por el gobierno de Javier Milei. El operativo, sin cargos concretos, expone una pol\u00edtica de persecuci\u00f3n a la memoria hist\u00f3rica del peronismo. Una advertencia m\u00e1s en la escalada represiva del poder contra la organizaci\u00f3n popular.<\/p>\n","protected":false},"author":1,"featured_media":4998,"comment_status":"open","ping_status":"open","sticky":false,"template":"","format":"standard","meta":{"_monsterinsights_skip_tracking":false,"_monsterinsights_sitenote_active":false,"_monsterinsights_sitenote_note":"","_monsterinsights_sitenote_category":0,"footnotes":"","jetpack_publicize_message":"\ud83d\udea8 Liberaron a Juan Grabois, pero el mensaje de Milei fue brutal: perseguir la memoria, clausurar la historia, reprimir la protesta. No es solo un instituto, es un s\u00edmbolo. Y lo quieren destruir. La motosierra tambi\u00e9n apunta a la identidad","jetpack_publicize_feature_enabled":true,"jetpack_social_post_already_shared":false,"jetpack_social_options":{"image_generator_settings":{"template":"highway","default_image_id":0,"enabled":false},"version":2}},"categories":[2],"tags":[69,207,599,97,45,1601,363,72,371,365],"class_list":["post-4997","post","type-post","status-publish","format-standard","has-post-thumbnail","hentry","category-politica","tag-derechos","tag-dictadura","tag-grabois","tag-memoria","tag-milei","tag-militancia","tag-peronismo","tag-politica","tag-protesta","tag-represion"],"jetpack_publicize_connections":[],"_links":{"self":[{"href":"https:\/\/www.enorsai.com\/noticias\/wp-json\/wp\/v2\/posts\/4997","targetHints":{"allow":["GET"]}}],"collection":[{"href":"https:\/\/www.enorsai.com\/noticias\/wp-json\/wp\/v2\/posts"}],"about":[{"href":"https:\/\/www.enorsai.com\/noticias\/wp-json\/wp\/v2\/types\/post"}],"author":[{"embeddable":true,"href":"https:\/\/www.enorsai.com\/noticias\/wp-json\/wp\/v2\/users\/1"}],"replies":[{"embeddable":true,"href":"https:\/\/www.enorsai.com\/noticias\/wp-json\/wp\/v2\/comments?post=4997"}],"version-history":[{"count":1,"href":"https:\/\/www.enorsai.com\/noticias\/wp-json\/wp\/v2\/posts\/4997\/revisions"}],"predecessor-version":[{"id":4999,"href":"https:\/\/www.enorsai.com\/noticias\/wp-json\/wp\/v2\/posts\/4997\/revisions\/4999"}],"wp:featuredmedia":[{"embeddable":true,"href":"https:\/\/www.enorsai.com\/noticias\/wp-json\/wp\/v2\/media\/4998"}],"wp:attachment":[{"href":"https:\/\/www.enorsai.com\/noticias\/wp-json\/wp\/v2\/media?parent=4997"}],"wp:term":[{"taxonomy":"category","embeddable":true,"href":"https:\/\/www.enorsai.com\/noticias\/wp-json\/wp\/v2\/categories?post=4997"},{"taxonomy":"post_tag","embeddable":true,"href":"https:\/\/www.enorsai.com\/noticias\/wp-json\/wp\/v2\/tags?post=4997"}],"curies":[{"name":"wp","href":"https:\/\/api.w.org\/{rel}","templated":true}]}}