{"id":4996,"date":"2025-06-07T18:55:32","date_gmt":"2025-06-07T21:55:32","guid":{"rendered":"https:\/\/www.enorsai.com\/noticias\/politica\/la-dictadura-de-la-motosierra-detienen-a-grabois-por-defender-la-memoria-peronista\/"},"modified":"2025-06-07T18:55:32","modified_gmt":"2025-06-07T21:55:32","slug":"la-dictadura-de-la-motosierra-detienen-a-grabois-por-defender-la-memoria-peronista","status":"publish","type":"post","link":"https:\/\/www.enorsai.com\/noticias\/politica\/la-dictadura-de-la-motosierra-detienen-a-grabois-por-defender-la-memoria-peronista\/","title":{"rendered":"La dictadura de la motosierra: detienen a Grabois por defender la memoria peronista"},"content":{"rendered":"\n<p>Este 7 de junio por la tarde, el gobierno de Javier Milei volvi\u00f3 a cruzar una l\u00ednea peligrosa para la democracia argentina: orden\u00f3 la detenci\u00f3n de Juan Grabois, dirigente social y referente del Frente Patria Grande, durante una protesta pac\u00edfica en el hist\u00f3rico Instituto Juan Domingo Per\u00f3n. La escena fue simb\u00f3licamente potente y, a la vez, dram\u00e1ticamente alarmante: Grabois y un grupo de legisladores, militantes y ciudadanos ingresaron al edificio del Palacio Unzu\u00e9 \u2014\u00faltimo lugar de residencia de Eva Per\u00f3n y monumento hist\u00f3rico nacional\u2014 para denunciar su cierre por parte del gobierno nacional y defender lo que definieron como un espacio de la memoria, del pensamiento nacional y de la soberan\u00eda cultural.<br><br>La acci\u00f3n consisti\u00f3 en una ocupaci\u00f3n pac\u00edfica, una suerte de vigilia pol\u00edtica con mate, banderas y discursos. El gesto ten\u00eda m\u00e1s de pedag\u00f3gico que de confrontativo. Fue, de hecho, una respuesta directa al vaciamiento impulsado por la ministra Sandra Pettovello, quien hab\u00eda dispuesto el cierre del Instituto, otro paso m\u00e1s en la cruzada de La Libertad Avanza contra toda instituci\u00f3n que no encaje con su dogma ultraliberal y antiestatal. Pero en lugar de di\u00e1logo, Milei opt\u00f3 \u2014una vez m\u00e1s\u2014 por el garrote. En un operativo desproporcionado, fuerzas de seguridad de la Polic\u00eda Federal y de la Ciudad irrumpieron con gases, empujones y violencia para desalojar a quienes reclamaban por la defensa de la memoria peronista. All\u00ed fueron golpeados y detenidos manifestantes y hasta legisladores en ejercicio.<br><br>Entre los empujones, los gritos y el gas pimienta, Juan Grabois fue arrastrado fuera del edificio y trasladado por la polic\u00eda, en una postal que recuerda los peores momentos de intolerancia institucional. Pero no sin antes alzar la voz con una frase que r\u00e1pidamente se volvi\u00f3 viral: \u201cMeteme preso, Milei, pero la bandera argentina no me la sac\u00e1s\u201d. La imagen de Grabois siendo detenido con una bandera en la mano y el busto de Evita a sus espaldas quedar\u00e1 grabada como s\u00edmbolo de resistencia frente al autoritarismo libertario.<br><br>El trasfondo pol\u00edtico de esta acci\u00f3n no admite grises. No fue un conflicto menor ni un malentendido burocr\u00e1tico. El cierre del Instituto Per\u00f3n, como antes el intento de intervenir universidades, despedir trabajadores estatales o desfinanciar el INCAA, forma parte de un plan sistem\u00e1tico de destrucci\u00f3n del aparato cultural, hist\u00f3rico y simb\u00f3lico del Estado argentino. Un intento deliberado de borrar toda traza de identidad popular y construir una Argentina amn\u00e9sica, al servicio exclusivo del mercado, la rentabilidad y la represi\u00f3n.<br><br>El ataque no es s\u00f3lo contra Grabois. Es contra cualquier disidencia que se atreva a cuestionar el relato oficial de la motosierra. El mensaje es claro: quien levante la voz, ser\u00e1 reprimido. Quien defienda la historia, ser\u00e1 perseguido. Quien agite una bandera nacional frente al desmantelamiento del Estado, ser\u00e1 tratado como delincuente.<br><br>Y mientras tanto, Milei sonr\u00ede en el extranjero, multiplicando esc\u00e1ndalos diplom\u00e1ticos y negando el hambre, la recesi\u00f3n y la devastaci\u00f3n social que su gobierno ha provocado. Ac\u00e1, en el pa\u00eds real, sus ministros mandan a la polic\u00eda contra los que se atreven a recordar a Per\u00f3n y Evita. Contra quienes reclaman por pan, memoria y soberan\u00eda.<br><br>La detenci\u00f3n de Juan Grabois es m\u00e1s que un hecho represivo: es una advertencia. Nos est\u00e1 diciendo que este gobierno est\u00e1 dispuesto a avasallar cualquier derecho, cualquier s\u00edmbolo, cualquier persona que se interponga en su cruzada destructiva. Es un grito de alarma para todo el campo popular: est\u00e1n vaciando el Estado y, cuando alguien lo denuncia, mandan a callarlo por la fuerza.<br><br>No se trata de una an\u00e9cdota ni de una provocaci\u00f3n aislada. Se trata de una avanzada autoritaria contra los pilares m\u00e1s profundos de nuestra democracia. Y frente a eso, callar es conceder. Por eso, hoy m\u00e1s que nunca, la palabra es resistencia.<br><br><br><br><\/p>\n","protected":false},"excerpt":{"rendered":"<p>Este 7 de junio por la tarde, el gobierno de Javier Milei volvi\u00f3 a cruzar una l\u00ednea peligrosa para la democracia argentina: orden\u00f3 la detenci\u00f3n de Juan Grabois, dirigente social y referente del Frente Patria Grande, durante una protesta pac\u00edfica en el hist\u00f3rico Instituto Juan Domingo Per\u00f3n. La escena fue simb\u00f3licamente potente y, a la&#8230;<\/p>\n","protected":false},"author":1,"featured_media":4995,"comment_status":"open","ping_status":"open","sticky":false,"template":"","format":"standard","meta":{"_monsterinsights_skip_tracking":false,"_monsterinsights_sitenote_active":false,"_monsterinsights_sitenote_note":"","_monsterinsights_sitenote_category":0,"footnotes":"","jetpack_publicize_message":"","jetpack_publicize_feature_enabled":true,"jetpack_social_post_already_shared":true,"jetpack_social_options":{"image_generator_settings":{"template":"highway","default_image_id":0,"font":"","enabled":false},"version":2}},"categories":[2],"tags":[],"class_list":["post-4996","post","type-post","status-publish","format-standard","has-post-thumbnail","hentry","category-politica"],"jetpack_publicize_connections":[],"_links":{"self":[{"href":"https:\/\/www.enorsai.com\/noticias\/wp-json\/wp\/v2\/posts\/4996","targetHints":{"allow":["GET"]}}],"collection":[{"href":"https:\/\/www.enorsai.com\/noticias\/wp-json\/wp\/v2\/posts"}],"about":[{"href":"https:\/\/www.enorsai.com\/noticias\/wp-json\/wp\/v2\/types\/post"}],"author":[{"embeddable":true,"href":"https:\/\/www.enorsai.com\/noticias\/wp-json\/wp\/v2\/users\/1"}],"replies":[{"embeddable":true,"href":"https:\/\/www.enorsai.com\/noticias\/wp-json\/wp\/v2\/comments?post=4996"}],"version-history":[{"count":0,"href":"https:\/\/www.enorsai.com\/noticias\/wp-json\/wp\/v2\/posts\/4996\/revisions"}],"wp:featuredmedia":[{"embeddable":true,"href":"https:\/\/www.enorsai.com\/noticias\/wp-json\/wp\/v2\/media\/4995"}],"wp:attachment":[{"href":"https:\/\/www.enorsai.com\/noticias\/wp-json\/wp\/v2\/media?parent=4996"}],"wp:term":[{"taxonomy":"category","embeddable":true,"href":"https:\/\/www.enorsai.com\/noticias\/wp-json\/wp\/v2\/categories?post=4996"},{"taxonomy":"post_tag","embeddable":true,"href":"https:\/\/www.enorsai.com\/noticias\/wp-json\/wp\/v2\/tags?post=4996"}],"curies":[{"name":"wp","href":"https:\/\/api.w.org\/{rel}","templated":true}]}}