{"id":4993,"date":"2025-06-07T17:06:15","date_gmt":"2025-06-07T20:06:15","guid":{"rendered":"https:\/\/www.enorsai.com\/noticias\/politica\/grabois-recuperamos-el-lugar-donde-murio-evita\/"},"modified":"2025-06-07T17:06:15","modified_gmt":"2025-06-07T20:06:15","slug":"grabois-recuperamos-el-lugar-donde-murio-evita","status":"publish","type":"post","link":"https:\/\/www.enorsai.com\/noticias\/politica\/grabois-recuperamos-el-lugar-donde-murio-evita\/","title":{"rendered":"Grabois: \u201cRecuperamos el lugar donde muri\u00f3 Evita\u201d"},"content":{"rendered":"\n<p>Juventud militante tom\u00f3 el hist\u00f3rico edificio de Austria 2601 en rechazo al cierre del Instituto Juan Domingo Per\u00f3n dispuesto por Milei<br><br>Este viernes por la tarde, un grupo de j\u00f3venes militantes del campo nacional y popular tom\u00f3 la hist\u00f3rica residencia ubicada en Austria 2601, en el barrio porte\u00f1o de Recoleta, donde hasta hace pocos d\u00edas funcionaba el Instituto Nacional Juan Domingo Per\u00f3n de Estudios e Investigaciones Hist\u00f3ricas, Sociales y Pol\u00edticas, disuelto por el gobierno de Javier Milei.<br><br>El dirigente social Juan Grabois fue quien dio a conocer la noticia a trav\u00e9s de sus redes sociales con un mensaje contundente:<br><br>&gt; \u201cRECUPERAMOS EL LUGAR DONDE MURI\u00d3 EVITA\u201d<br><br><br><br>Y convoc\u00f3:<br><br>&gt; \u201cVengan todos a Austria 2601 (Recoleta, CABA). Hace minutos la juventud del movimiento nacional recuper\u00f3 del odio gorila la antigua residencia de Per\u00f3n y Evita, donde funcionaba el Instituto disuelto ilegalmente por el r\u00e9gimen de Milei. Aqu\u00ed los antecesores de este gobierno tiraron sus bombas asesinas hace 70 a\u00f1os y el gobierno estafador destruy\u00f3 las estatuas de nuestros pr\u00f3ceres hace 7 d\u00edas. Seamos fieles a nuestra historia, defendamos nuestra herencia. \u00a1Viva Per\u00f3n, Viva Evita, Viva la Patria! \u270c\ufe0f\ud83c\udde6\ud83c\uddf7\u201d<br><br><br><br>La declaraci\u00f3n r\u00e1pidamente se viraliz\u00f3 y gener\u00f3 una fuerte reacci\u00f3n en redes sociales, tanto de militantes como de referentes pol\u00edticos que ven en la clausura del Instituto un gesto simb\u00f3licamente violento por parte del gobierno nacional.<br><br><br><br>Ataque al coraz\u00f3n simb\u00f3lico del peronismo<br><br>El pasado 7 de mayo \u2014fecha emblem\u00e1tica por ser el natalicio de Eva Per\u00f3n\u2014 el vocero presidencial Manuel Adorni anunci\u00f3 el cierre del Instituto Per\u00f3n, creado en 1994 y declarado Monumento Hist\u00f3rico Nacional. La medida fue oficializada v\u00eda decreto y acompa\u00f1ada de un fuerte operativo para impedir el ingreso del personal y desarticular cualquier intento de resistencia institucional.<br><br>La decisi\u00f3n fue interpretada como un intento de borrar la historia del movimiento nacional, atacando directamente sus s\u00edmbolos m\u00e1s potentes: Per\u00f3n, Evita y su legado pol\u00edtico, cultural y social.<br><br>Para empeorar a\u00fan m\u00e1s el cuadro, el gobierno tambi\u00e9n orden\u00f3 el cierre del caf\u00e9-bar que funcionaba en la sede del Instituto, conocido como \u201cUn caf\u00e9 con Per\u00f3n\u201d, gestionado por la cooperativa \u201cLo de N\u00e9stor\u201d, donde trabajaban m\u00e1s de 30 personas. De un plumazo, no solo se destruy\u00f3 un espacio de memoria, sino tambi\u00e9n fuentes de trabajo de familias organizadas.<br><br><br>La memoria que incomoda<br><br>El edificio en cuesti\u00f3n \u2014Austria 2601\u2014 forma parte de las estructuras que sobrevivieron a la demolici\u00f3n del Palacio Unzu\u00e9, residencia oficial de Per\u00f3n y lugar donde falleci\u00f3 Eva en 1952. El Palacio fue arrasado por la dictadura autodenominada \u201cRevoluci\u00f3n Libertadora\u201d tras el golpe de Estado de 1955.<br><br>Ese mismo lugar fue testigo del odio gorila que persiste hasta hoy: hace 70 a\u00f1os, en esos terrenos, se arrojaron bombas y se derrumb\u00f3 un s\u00edmbolo del Estado popular.<br><br>Ahora, en pleno 2025, la historia parece repetirse, con un gobierno que se define como \u201canticasta\u201d pero que en los hechos practica una pol\u00edtica de revancha ideol\u00f3gica, atacando conquistas sociales, s\u00edmbolos hist\u00f3ricos y espacios de formaci\u00f3n de pensamiento cr\u00edtico.<br><br><br><br>Reacciones y resistencias<br><br>Distintas figuras del peronismo salieron a repudiar la decisi\u00f3n del Ejecutivo. El diputado nacional Eduardo Vald\u00e9s present\u00f3 un proyecto de ley para declarar de utilidad p\u00fablica y proteger la continuidad del Instituto y su sede. Por su parte, Wado de Pedro denunci\u00f3 una embestida simb\u00f3lica \u201cplanificada\u201d, al haberse anunciado la clausura el mismo d\u00eda del cumplea\u00f1os de Evita.<br><br>Grabois, en tanto, con su estilo directo, denunci\u00f3 al gobierno de Milei como \u201cgorila\u201d y \u201cestafador\u201d, y llam\u00f3 a la juventud a recuperar el espacio con sus propios cuerpos, en una acci\u00f3n de resistencia activa frente a lo que consideran un atropello a la historia y a la identidad nacional.<br><br><br><br>Un acto de desobediencia simb\u00f3lica<br><br>La ocupaci\u00f3n del edificio por parte de la juventud peronista no es solo un gesto de protesta. Es, en palabras del propio Grabois, una recuperaci\u00f3n del sentido de pertenencia, una forma de decir \u201cesto no se entrega\u201d, \u201cesto no se vende\u201d, \u201cesto no se borra\u201d.<br><br>La toma se da adem\u00e1s en un contexto de creciente malestar social, ajuste econ\u00f3mico brutal, represi\u00f3n a la protesta y desmantelamiento de pol\u00edticas p\u00fablicas que afectan directamente a los sectores populares.<br><br><br><br>El legado no se clausura<br><br>\u201cRecuperar el lugar donde muri\u00f3 Evita\u201d no es una frase vac\u00eda. Es un grito de guerra, una advertencia al poder y un recordatorio de que la historia del pueblo no se archiva con decretos.<br><br>Hoy, mientras el gobierno de Javier Milei busca arrasar con cada s\u00edmbolo del Estado popular, un grupo de j\u00f3venes militantes decidi\u00f3 poner el cuerpo para defender la memoria de quienes forjaron una patria m\u00e1s justa.<br><br>Austria 2601 vuelve a ser territorio de lucha. Y aunque intenten clausurar el pasado, la historia resiste organizada.<br><br><br><br><\/p>\n","protected":false},"excerpt":{"rendered":"<p>Juventud militante tom\u00f3 el hist\u00f3rico edificio de Austria 2601 en rechazo al cierre del Instituto Juan Domingo Per\u00f3n dispuesto por Milei Este viernes por la tarde, un grupo de j\u00f3venes militantes del campo nacional y popular tom\u00f3 la hist\u00f3rica residencia ubicada en Austria 2601, en el barrio porte\u00f1o de Recoleta, donde hasta hace pocos d\u00edas&#8230;<\/p>\n","protected":false},"author":1,"featured_media":4992,"comment_status":"open","ping_status":"open","sticky":false,"template":"","format":"standard","meta":{"_monsterinsights_skip_tracking":false,"_monsterinsights_sitenote_active":false,"_monsterinsights_sitenote_note":"","_monsterinsights_sitenote_category":0,"footnotes":"","jetpack_publicize_message":"","jetpack_publicize_feature_enabled":true,"jetpack_social_post_already_shared":true,"jetpack_social_options":{"image_generator_settings":{"template":"highway","default_image_id":0,"font":"","enabled":false},"version":2}},"categories":[2],"tags":[],"class_list":["post-4993","post","type-post","status-publish","format-standard","has-post-thumbnail","hentry","category-politica"],"jetpack_publicize_connections":[],"_links":{"self":[{"href":"https:\/\/www.enorsai.com\/noticias\/wp-json\/wp\/v2\/posts\/4993","targetHints":{"allow":["GET"]}}],"collection":[{"href":"https:\/\/www.enorsai.com\/noticias\/wp-json\/wp\/v2\/posts"}],"about":[{"href":"https:\/\/www.enorsai.com\/noticias\/wp-json\/wp\/v2\/types\/post"}],"author":[{"embeddable":true,"href":"https:\/\/www.enorsai.com\/noticias\/wp-json\/wp\/v2\/users\/1"}],"replies":[{"embeddable":true,"href":"https:\/\/www.enorsai.com\/noticias\/wp-json\/wp\/v2\/comments?post=4993"}],"version-history":[{"count":1,"href":"https:\/\/www.enorsai.com\/noticias\/wp-json\/wp\/v2\/posts\/4993\/revisions"}],"predecessor-version":[{"id":4994,"href":"https:\/\/www.enorsai.com\/noticias\/wp-json\/wp\/v2\/posts\/4993\/revisions\/4994"}],"wp:featuredmedia":[{"embeddable":true,"href":"https:\/\/www.enorsai.com\/noticias\/wp-json\/wp\/v2\/media\/4992"}],"wp:attachment":[{"href":"https:\/\/www.enorsai.com\/noticias\/wp-json\/wp\/v2\/media?parent=4993"}],"wp:term":[{"taxonomy":"category","embeddable":true,"href":"https:\/\/www.enorsai.com\/noticias\/wp-json\/wp\/v2\/categories?post=4993"},{"taxonomy":"post_tag","embeddable":true,"href":"https:\/\/www.enorsai.com\/noticias\/wp-json\/wp\/v2\/tags?post=4993"}],"curies":[{"name":"wp","href":"https:\/\/api.w.org\/{rel}","templated":true}]}}