{"id":4976,"date":"2025-06-06T23:34:57","date_gmt":"2025-06-07T02:34:57","guid":{"rendered":"https:\/\/www.enorsai.com\/noticias\/politica\/estalla-la-interna-libertaria-a-las-pinas-por-las-cajas-del-pami-y-anses-en-santiago-del-estero\/"},"modified":"2025-06-06T23:34:57","modified_gmt":"2025-06-07T02:34:57","slug":"estalla-la-interna-libertaria-a-las-pinas-por-las-cajas-del-pami-y-anses-en-santiago-del-estero","status":"publish","type":"post","link":"https:\/\/www.enorsai.com\/noticias\/politica\/estalla-la-interna-libertaria-a-las-pinas-por-las-cajas-del-pami-y-anses-en-santiago-del-estero\/","title":{"rendered":"Estalla la interna libertaria a las pi\u00f1as por las cajas del PAMI y ANSES en Santiago del Estero"},"content":{"rendered":"\n<p>En medio de la crisis social que golpea a millones de argentinos, la interna de La Libertad Avanza muestra su rostro m\u00e1s brutal: pi\u00f1as, gritos y acusaciones cruzadas por el reparto de cargos y cajas del Estado. Esta vez, el esc\u00e1ndalo tuvo como escenario la sede partidaria de los libertarios en Santiago del Estero, donde militantes alineados a distintas facciones se trenzaron en una batalla campal. El bot\u00edn en disputa: el control de las delegaciones del PAMI y ANSES en la provincia.<br><br>Seg\u00fan reconstruy\u00f3 La Pol\u00edtica Online, el violento episodio fue protagonizado por integrantes de la juventud libertaria referenciados en el grupo \u00abLas Fuerzas del Cielo\u00bb, quienes irrumpieron en la sede partidaria y enfrentaron a los seguidores de Tom\u00e1s Figueroa, dirigente impuesto por el t\u00e1ndem Mart\u00edn y Lule Menem.<\/p>\n\n\n\n<figure class=\"wp-block-embed is-type-rich is-provider-twitter wp-block-embed-twitter\"><div class=\"wp-block-embed__wrapper\">\n<blockquote class=\"twitter-tweet\" data-width=\"550\" data-dnt=\"true\"><p lang=\"es\" dir=\"ltr\">\u2b55\ufe0f | \u00daLTIMO MOMENTO: En Santiago del Estero, DIRIGENTES DE LA LIBERTAD AVANZA SE AGARRARON A TROMPADAS EN MEDIO DE ACUSACIONES POR CORRUPCI\u00d3N.<br><br>\u203c\ufe0f Como en otras provincias, LOS LIBERTARIOS SON ACUSADOS DE ROBAR PLATA DE PAMI Y ANSES. ES UN ESC\u00c1NDALO.<br><br>\u274c LA DELINCUENCIA AVANZA. <a href=\"https:\/\/t.co\/I3VJSBpCsr\">pic.twitter.com\/I3VJSBpCsr<\/a><\/p>&mdash; Diagonales (@diagonalesweb) <a href=\"https:\/\/twitter.com\/diagonalesweb\/status\/1931107502793633945?ref_src=twsrc%5Etfw\">June 6, 2025<\/a><\/blockquote><script async src=\"https:\/\/platform.twitter.com\/widgets.js\" charset=\"utf-8\"><\/script>\n<\/div><\/figure>\n\n\n\n<p><br><br>El nivel de tensi\u00f3n escal\u00f3 al ritmo de las acusaciones de corrupci\u00f3n. Se escucharon denuncias de \u201c\u00f1oquis\u201d, coimas y acomodos en los organismos nacionales. \u201cUstedes cobran de la caja del partido nuestro\u201d, lanz\u00f3 uno de los j\u00f3venes exaltados. La escena termin\u00f3 a las trompadas, y qued\u00f3 registrada en video, donde se puede identificar a Lionel Navarrete y Nicole Eberle, presidente y vicepresidenta de la Juventud de LLA en la provincia.<br><br>Desde el sector de Figueroa no tardaron en contraatacar, con un tono no menos violento: \u201cEste enano es un atrevido\u201d, se escucha decir a una de sus integrantes. Pero m\u00e1s all\u00e1 del show grotesco, el trasfondo es claro: se pelean por los cargos, por los contratos, por los recursos que administra el Estado que tanto dicen despreciar.<br><br>Este nuevo episodio expone el feroz enfrentamiento interno que sacude a La Libertad Avanza, partido que lleg\u00f3 al poder prometiendo terminar con la \u201ccasta\u201d y que hoy reproduce sus peores pr\u00e1cticas en versi\u00f3n ca\u00f3tica y acelerada. Lejos de romper con las viejas l\u00f3gicas, las reproduce con brutalidad amateur.<br><br>El conflicto tambi\u00e9n tiene ramificaciones a nivel nacional. La guerra por el PAMI enfrenta directamente a Santiago Caputo \u2014estratega de Javier Milei y hombre fuerte en el Gobierno\u2014 con el ala representada por Lule Menem y Karina Milei. En Santiago del Estero, Caputo intent\u00f3 imponer su armado provincial, chocando de lleno con la estructura local ya dominada por los Menem.<br><br>No es la primera vez que surgen denuncias por manejos opacos en el PAMI santiague\u00f1o. El a\u00f1o pasado, una exdirectora del organismo denunci\u00f3 haber sido despedida por preguntar en qu\u00e9 se gastaba el 25% de su sueldo, aportado al partido. Ahora, con el creciente malestar por los nombramientos de j\u00f3venes libertarios en cargos sensibles, la interna se desmadra.<br><br>Mientras tanto, en el Congreso ya se acumulan pedidos de investigaci\u00f3n sobre supuestas irregularidades en el manejo del PAMI, con intendentes que presentaron denuncias judiciales. A eso se suma el esc\u00e1ndalo reciente del contrato millonario de pa\u00f1ales adjudicado a Clar\u00edn, que termin\u00f3 de dinamitar los puentes entre las distintas tribus libertarias.<br><br>Tom\u00e1s Figueroa, sobrino del hist\u00f3rico menemista \u201cPepe\u201d Figueroa, fue nombrado secretario parlamentario por Mart\u00edn Menem y luego designado jefe de LLA en Santiago en un acto que cont\u00f3 con la presencia de Karina Milei. Pero ahora, su figura est\u00e1 en el centro de una tormenta alimentada por las facciones rivales, que lo acusan de quedarse con el control de las cajas sin repartir el bot\u00edn.<br><br>La escena es reveladora: el partido que prometi\u00f3 achicar el Estado y erradicar a los \u00f1oquis, hoy protagoniza escenas de violencia en defensa de esos mismos privilegios. Las oficinas p\u00fablicas se transformaron en trincheras de poder, y la juventud libertaria \u2014lejos de ser un semillero de ideas\u2014 se convirti\u00f3 en un ej\u00e9rcito de punteros desesperados por un cargo.<br><br>En un pa\u00eds golpeado por la inflaci\u00f3n, el ajuste brutal y el deterioro institucional, la interna libertaria no es solo una postal del caos, sino un recordatorio de que la casta, cuando se disfraza de revoluci\u00f3n, puede ser a\u00fan m\u00e1s peligrosa.<br><br>Fuente:<\/p>\n\n\n\n<p><\/p>\n","protected":false},"excerpt":{"rendered":"<p>En medio de la crisis social que golpea a millones de argentinos, la interna de La Libertad Avanza muestra su rostro m\u00e1s brutal: pi\u00f1as, gritos y acusaciones cruzadas por el reparto de cargos y cajas del Estado. Esta vez, el esc\u00e1ndalo tuvo como escenario la sede partidaria de los libertarios en Santiago del Estero, donde&#8230;<\/p>\n","protected":false},"author":11,"featured_media":4975,"comment_status":"open","ping_status":"open","sticky":false,"template":"","format":"standard","meta":{"_monsterinsights_skip_tracking":false,"_monsterinsights_sitenote_active":false,"_monsterinsights_sitenote_note":"","_monsterinsights_sitenote_category":0,"footnotes":"","jetpack_publicize_message":"","jetpack_publicize_feature_enabled":true,"jetpack_social_post_already_shared":true,"jetpack_social_options":{"image_generator_settings":{"template":"highway","default_image_id":0,"font":"","enabled":false},"version":2}},"categories":[2],"tags":[],"class_list":["post-4976","post","type-post","status-publish","format-standard","has-post-thumbnail","hentry","category-politica"],"jetpack_publicize_connections":[],"_links":{"self":[{"href":"https:\/\/www.enorsai.com\/noticias\/wp-json\/wp\/v2\/posts\/4976","targetHints":{"allow":["GET"]}}],"collection":[{"href":"https:\/\/www.enorsai.com\/noticias\/wp-json\/wp\/v2\/posts"}],"about":[{"href":"https:\/\/www.enorsai.com\/noticias\/wp-json\/wp\/v2\/types\/post"}],"author":[{"embeddable":true,"href":"https:\/\/www.enorsai.com\/noticias\/wp-json\/wp\/v2\/users\/11"}],"replies":[{"embeddable":true,"href":"https:\/\/www.enorsai.com\/noticias\/wp-json\/wp\/v2\/comments?post=4976"}],"version-history":[{"count":0,"href":"https:\/\/www.enorsai.com\/noticias\/wp-json\/wp\/v2\/posts\/4976\/revisions"}],"wp:featuredmedia":[{"embeddable":true,"href":"https:\/\/www.enorsai.com\/noticias\/wp-json\/wp\/v2\/media\/4975"}],"wp:attachment":[{"href":"https:\/\/www.enorsai.com\/noticias\/wp-json\/wp\/v2\/media?parent=4976"}],"wp:term":[{"taxonomy":"category","embeddable":true,"href":"https:\/\/www.enorsai.com\/noticias\/wp-json\/wp\/v2\/categories?post=4976"},{"taxonomy":"post_tag","embeddable":true,"href":"https:\/\/www.enorsai.com\/noticias\/wp-json\/wp\/v2\/tags?post=4976"}],"curies":[{"name":"wp","href":"https:\/\/api.w.org\/{rel}","templated":true}]}}