{"id":4950,"date":"2025-06-06T09:06:06","date_gmt":"2025-06-06T12:06:06","guid":{"rendered":"http:\/\/www.enorsai.com\/noticias\/?p=4950"},"modified":"2025-06-06T09:06:06","modified_gmt":"2025-06-06T12:06:06","slug":"el-instituto-nacional-juan-domingo-peron-fue-vaciado-en-plena-noche-por-orden-del-gobierno-de-javier-milei","status":"publish","type":"post","link":"https:\/\/www.enorsai.com\/noticias\/politica\/el-instituto-nacional-juan-domingo-peron-fue-vaciado-en-plena-noche-por-orden-del-gobierno-de-javier-milei\/","title":{"rendered":"El Instituto Nacional Juan Domingo Per\u00f3n fue vaciado en plena noche por orden del gobierno de Javier Milei"},"content":{"rendered":"\n<p><strong><em>El saqueo de la memoria: Milei y el desguace del legado peronista. El Instituto Nacional Juan Domingo Per\u00f3n, s\u00edmbolo vivo de la historia pol\u00edtica argentina, fue vaciado en plena noche por orden del gobierno de Javier Milei. El operativo, ejecutado con sa\u00f1a y secretismo, apunta a borrar los rastros de una tradici\u00f3n que incomoda al poder libertario.<\/em><\/strong><\/p>\n\n\n\n<p>Libros incunables, bustos hist\u00f3ricos, documentos irreemplazables y objetos personales del matrimonio Per\u00f3n fueron sustra\u00eddos y arrojados como basura. El intento de \u201cextirpar al peronismo\u201d se vuelve un acto brutal de violencia simb\u00f3lica y material. La resistencia, sin embargo, ya se organiza desde la dignidad de los trabajadores.<\/p>\n\n\n\n<p>En la oscuridad de la noche, como en los tiempos m\u00e1s aciagos de nuestra historia reciente, la polic\u00eda del gobierno de Javier Milei se present\u00f3 en la sede del Instituto Nacional Juan Domingo Per\u00f3n y ejecut\u00f3 un operativo que hiela la sangre: comenzaron a vaciar sistem\u00e1ticamente el patrimonio hist\u00f3rico del peronismo, esa memoria inc\u00f3moda que el nuevo r\u00e9gimen quiere erradicar del mapa pol\u00edtico argentino. Libros incunables, documentos \u00fanicos, bustos de Evita y Per\u00f3n, placas conmemorativas, investigaciones, objetos personales y hasta materiales audiovisuales fueron secuestrados sin previo aviso y trasladados a dep\u00f3sitos con un \u00fanico fin: eliminar de la escena p\u00fablica todo vestigio de un legado que a\u00fan moviliza pasiones y conciencia popular.<\/p>\n\n\n\n<p>Este atropello no es un hecho aislado. Es parte de una ofensiva m\u00e1s amplia y despiadada contra todo lo que huela a justicia social, memoria obrera y derechos conquistados. Se trata de un plan calculado, una vendetta ideol\u00f3gica contra el movimiento pol\u00edtico m\u00e1s importante de la historia argentina. El gobierno de Javier Milei, con la complicidad activa de sus operadores libertarios, ha transformado la persecuci\u00f3n simb\u00f3lica en una pr\u00e1ctica de gesti\u00f3n. \u00bfSe puede gobernar desde el odio? La respuesta se vuelve cada vez m\u00e1s evidente.<\/p>\n\n\n\n<p>El lugar saqueado no es cualquier sitio. Es la casa de la calle Austria, en el coraz\u00f3n del barrio porte\u00f1o de Recoleta. All\u00ed vivieron Juan Domingo Per\u00f3n y Eva Duarte; all\u00ed naci\u00f3 buena parte de la arquitectura pol\u00edtica y social que molde\u00f3 al pa\u00eds durante el siglo XX. Desde esas paredes, Eva Per\u00f3n \u2014agonizante y decidida\u2014 organiz\u00f3 hasta el \u00faltimo d\u00eda su compromiso con los humildes. Por esa ventana recib\u00eda las cartas de los m\u00e1s pobres, las que ella misma le\u00eda y respond\u00eda con acciones concretas a trav\u00e9s de la Fundaci\u00f3n Eva Per\u00f3n. Esa casa, hoy vaciada por gorilas vestidos de polic\u00edas y funcionarios de traje libertario, es tambi\u00e9n la casa de la historia, del pueblo y de la esperanza.<\/p>\n\n\n\n<p>No sorprende, aunque duele. La violencia simb\u00f3lica que despliega La Libertad Avanza se vuelve una herramienta cotidiana de gobierno. No alcanza con ajustar el bolsillo, despedir trabajadores o congelar presupuestos. Tambi\u00e9n hay que arrasar con lo que emociona, con lo que recuerda, con lo que representa una amenaza espiritual para su cruzada de destrucci\u00f3n sistem\u00e1tica del Estado. Es, en definitiva, una forma de dominaci\u00f3n: cuando no se puede borrar al adversario pol\u00edtico por las urnas, se lo desaparece de los libros, los museos y la memoria colectiva.<\/p>\n\n\n\n<p>El operativo del despojo se organiz\u00f3 como un verdadero secuestro cultural. Sin anunciar el destino de los bienes, sin di\u00e1logo con quienes gestionan el espacio, sin orden judicial que lo respalde, el Estado libertario actu\u00f3 como un grupo comando ideol\u00f3gico. Y como en los a\u00f1os m\u00e1s oscuros, lo hizo en la penumbra, en silencio, con el rostro oculto por las sombras del resentimiento.<\/p>\n\n\n\n<p>Pero lo que duele a\u00fan m\u00e1s es el destino inmediato que pretenden imponerle a ese espacio. El 12 de junio, los gurkas de La Libertad Avanza planean tomar posesi\u00f3n definitiva del lugar, expulsando por la fuerza a las treinta familias que sostienen all\u00ed una cooperativa cultural. En ese sitio funciona hoy \u201cUn caf\u00e9 con Per\u00f3n\u201d y la sala de cine Leonardo Favio, gestionada con esfuerzo, dignidad y compromiso social. Su concesi\u00f3n est\u00e1 vigente hasta 2027, pero eso parece no importar. La legalidad se ha vuelto irrelevante para quienes gobiernan a fuerza de decretos, mentiras y amenazas.<\/p>\n\n\n\n<p>La decisi\u00f3n del gobierno no es s\u00f3lo ilegal, es cruel. Al quitarles el espacio, se les quita tambi\u00e9n el sustento a decenas de trabajadores. Pero la p\u00e9rdida mayor es otra: es la herida que se abre en la democracia, en la cultura, en la posibilidad de debatir con respeto las ideas que nos dividen pero que tambi\u00e9n nos definen. Porque lo que se pretende con este vaciamiento no es s\u00f3lo golpear al peronismo: es desmembrar la memoria colectiva de los argentinos, mutilar nuestra historia para reescribirla con tinta libertaria y rencor reaccionario.<\/p>\n\n\n\n<p>Desde la cooperativa que resiste el desalojo lo dijeron sin vueltas: \u201cEstamos resistiendo el embate brutal de un gobierno insaciable y sin coraz\u00f3n que apalea jubilados con hambre, insulta ni\u00f1os con autismo, deja librados a su suerte a los enfermos de c\u00e1ncer, desoye a los laburantes, cient\u00edficos, artistas, a quienes acusa de opositores o golpistas\u201d. No se trata de una hip\u00e9rbole, es una descripci\u00f3n precisa del clima que se respira en la Argentina gobernada por Milei. Un pa\u00eds donde los derechos se negocian como mercanc\u00eda, la historia se vende al mejor postor y la cultura popular se desprecia con cinismo.<\/p>\n\n\n\n<p>La \u201cnueva libertad\u201d que prometieron viene cargada de violencia, precarizaci\u00f3n y saqueo. Y mientras en las calles crece el hambre, en los salones del poder se aplaude la represi\u00f3n, se vitorea la desregulaci\u00f3n y se planea, con precisi\u00f3n quir\u00fargica, la destrucci\u00f3n de todo s\u00edmbolo que hable de justicia social, equidad o soberan\u00eda nacional.<\/p>\n\n\n\n<p>La toma del Instituto Juan Domingo Per\u00f3n no es s\u00f3lo un ataque a una corriente pol\u00edtica. Es una declaraci\u00f3n de guerra contra la historia argentina. Y como toda guerra cultural, no se libra s\u00f3lo con tanques, sino con decretos, con editoriales, con gestos de desprecio hacia lo colectivo. Pero tambi\u00e9n, como toda guerra cultural, puede ser enfrentada con la fuerza imbatible de la memoria, la organizaci\u00f3n y la resistencia popular.<\/p>\n\n\n\n<p>Los trabajadores que hoy defienden ese espacio son los custodios de una llama que no se apaga. Porque podr\u00e1n robarse bustos, quemar archivos, cerrar salas de cine, pero no podr\u00e1n jam\u00e1s borrar del alma del pueblo ese amor profundo que a\u00fan late por Evita, por Per\u00f3n, por cada derecho conquistado y por cada batalla librada en defensa de la dignidad.<\/p>\n\n\n\n<p>No se trata s\u00f3lo de resistir. Se trata de no olvidar. De no permitir que nos roben el relato, que nos dicten qu\u00e9 recordar y qu\u00e9 enterrar. Se trata, sobre todo, de hacer tronar otra vez esa m\u00fasica maravillosa que es la palabra del pueblo argentino: un grito colectivo que no se rinde, ni siquiera frente a la brutalidad disfrazada de \u201clibertad\u201d.<\/p>\n\n\n\n<p>Fuente:<\/p>\n\n\n\n<ul class=\"wp-block-list\">\n<li><a href=\"https:\/\/www.tiempoar.com.ar\/ta_article\/la-libertad-avanza-comenzaron-a-llevarse-el-patrimonio-del-instituto-nacional-juan-domingo-peron\/\">https:\/\/www.tiempoar.com.ar\/ta_article\/la-libertad-avanza-comenzaron-a-llevarse-el-patrimonio-del-instituto-nacional-juan-domingo-peron\/<\/a><\/li>\n<\/ul>\n","protected":false},"excerpt":{"rendered":"<p>El gobierno de Javier Milei saque\u00f3 en plena noche el Instituto Juan Domingo Per\u00f3n, vaciando objetos hist\u00f3ricos y simb\u00f3licos clave del peronismo. Con violencia y desprecio por la memoria colectiva, buscan borrar un legado inc\u00f3modo. La resistencia de trabajadores y el pueblo marca un nuevo cap\u00edtulo de dignidad ante el atropello.<\/p>\n","protected":false},"author":9,"featured_media":4951,"comment_status":"open","ping_status":"open","sticky":false,"template":"","format":"standard","meta":{"_monsterinsights_skip_tracking":false,"_monsterinsights_sitenote_active":false,"_monsterinsights_sitenote_note":"","_monsterinsights_sitenote_category":0,"footnotes":"","jetpack_publicize_message":"\u26a0\ufe0f En plena noche, el gobierno de Milei vaci\u00f3 el Instituto Juan Domingo Per\u00f3n como quien quiere arrancar de ra\u00edz la historia del pueblo. Pero no hay desalojo capaz de borrar la memoria.","jetpack_publicize_feature_enabled":true,"jetpack_social_post_already_shared":false,"jetpack_social_options":{"image_generator_settings":{"template":"highway","default_image_id":0,"enabled":false},"version":2}},"categories":[2],"tags":[663,209,1606,99,1605,73,97,45,363,365],"class_list":["post-4950","post","type-post","status-publish","format-standard","has-post-thumbnail","hentry","category-politica","tag-cultura","tag-democracia","tag-evita","tag-historia","tag-institutoperon","tag-libertadavanza","tag-memoria","tag-milei","tag-peronismo","tag-represion"],"jetpack_publicize_connections":[],"_links":{"self":[{"href":"https:\/\/www.enorsai.com\/noticias\/wp-json\/wp\/v2\/posts\/4950","targetHints":{"allow":["GET"]}}],"collection":[{"href":"https:\/\/www.enorsai.com\/noticias\/wp-json\/wp\/v2\/posts"}],"about":[{"href":"https:\/\/www.enorsai.com\/noticias\/wp-json\/wp\/v2\/types\/post"}],"author":[{"embeddable":true,"href":"https:\/\/www.enorsai.com\/noticias\/wp-json\/wp\/v2\/users\/9"}],"replies":[{"embeddable":true,"href":"https:\/\/www.enorsai.com\/noticias\/wp-json\/wp\/v2\/comments?post=4950"}],"version-history":[{"count":1,"href":"https:\/\/www.enorsai.com\/noticias\/wp-json\/wp\/v2\/posts\/4950\/revisions"}],"predecessor-version":[{"id":4952,"href":"https:\/\/www.enorsai.com\/noticias\/wp-json\/wp\/v2\/posts\/4950\/revisions\/4952"}],"wp:featuredmedia":[{"embeddable":true,"href":"https:\/\/www.enorsai.com\/noticias\/wp-json\/wp\/v2\/media\/4951"}],"wp:attachment":[{"href":"https:\/\/www.enorsai.com\/noticias\/wp-json\/wp\/v2\/media?parent=4950"}],"wp:term":[{"taxonomy":"category","embeddable":true,"href":"https:\/\/www.enorsai.com\/noticias\/wp-json\/wp\/v2\/categories?post=4950"},{"taxonomy":"post_tag","embeddable":true,"href":"https:\/\/www.enorsai.com\/noticias\/wp-json\/wp\/v2\/tags?post=4950"}],"curies":[{"name":"wp","href":"https:\/\/api.w.org\/{rel}","templated":true}]}}