{"id":4948,"date":"2025-06-06T08:19:34","date_gmt":"2025-06-06T11:19:34","guid":{"rendered":"https:\/\/www.enorsai.com\/noticias\/politica\/con-la-tuya-milei-y-su-gabinete-gastaron-mas-de-1-700-millones-en-viajes\/"},"modified":"2025-06-06T08:19:34","modified_gmt":"2025-06-06T11:19:34","slug":"con-la-tuya-milei-y-su-gabinete-gastaron-mas-de-1-700-millones-en-viajes","status":"publish","type":"post","link":"https:\/\/www.enorsai.com\/noticias\/politica\/con-la-tuya-milei-y-su-gabinete-gastaron-mas-de-1-700-millones-en-viajes\/","title":{"rendered":"\u00a1Con la tuya! Milei y su gabinete gastaron m\u00e1s de $1.700 millones en viajes"},"content":{"rendered":"\n<p>Mientras el gobierno de Javier Milei ejecuta recortes hist\u00f3ricos en salud, educaci\u00f3n, cultura y ciencia, una investigaci\u00f3n de la Red Federal de Periodismo e Innovaci\u00f3n (RPI), publicada por Chequeado, revela un costado del ajuste que contradice el discurso de la austeridad: los funcionarios libertarios realizaron 645 viajes en menos de un a\u00f1o, con un costo total de $1.763 millones en pasajes, hospedajes y vi\u00e1ticos. La mayor\u00eda de esos gastos no se destinaron a actividades urgentes ni estrat\u00e9gicas para el pa\u00eds, sino a una diplomacia err\u00e1tica, protagonizada por vuelos privados, giras internacionales y traslados a provincias de origen.<br><br>El presidente Javier Milei encabez\u00f3 el ranking del despilfarro, acumulando 17 viajes que lo mantuvieron casi dos meses fuera del pa\u00eds y que costaron $1.280 millones. El 90% de ese monto se utiliz\u00f3 en vuelos privados, muchos de ellos contratados a empresas como Flyzar y Pacific Ocean SA, cuyos propietarios tienen v\u00ednculos estrechos con el c\u00edrculo empresarial. Por ejemplo, el vuelo a la exclusiva Conferencia de Sun Valley \u2014cumbre de multimillonarios en EE.UU.\u2014 cost\u00f3 al Estado $344 millones, mientras miles de jubilados ve\u00edan recortadas sus prestaciones y el sistema universitario implosionaba por falta de presupuesto.<br><br>Karina Milei, siempre a bordo<br><br>En todos sus traslados, Milei fue acompa\u00f1ado por su hermana y secretaria general de la Presidencia, Karina Milei, y por el subsecretario de Asuntos Presidenciales, Dar\u00edo Lucas. Lejos de dar explicaciones p\u00fablicas, la Secretar\u00eda que comanda Karina fue, parad\u00f3jicamente, la que m\u00e1s gast\u00f3: $1.289 millones, y tambi\u00e9n la que m\u00e1s resisti\u00f3 los pedidos de informaci\u00f3n p\u00fablica, neg\u00e1ndose a entregar datos sobre otras secretar\u00edas presidenciales.<br><br>La fundaci\u00f3n Poder Ciudadano, que impuls\u00f3 el pedido de acceso a la informaci\u00f3n, denunci\u00f3 que la transparencia del Ejecutivo es selectiva y parcial, con organismos que cumplieron y otros que directamente se negaron a responder. \u201cLos gobiernos deben publicar proactivamente esta informaci\u00f3n en formatos abiertos y accesibles. No puede depender solo del periodismo o de la sociedad civil\u201d, afirm\u00f3 Pablo Secchi, su director.<br><br>Ministros viajeros, agendas difusas<br><br>El podio de los ministros con m\u00e1s traslados est\u00e1 encabezado por Luis Petri (Defensa) con 48 viajes, de los cuales un 70% fueron a su provincia natal, Mendoza. Le sigue Patricia Bullrich (Seguridad) con 40 viajes, en su mayor\u00eda dentro del pa\u00eds, y en tercer lugar Diana Mondino, la ex canciller, con 34 salidas, principalmente internacionales.<br><br>El viaje m\u00e1s caro de un ministro fue tambi\u00e9n de Petri: una gira europea para firmar la compra de aviones F-16 y acercar a Argentina a la OTAN, que cost\u00f3 $32 millones. En paralelo, se cierran comedores comunitarios y se deja a miles de trabajadores del Estado en la calle.<br><br>\u00bfAusteridad selectiva o cinismo institucionalizado?<br><br>Milei lleg\u00f3 a la presidencia prometiendo \u201cterminar con la casta\u201d y con una motosierra en mano. Sin embargo, su gesti\u00f3n muestra una doble vara: ajuste brutal para la ciudadan\u00eda y dispendio para su c\u00edrculo \u00edntimo. Viajes que podr\u00edan realizarse en vuelos comerciales se pagan con cifras multimillonarias a empresas privadas. La pr\u00e9dica de \u201cel Estado es una organizaci\u00f3n criminal\u201d contrasta con una pr\u00e1ctica de privilegios, opacidad y gasto improductivo.<br><br>Mientras tanto, los datos sobre las actividades oficiales en el exterior, sus resultados concretos, o sus impactos reales en la vida de los argentinos, brillan por su ausencia. No hay informes, balances ni retornos palpables. Solo flyers en redes sociales, sonrisas junto a multimillonarios y discursos con gui\u00f1os ideol\u00f3gicos ante foros conservadores.<br><br>\u00bfQui\u00e9n controla al presidente?<br><br>La revelaci\u00f3n de estos datos no deber\u00eda ser un hecho excepcional. Deber\u00eda formar parte de una administraci\u00f3n p\u00fablica transparente, comprometida con el control ciudadano. Sin embargo, en el gobierno de Milei, el secretismo, el blindaje informativo y la ret\u00f3rica del enemigo interno se imponen como norma.<br><br>Los argentinos merecen saber c\u00f3mo y en qu\u00e9 se gasta su dinero, especialmente en tiempos de sacrificio. Pero este gobierno, que se proclama libertario, parece confundir libertad con impunidad, y transparencia con debilidad.<br><br><br>Fuentes:<\/p>\n\n\n\n<ul class=\"wp-block-list\">\n<li>Los viajes de Javier Milei: casi el 30% de lo gastado por el Estado en vuelos fue para ir a actos partidarios o recibir premios personales<br>https:\/\/chequeado.com\/el-explicador\/los-viajes-de-javier-milei-casi-el-30-de-lo-gastado-por-el-estado-en-vuelos-fue-para-ir-a-actos-partidarios-o-recibir-premios-personales\/<br><br>Viajes al exterior: Milei viaj\u00f3 m\u00e1s que Macri y Fern\u00e1ndez en su primer a\u00f1o de gesti\u00f3n y privilegi\u00f3 Estados Unidos por sobre la regi\u00f3n<br>https:\/\/chequeado.com\/el-explicador\/viajes-al-exterior-milei-viajo-mas-que-macri-y-fernandez-en-su-primer-ano-de-gestion-y-privilegio-estados-unidos-por-sobre-la-region\/<br><br>Uno por uno: los viajes de Javier Milei al exterior<br>https:\/\/chequeado.com\/el-explicador\/uno-por-uno-los-viajes-de-javier-milei-al-exterior-recorrio-mas-de-215-mil-kilometros-y-estuvo-fuera-del-pais-44-dias\/<br><br>Se presentaron los primeros resultados del Laboratorio de Acceso a la Informaci\u00f3n P\u00fablica<br>https:\/\/poderciudadano.org\/laboratorio-de-acceso-a-la-informacion-publica-se-presentaron-los-primeros-resultados\/<br><br>1\u00ba Informe de Resultados \u2013 Laboratorio de Acceso a la Informaci\u00f3n P\u00fablica (PDF)<br>https:\/\/poderciudadano.org\/wp-content\/uploads\/2025\/02\/FPC-AIPLab-1%C2%B0-Informe-de-Resultados-2025.docx-1.pdf<br><br>Datos Abiertos \u2013 Poder Ciudadano<br>https:\/\/poderciudadano.org\/categoria\/datos-abiertos\/<br><br><\/li>\n<\/ul>\n","protected":false},"excerpt":{"rendered":"<p>Mientras el gobierno de Javier Milei ejecuta recortes hist\u00f3ricos en salud, educaci\u00f3n, cultura y ciencia, una investigaci\u00f3n de la Red Federal de Periodismo e Innovaci\u00f3n (RPI), publicada por Chequeado, revela un costado del ajuste que contradice el discurso de la austeridad: los funcionarios libertarios realizaron 645 viajes en menos de un a\u00f1o, con un costo&#8230;<\/p>\n","protected":false},"author":11,"featured_media":4947,"comment_status":"open","ping_status":"open","sticky":false,"template":"","format":"standard","meta":{"_monsterinsights_skip_tracking":false,"_monsterinsights_sitenote_active":false,"_monsterinsights_sitenote_note":"","_monsterinsights_sitenote_category":0,"footnotes":"","jetpack_publicize_message":"","jetpack_publicize_feature_enabled":true,"jetpack_social_post_already_shared":true,"jetpack_social_options":{"image_generator_settings":{"template":"highway","default_image_id":0,"font":"","enabled":false},"version":2}},"categories":[2],"tags":[],"class_list":["post-4948","post","type-post","status-publish","format-standard","has-post-thumbnail","hentry","category-politica"],"jetpack_publicize_connections":[],"_links":{"self":[{"href":"https:\/\/www.enorsai.com\/noticias\/wp-json\/wp\/v2\/posts\/4948","targetHints":{"allow":["GET"]}}],"collection":[{"href":"https:\/\/www.enorsai.com\/noticias\/wp-json\/wp\/v2\/posts"}],"about":[{"href":"https:\/\/www.enorsai.com\/noticias\/wp-json\/wp\/v2\/types\/post"}],"author":[{"embeddable":true,"href":"https:\/\/www.enorsai.com\/noticias\/wp-json\/wp\/v2\/users\/11"}],"replies":[{"embeddable":true,"href":"https:\/\/www.enorsai.com\/noticias\/wp-json\/wp\/v2\/comments?post=4948"}],"version-history":[{"count":0,"href":"https:\/\/www.enorsai.com\/noticias\/wp-json\/wp\/v2\/posts\/4948\/revisions"}],"wp:featuredmedia":[{"embeddable":true,"href":"https:\/\/www.enorsai.com\/noticias\/wp-json\/wp\/v2\/media\/4947"}],"wp:attachment":[{"href":"https:\/\/www.enorsai.com\/noticias\/wp-json\/wp\/v2\/media?parent=4948"}],"wp:term":[{"taxonomy":"category","embeddable":true,"href":"https:\/\/www.enorsai.com\/noticias\/wp-json\/wp\/v2\/categories?post=4948"},{"taxonomy":"post_tag","embeddable":true,"href":"https:\/\/www.enorsai.com\/noticias\/wp-json\/wp\/v2\/tags?post=4948"}],"curies":[{"name":"wp","href":"https:\/\/api.w.org\/{rel}","templated":true}]}}