{"id":4945,"date":"2025-06-06T06:52:53","date_gmt":"2025-06-06T09:52:53","guid":{"rendered":"http:\/\/www.enorsai.com\/noticias\/sociedad\/bibliotecas-en-emergencia-el-decreto-345-2025-de-milei-y-el-intento-de-desguace-de-la-conabip\/"},"modified":"2025-06-06T06:59:27","modified_gmt":"2025-06-06T09:59:27","slug":"bibliotecas-en-emergencia-el-decreto-345-2025-de-milei-y-el-intento-de-desguace-de-la-conabip","status":"publish","type":"post","link":"https:\/\/www.enorsai.com\/noticias\/sociedad\/bibliotecas-en-emergencia-el-decreto-345-2025-de-milei-y-el-intento-de-desguace-de-la-conabip\/","title":{"rendered":"Bibliotecas en peligro: El decreto 345\/2025 de Milei y el intento de desguace de la Conabip"},"content":{"rendered":"\n<p>Una amenaza silenciosa pero profunda se cierne sobre el entramado cultural m\u00e1s federal y democr\u00e1tico del pa\u00eds. El decreto 345\/2025 del presidente Javier Milei propone desmantelar la hist\u00f3rica Comisi\u00f3n Nacional de Bibliotecas Populares (Conabip), una instituci\u00f3n que ha sido pilar del acceso a la cultura desde su creaci\u00f3n en 1870 por Domingo Faustino Sarmiento. <\/p>\n\n\n\n<p>La norma elimina su autonom\u00eda y la subordina a la Secretar\u00eda de Cultura, en lo que se percibe como un nuevo cap\u00edtulo del plan sistem\u00e1tico de desguace del Estado y de los organismos que promueven la equidad territorial y el derecho al conocimiento.<br \/><br \/>Lejos de ser una medida t\u00e9cnica o administrativa, el decreto fue recibido como una embestida directa contra un s\u00edmbolo de la cultura popular. La respuesta no se hizo esperar: ex ministros y secretarios de Cultura de gobiernos tan diversos como los de Menem, Duhalde, Kirchner, Fern\u00e1ndez de Kirchner, Macri y Alberto Fern\u00e1ndez firmaron una carta conjunta dirigida a la Comisi\u00f3n Bicameral de Tr\u00e1mite Legislativo, presidida por el diputado Oscar Zago, en la que exigen el rechazo inmediato de la norma. En un pa\u00eds atravesado por grietas pol\u00edticas profundas, el consenso transversal es una se\u00f1al de alerta mayor.<br \/><br \/>&gt; \u201cSarmiento las cre\u00f3, Escandar las cerr\u00f3\u201d, sintetiza el hashtag que circula con creciente viralidad en redes sociales. La iron\u00eda apunta directamente al actual titular de la Conabip, Ra\u00fal Escandar, a quien se le atribuye un rol pasivo \u2014o c\u00f3mplice\u2014 en el vaciamiento institucional.<br \/><br \/><br \/><br \/>Un da\u00f1o cultural irreparable<br \/><br \/>La Conabip ha sido durante m\u00e1s de un siglo y medio un basti\u00f3n de las bibliotecas populares, promoviendo su creaci\u00f3n, modernizaci\u00f3n y fortalecimiento en cientos de pueblos y ciudades del pa\u00eds. Se trata de espacios gestionados por la comunidad, sostenidos muchas veces a pulm\u00f3n, que ofrecen acceso gratuito a libros, conectividad, actividades educativas, talleres y servicios sociales, especialmente en zonas donde el Estado nacional tiene escasa presencia f\u00edsica. Su autonom\u00eda administrativa le ha permitido gestionar fondos y pol\u00edticas p\u00fablicas sin depender directamente del vaiv\u00e9n pol\u00edtico del momento.<br \/><br \/>El decreto de Milei rompe con ese principio. Al eliminar su estatus de organismo descentralizado y convertirla en una repartici\u00f3n subordinada, se allana el camino para el recorte presupuestario, el vaciamiento funcional y, eventualmente, la desaparici\u00f3n de su capacidad operativa. Un modelo que ya se ha visto repetido en otras \u00e1reas del Estado, como el INCAA, el INTI, el CONICET y hasta en universidades p\u00fablicas.<br \/><br \/>Una cultura para pocos<br \/><br \/>La ofensiva contra la Conabip no puede leerse de manera aislada. Forma parte de una avanzada ideol\u00f3gica que busca redefinir el rol del Estado como garante de derechos culturales, educativos y cient\u00edficos, reemplaz\u00e1ndolo por una l\u00f3gica de mercado donde lo que no se autofinancia, muere. La bibliodiversidad, el acceso gratuito a la lectura, el fomento de editoriales independientes y la soberan\u00eda cultural quedan as\u00ed librados a la filantrop\u00eda o al consumo de quienes puedan pagarlo.<br \/><br \/>Resulta parad\u00f3jico \u2014o tal vez previsible\u2014 que la medida se imponga al mismo tiempo que el gobierno impulsa una \u201cLey de Inocencia Fiscal\u201d que habilita el blanqueo encubierto de capitales, y que el presidente se encuentra de gira por Europa mientras se profundiza la crisis social y econ\u00f3mica. El contraste es brutal: se recortan fondos a las bibliotecas populares mientras se liberan recursos para evasores y especuladores.<br \/><br \/>Un reclamo transversal<br \/><br \/>El pronunciamiento de exfuncionarios de distinto signo pol\u00edtico revela que la preocupaci\u00f3n por el destino de la Conabip no es propiedad de un solo sector. Existen l\u00edneas rojas que no deber\u00edan cruzarse, incluso en contextos de disputa partidaria. La defensa de las bibliotecas populares es una de ellas. La cultura no es un lujo ni un gasto: es un derecho, y es tambi\u00e9n una herramienta de cohesi\u00f3n, identidad y desarrollo.<br \/><br \/>Organizaciones culturales, colectivos de bibliotecarios, escritores y editores independientes han comenzado a organizar acciones para visibilizar el impacto del decreto. En las pr\u00f3ximas semanas se esperan movilizaciones, campa\u00f1as de firmas y presentaciones judiciales. La lucha por la Conabip ser\u00e1 tambi\u00e9n una prueba para el Congreso: \u00bfpodr\u00e1n los legisladores resistir la presi\u00f3n del Ejecutivo y defender un patrimonio colectivo?<br \/><br \/>\u00bfQu\u00e9 est\u00e1 en juego?<br \/><br \/>La decisi\u00f3n sobre el futuro de la Conabip trasciende a una instituci\u00f3n. Marca el rumbo de un proyecto de pa\u00eds. \u00bfUna Argentina con cultura para todes, o solo para quienes puedan pagarla? \u00bfUn Estado que acompa\u00f1a y distribuye, o uno que se repliega y abandona?<br \/><br \/>Quienes firmaron la carta a la Comisi\u00f3n Bicameral entienden que se est\u00e1 ante un punto de inflexi\u00f3n. Rechazar el decreto 345\/2025 no es s\u00f3lo preservar una comisi\u00f3n: es resistir la desintegraci\u00f3n de una red que sostiene la vida comunitaria de cientos de localidades. Es defender el derecho a la palabra, a la lectura, al encuentro.<br \/><br \/>Y es, en \u00faltima instancia, defender la democracia.<\/p>\n\n\n\n<p>Fuentes:<\/p>\n\n\n\n<ol class=\"wp-block-list\">\n<li><strong>P\u00e1gina\/12<\/strong>:<br \/><a href=\"https:\/\/www.pagina12.com.ar\/829163-todos-unidos-para-defender-la-conabip\">https:\/\/www.pagina12.com.ar\/829163-todos-unidos-para-defender-la-conabip<\/a><\/li>\n\n\n\n<li><strong>La Naci\u00f3n<\/strong>:<br \/><a href=\"https:\/\/www.lanacion.com.ar\/cultura\/exministros-de-cultura-de-distintos-signos-politicos-piden-al-congreso-que-rechace-el-decreto-que-nid26052025\/\">https:\/\/www.lanacion.com.ar\/cultura\/exministros-de-cultura-de-distintos-signos-politicos-piden-al-congreso-que-rechace-el-decreto-que-nid26052025\/<\/a><\/li>\n\n\n\n<li><strong>Voces y Apuntes<\/strong>:<br \/><a href=\"https:\/\/vocesyapuntes.com\/con-el-decreto-345-25-literalmente-se-desaparece-a-la-conabip-como-tal-advirtio-maria-del-carmen-bianchi\/\">https:\/\/vocesyapuntes.com\/con-el-decreto-345-25-literalmente-se-desaparece-a-la-conabip-como-tal-advirtio-maria-del-carmen-bianchi\/<\/a><\/li>\n\n\n\n<li><strong>IADE<\/strong>:<br \/><a href=\"https:\/\/www.iade.org.ar\/noticias\/ex-titulares-de-la-conabip-y-ex-ministros-de-cultura-solicitan-rechazar-el-decreto-que-pone\">https:\/\/www.iade.org.ar\/noticias\/ex-titulares-de-la-conabip-y-ex-ministros-de-cultura-solicitan-rechazar-el-decreto-que-pone<\/a><\/li>\n\n\n\n<li><strong>Tesis 11<\/strong>:<br \/><a href=\"https:\/\/www.tesis11.org.ar\/ex-titulares-de-la-conabip-y-ex-ministros-de-cultura-solicitan-rechazar-el-decreto-que-pone-en-riesgo-el-futuro-de-las-bibliotecas-populares-en-todo-el-pais\/\">https:\/\/www.tesis11.org.ar\/ex-titulares-de-la-conabip-y-ex-ministros-de-cultura-solicitan-rechazar-el-decreto-que-pone-en-riesgo-el-futuro-de-las-bibliotecas-populares-en-todo-el-pais\/<\/a><\/li>\n\n\n\n<li><strong>Noticias Radio Reflejos<\/strong>:<br \/><a href=\"https:\/\/www.noticiasradioreflejos.com.ar\/2021\/todos-unidos-para-defender-la-conabip\/\">https:\/\/www.noticiasradioreflejos.com.ar\/2021\/todos-unidos-para-defender-la-conabip\/<\/a><\/li>\n\n\n\n<li><strong>Portal Larroque<\/strong>:<br \/><a href=\"https:\/\/portallarroque.com\/conabip-amplio-repudio-al-decreto-que-pone-en-riesgo-la-autonomia-del-organismo\/\">https:\/\/portallarroque.com\/conabip-amplio-repudio-al-decreto-que-pone-en-riesgo-la-autonomia-del-organismo\/<\/a><\/li>\n\n\n\n<li><strong>Diario 4V<\/strong>:<br \/><a href=\"https:\/\/www.diario4v.com\/nota\/49596\/todas-las-bibliotecas-de-necochea-podrian-cerrar-sus-puertas-de-golpe-por-un-decreto-de-milei\/\">https:\/\/www.diario4v.com\/nota\/49596\/todas-las-bibliotecas-de-necochea-podrian-cerrar-sus-puertas-de-golpe-por-un-decreto-de-milei\/<\/a><\/li>\n\n\n\n<li><strong>An\u00e1lisis Digital<\/strong>:<br \/><a href=\"https:\/\/www.analisisdigital.com.ar\/cultura\/2025\/05\/28\/amplio-repudio-al-decreto-que-pone-en-riesgo-la-autonomia-de-la-conabip\">https:\/\/www.analisisdigital.com.ar\/cultura\/2025\/05\/28\/amplio-repudio-al-decreto-que-pone-en-riesgo-la-autonomia-de-la-conabip<\/a><\/li>\n\n\n\n<li><strong>Diario Contexto<\/strong>: \u00abFuerte rechazo al DNU de Milei que pone en jaque a las bibliotecas populares de todo el pa\u00eds\u00bb<br \/><a href=\"https:\/\/www.diariocontexto.com.ar\/fuerte-rechazo-al-dnu-de-milei-que-pone-en-jaque-a-las-bibliotecas-populares-de-todo-el-pais\/\">https:\/\/www.diariocontexto.com.ar\/fuerte-rechazo-al-dnu-de-milei-que-pone-en-jaque-a-las-bibliotecas-populares-de-todo-el-pais\/<\/a><\/li>\n\n\n\n<li><strong>Partido Obrero<\/strong>: \u00abAnulaci\u00f3n de los Decretos 345 y 346: desmantelamiento de organismos de la cultura\u00bb<br \/><a href=\"https:\/\/po.org.ar\/proyecto\/anulacion-de-los-decretos-345-y-346-desmantelamiento-de-organismos-de-la-cultura\/\">https:\/\/po.org.ar\/proyecto\/anulacion-de-los-decretos-345-y-346-desmantelamiento-de-organismos-de-la-cultura\/<\/a><\/li>\n\n\n\n<li><strong>IADE<\/strong>: \u00abRechazo al decreto que pone en riesgo el futuro de las bibliotecas populares\u00bb<br \/><a href=\"https:\/\/www.iade.org.ar\/content\/rechazo-al-decreto-que-pone-en-riesgo-el-futuro-de-las-bibliotecas-populares\">https:\/\/www.iade.org.ar\/content\/rechazo-al-decreto-que-pone-en-riesgo-el-futuro-de-las-bibliotecas-populares<\/a><\/li>\n\n\n\n<li><strong>Del Tuy\u00fa Noticias<\/strong>: \u00abLa cultura es un derecho: en defensa de la CONABIP y las Bibliotecas Populares\u00bb<br \/><a href=\"https:\/\/www.deltuyunoticias.com.ar\/noticia.php?edicion=2025-05-29+09%3A14%3A57&amp;id=41889\">https:\/\/www.deltuyunoticias.com.ar\/noticia.php?edicion=2025-05-29+09%3A14%3A57&amp;id=41889<\/a><\/li>\n\n\n\n<li><strong>Faro Noticias<\/strong>: \u00abEn defensa de la CONABIP y las Bibliotecas Populares\u00bb<br \/><a href=\"https:\/\/faronoticias.com.ar\/nota\/13727\/en-defensa-de-la-conabip-y-las-bibliotecas-populares\/\">https:\/\/faronoticias.com.ar\/nota\/13727\/en-defensa-de-la-conabip-y-las-bibliotecas-populares\/<\/a><\/li>\n\n\n\n<li><strong>SITBA<\/strong>: \u00abSin voz ni voto: el decreto 345\/2025 borra la representaci\u00f3n federal de la CONABIP\u00bb<br \/><a href=\"https:\/\/sitba.ar\/sin-voz-ni-voto-el-decreto-345-2025-borra-la-representacion-federal-de-la-conabip\/\">https:\/\/sitba.ar\/sin-voz-ni-voto-el-decreto-345-2025-borra-la-representacion-federal-de-la-conabip\/<\/a><\/li>\n\n\n\n<li><strong>P\u00e1gina\/12<\/strong>: \u00abLa cultura argentina movilizada contra la destrucci\u00f3n de la Conabip\u00bb<br \/><a href=\"https:\/\/www.pagina12.com.ar\/830009-la-cultura-argentina-movilizada-contra-la-destruccion-de-la-\">https:\/\/www.pagina12.com.ar\/830009-la-cultura-argentina-movilizada-contra-la-destruccion-de-la-<\/a><\/li>\n<\/ol>\n\n\n\n<p><\/p>\n","protected":false},"excerpt":{"rendered":"<p>Una amenaza silenciosa pero profunda se cierne sobre el entramado cultural m\u00e1s federal y democr\u00e1tico del pa\u00eds. El decreto 345\/2025 del presidente Javier Milei propone desmantelar la hist\u00f3rica Comisi\u00f3n Nacional de Bibliotecas Populares (Conabip), una instituci\u00f3n que ha sido pilar del acceso a la cultura desde su creaci\u00f3n en 1870 por Domingo Faustino Sarmiento. La&#8230;<\/p>\n","protected":false},"author":12,"featured_media":4944,"comment_status":"open","ping_status":"open","sticky":false,"template":"","format":"standard","meta":{"_monsterinsights_skip_tracking":false,"_monsterinsights_sitenote_active":false,"_monsterinsights_sitenote_note":"","_monsterinsights_sitenote_category":0,"footnotes":"","jetpack_publicize_message":"","jetpack_publicize_feature_enabled":true,"jetpack_social_post_already_shared":true,"jetpack_social_options":{"image_generator_settings":{"template":"highway","default_image_id":0,"font":"","enabled":false},"version":2}},"categories":[4],"tags":[],"class_list":["post-4945","post","type-post","status-publish","format-standard","has-post-thumbnail","hentry","category-sociedad"],"jetpack_publicize_connections":[],"_links":{"self":[{"href":"https:\/\/www.enorsai.com\/noticias\/wp-json\/wp\/v2\/posts\/4945","targetHints":{"allow":["GET"]}}],"collection":[{"href":"https:\/\/www.enorsai.com\/noticias\/wp-json\/wp\/v2\/posts"}],"about":[{"href":"https:\/\/www.enorsai.com\/noticias\/wp-json\/wp\/v2\/types\/post"}],"author":[{"embeddable":true,"href":"https:\/\/www.enorsai.com\/noticias\/wp-json\/wp\/v2\/users\/12"}],"replies":[{"embeddable":true,"href":"https:\/\/www.enorsai.com\/noticias\/wp-json\/wp\/v2\/comments?post=4945"}],"version-history":[{"count":1,"href":"https:\/\/www.enorsai.com\/noticias\/wp-json\/wp\/v2\/posts\/4945\/revisions"}],"predecessor-version":[{"id":4946,"href":"https:\/\/www.enorsai.com\/noticias\/wp-json\/wp\/v2\/posts\/4945\/revisions\/4946"}],"wp:featuredmedia":[{"embeddable":true,"href":"https:\/\/www.enorsai.com\/noticias\/wp-json\/wp\/v2\/media\/4944"}],"wp:attachment":[{"href":"https:\/\/www.enorsai.com\/noticias\/wp-json\/wp\/v2\/media?parent=4945"}],"wp:term":[{"taxonomy":"category","embeddable":true,"href":"https:\/\/www.enorsai.com\/noticias\/wp-json\/wp\/v2\/categories?post=4945"},{"taxonomy":"post_tag","embeddable":true,"href":"https:\/\/www.enorsai.com\/noticias\/wp-json\/wp\/v2\/tags?post=4945"}],"curies":[{"name":"wp","href":"https:\/\/api.w.org\/{rel}","templated":true}]}}