{"id":4939,"date":"2025-06-05T21:57:16","date_gmt":"2025-06-06T00:57:16","guid":{"rendered":"https:\/\/www.enorsai.com\/noticias\/?p=4939"},"modified":"2025-06-05T23:07:15","modified_gmt":"2025-06-06T02:07:15","slug":"decreto-de-muerte-milei-deja-a-la-intemperie-a-miles-de-personas-en-situacion-de-calle","status":"publish","type":"post","link":"https:\/\/www.enorsai.com\/noticias\/sociedad\/decreto-de-muerte-milei-deja-a-la-intemperie-a-miles-de-personas-en-situacion-de-calle\/","title":{"rendered":"Decreto de muerte: Milei deja a la intemperie a miles de personas en situaci\u00f3n de calle"},"content":{"rendered":"\n<p>Mientras la Argentina atraviesa una ola de fr\u00edo polar con temperaturas extremas, el gobierno de Javier Milei decidi\u00f3 retirarse formalmente de toda responsabilidad en la asistencia a personas en situaci\u00f3n de calle. Mediante el Decreto 373\/2025, publicado el 2 de junio en el Bolet\u00edn Oficial, el Ejecutivo nacional modific\u00f3 la Ley 27.654 y deleg\u00f3 completamente la atenci\u00f3n de esta poblaci\u00f3n vulnerable a las provincias y a la Ciudad Aut\u00f3noma de Buenos Aires.<br><br>La medida se presenta como una \u201cdescentralizaci\u00f3n\u201d que permitir\u00eda \u201cuna mayor eficacia\u201d, seg\u00fan el discurso oficial. Sin embargo, la realidad muestra un abandono sistem\u00e1tico de quienes ya se encuentran en el l\u00edmite m\u00e1s extremo de la exclusi\u00f3n social: los sin techo, los sin derechos, los invisibilizados por el poder.<br><br>El fr\u00edo no mata, lo hace el Estado libertario <br><br>Entre agosto de 2023 y agosto de 2024, 135 personas en situaci\u00f3n de calle murieron en la Argentina, lo que equivale a una muerte cada 64 horas. En lo que va del invierno, las cifras siguen sumando tragedias: solo en la Ciudad de Buenos Aires, tres personas murieron por hipotermia durante el fin de semana del 29 y 30 de mayo. Sus cuerpos fueron encontrados en los barrios de Once, Palermo y Retiro.<br><br>Lejos de tratarse de fatalidades inevitables, organizaciones como la Asamblea por los Derechos de las Personas en Situaci\u00f3n de Calle lo expresan con claridad: \u00abEl fr\u00edo no es el causante de estas muertes, sino la desidia estatal\u00bb.<br><br>La distribuci\u00f3n geogr\u00e1fica de los fallecimientos es contundente: 33 en CABA, 19 en la provincia de Buenos Aires, 19 en Salta, y 11 en Santa Fe, seg\u00fan el Registro Unificado de Violencias (RUV). Estas muertes se inscriben en un contexto de desmantelamiento del sistema de contenci\u00f3n social, impulsado por la ideolog\u00eda libertaria que hoy conduce el pa\u00eds.<br><br>La Naci\u00f3n mira desde arriba<br><br>Con la modificaci\u00f3n introducida por el decreto de Milei, el Gobierno nacional se reserva apenas un rol de \u201c\u00f3rgano rector\u201d, limitado a emitir directrices generales, mientras traslada toda la ejecuci\u00f3n y el financiamiento de los programas de asistencia a las jurisdicciones locales.<br><br>En otras palabras: la Naci\u00f3n abandona a los m\u00e1s pobres en manos de gobiernos provinciales que, en muchos casos, no cuentan con recursos suficientes ni voluntad pol\u00edtica para enfrentar una crisis social de esta magnitud.<br><br>Parad\u00f3jicamente, mientras se retira del acompa\u00f1amiento a las personas sin techo, el mismo gobierno asigna aumentos salariales a las fuerzas de seguridad, subsidia empresas privadas, y destina fondos millonarios a propaganda oficial. Pero no hay refugios, ni frazadas, ni un plato de comida caliente para los que duermen bajo el cielo helado.<br><br>Las provincias reaccionan a contrarreloj<br><br>Algunas provincias han comenzado a activar planes de emergencia por su cuenta. En Or\u00e1n, Salta, se lanz\u00f3 un operativo de invierno que intenta paliar las condiciones extremas a las que est\u00e1n expuestas las personas en situaci\u00f3n de calle. Sin embargo, sin una pol\u00edtica coordinada y con recursos desde el Gobierno nacional, estas iniciativas resultan aisladas, tard\u00edas y claramente insuficientes.<br><br>A su vez, la poblaci\u00f3n sin techo no deja de crecer. En la Ciudad de Buenos Aires, se estima que m\u00e1s de 4.000 personas viven en la calle, un aumento del 10% en comparaci\u00f3n al a\u00f1o anterior. Los centros de integraci\u00f3n social est\u00e1n desbordados y los paradores nocturnos no alcanzan para cubrir la demanda.<br><br>La ideolog\u00eda del abandono<br><br>La retirada del Estado nacional en pol\u00edticas de cuidado no es una decisi\u00f3n t\u00e9cnica ni econ\u00f3mica: es una decisi\u00f3n ideol\u00f3gica. Javier Milei, fiel a su programa ultraliberal, considera que las personas en situaci\u00f3n de calle deben depender de la caridad privada o del esfuerzo individual para salir de su situaci\u00f3n. Bajo esa l\u00f3gica, el Estado no debe proteger, sino que debe desaparecer.<br><br>Pero los cuerpos que aparecen sin vida en una vereda, los que tiemblan bajo cartones en la madrugada, no son una estad\u00edstica ni un \u201ccosto del ajuste\u201d. Son v\u00edctimas de un modelo que los expulsa primero del trabajo, luego de la vivienda, y finalmente de la compasi\u00f3n social.<br><br>\u00bfQui\u00e9n cuida a quienes nadie cuida?<br><br>La respuesta, por ahora, viene desde abajo. Comedores populares, organizaciones barriales, iglesias, y voluntarios que ofrecen una mano en la oscuridad. Pero el abandono oficial convierte a estas acciones solidarias en parches ante una emergencia que deber\u00eda ser abordada con pol\u00edticas p\u00fablicas integrales.<br><br>Frente a la indiferencia del Estado nacional, la vida o la muerte de quienes viven en la calle depende ahora de la voluntad pol\u00edtica de cada gobernador o intendente, o peor a\u00fan, del azar y la suerte de una noche menos helada.<br><br>En la Argentina de Javier Milei, la pregunta no es si el Estado est\u00e1 ausente. La pregunta es cu\u00e1nto m\u00e1s puede retirarse sin dejar un tendal de v\u00edctimas.<br><br>Perfecto, ac\u00e1 ten\u00e9s el listado simplificado con t\u00edtulo de la nota y enlace directo a cada fuente utilizada:<br><br>Fuentes:<br><br>1. \u00abEl Gobierno nacional se desentiende de la asistencia a personas en situaci\u00f3n de calle\u00bb \u2013 P\u00e1gina\/12<br>\ud83d\udc49 https:\/\/www.pagina12.com.ar\/744276-el-gobierno-nacional-se-desentiende-de-la-asistencia-a-pers<br><br><br>2. \u00abM\u00e1s de 130 personas en situaci\u00f3n de calle murieron este a\u00f1o en la Argentina\u00bb \u2013 Infonews<br>\ud83d\udc49 https:\/\/www.infonews.com\/personas-situacion-calle\/mas-130-personas-situacion-calle-murieron-este-ano-la-argentina-n366270<br><br><br>3. \u00abPersonas en situaci\u00f3n de calle: el fr\u00edo no mata, mata el abandono estatal\u00bb \u2013 Tiempo Argentino<br>\ud83d\udc49 https:\/\/www.tiempoar.com.ar\/informacion-general\/personas-en-situacion-de-calle-el-frio-no-mata-mata-el-abandono-estatal\/<br><br><br>4. \u00abMurieron al menos tres personas en situaci\u00f3n de calle durante el fin de semana\u00bb \u2013 T\u00e9lam<br>\ud83d\udc49 https:\/\/www.telam.com.ar\/notas\/202506\/638908-personas-situacion-calle-muertes-frio.html<br><br><br>5. \u00abMilei oficializa con un decreto el abandono del Estado a la gente en situaci\u00f3n de calle\u00bb \u2013 El Destape<br>\ud83d\udc49 https:\/\/www.eldestapeweb.com\/politica\/javier-milei\/milei-oficializa-con-un-decreto-el-abandono-del-estado-a-la-gente-en-situacion-de-calle-20245613130<br><br><br>6. \u00abEl Estado ausente: muertes por fr\u00edo en la calle aumentan y Milei firma decreto que las agrava\u00bb \u2013 La Izquierda Diario<br>\ud83d\udc49 https:\/\/www.laizquierdadiario.com\/El-Estado-ausente-muertes-por-frio-en-la-calle-aumentan-y-Milei-firma-decreto-que-las-agrava<br><br><br>7. Decreto 373\/2025 &#8211; Modificaci\u00f3n de la Ley 27.654 \u2013 Bolet\u00edn Oficial<br>\ud83d\udc49 https:\/\/www.boletinoficial.gob.ar\/detalleAviso\/primera\/304057\/20250602<\/p>\n","protected":false},"excerpt":{"rendered":"<p>Mientras la Argentina atraviesa una ola de fr\u00edo polar con temperaturas extremas, el gobierno de Javier Milei decidi\u00f3 retirarse formalmente de toda responsabilidad en la asistencia a personas en situaci\u00f3n de calle. Mediante el Decreto 373\/2025, publicado el 2 de junio en el Bolet\u00edn Oficial, el Ejecutivo nacional modific\u00f3 la Ley 27.654 y deleg\u00f3 completamente&#8230;<\/p>\n","protected":false},"author":11,"featured_media":4940,"comment_status":"open","ping_status":"open","sticky":false,"template":"","format":"standard","meta":{"_monsterinsights_skip_tracking":false,"_monsterinsights_sitenote_active":false,"_monsterinsights_sitenote_note":"","_monsterinsights_sitenote_category":0,"footnotes":"","jetpack_publicize_message":"","jetpack_publicize_feature_enabled":true,"jetpack_social_post_already_shared":true,"jetpack_social_options":{"image_generator_settings":{"template":"highway","default_image_id":0,"font":"","enabled":false},"version":2}},"categories":[4],"tags":[],"class_list":["post-4939","post","type-post","status-publish","format-standard","has-post-thumbnail","hentry","category-sociedad"],"jetpack_publicize_connections":[],"_links":{"self":[{"href":"https:\/\/www.enorsai.com\/noticias\/wp-json\/wp\/v2\/posts\/4939","targetHints":{"allow":["GET"]}}],"collection":[{"href":"https:\/\/www.enorsai.com\/noticias\/wp-json\/wp\/v2\/posts"}],"about":[{"href":"https:\/\/www.enorsai.com\/noticias\/wp-json\/wp\/v2\/types\/post"}],"author":[{"embeddable":true,"href":"https:\/\/www.enorsai.com\/noticias\/wp-json\/wp\/v2\/users\/11"}],"replies":[{"embeddable":true,"href":"https:\/\/www.enorsai.com\/noticias\/wp-json\/wp\/v2\/comments?post=4939"}],"version-history":[{"count":3,"href":"https:\/\/www.enorsai.com\/noticias\/wp-json\/wp\/v2\/posts\/4939\/revisions"}],"predecessor-version":[{"id":4943,"href":"https:\/\/www.enorsai.com\/noticias\/wp-json\/wp\/v2\/posts\/4939\/revisions\/4943"}],"wp:featuredmedia":[{"embeddable":true,"href":"https:\/\/www.enorsai.com\/noticias\/wp-json\/wp\/v2\/media\/4940"}],"wp:attachment":[{"href":"https:\/\/www.enorsai.com\/noticias\/wp-json\/wp\/v2\/media?parent=4939"}],"wp:term":[{"taxonomy":"category","embeddable":true,"href":"https:\/\/www.enorsai.com\/noticias\/wp-json\/wp\/v2\/categories?post=4939"},{"taxonomy":"post_tag","embeddable":true,"href":"https:\/\/www.enorsai.com\/noticias\/wp-json\/wp\/v2\/tags?post=4939"}],"curies":[{"name":"wp","href":"https:\/\/api.w.org\/{rel}","templated":true}]}}