{"id":4927,"date":"2025-06-05T12:24:02","date_gmt":"2025-06-05T15:24:02","guid":{"rendered":"http:\/\/www.enorsai.com\/noticias\/?p=4927"},"modified":"2025-06-05T12:56:57","modified_gmt":"2025-06-05T15:56:57","slug":"antologico-carignano-contra-gerardo-milman-en-diputados-la-querias-matar","status":"publish","type":"post","link":"https:\/\/www.enorsai.com\/noticias\/politica\/antologico-carignano-contra-gerardo-milman-en-diputados-la-querias-matar\/","title":{"rendered":"\u00a1Antol\u00f3gico! Carignano contra Gerardo Milman en Diputados: \u00ab\u00bfLa quer\u00edas matar?\u00bb"},"content":{"rendered":"\n<p>En una sesi\u00f3n encendida en la C\u00e1mara de Diputados el pasado <strong>4 de junio<\/strong>, la legisladora de Uni\u00f3n por la Patria, <strong>Florencia Carignano<\/strong>, lanz\u00f3 una dur\u00edsima acusaci\u00f3n contra el diputado del PRO <strong>Gerardo Milman<\/strong>, a quien se\u00f1al\u00f3 directamente por su presunto v\u00ednculo con el intento de asesinato a <strong>Cristina Fern\u00e1ndez de Kirchner<\/strong>. Su frase, pronunciada con tono desafiante, estremeci\u00f3 el recinto:<br><strong>\u201c\u00bfLa quer\u00edas matar, Milman?\u201d<\/strong><\/p>\n\n\n\n<p>La diputada retom\u00f3 una de las l\u00edneas de investigaci\u00f3n m\u00e1s inquietantes de la causa por el atentado a la expresidenta: la declaraci\u00f3n de una testigo que asegur\u00f3 haberlo escuchado a Milman en un bar del Congreso decir, d\u00edas antes del ataque, la frase: <\/p>\n\n\n\n<p><strong>\u201cCuando la maten, yo voy a estar camino a la costa\u201d<\/strong>.<\/p>\n\n\n\n<figure class=\"wp-block-embed is-type-rich is-provider-twitter wp-block-embed-twitter\"><div class=\"wp-block-embed__wrapper\">\n<blockquote class=\"twitter-tweet\" data-width=\"550\" data-dnt=\"true\"><p lang=\"es\" dir=\"ltr\">JAHSHAJAJA ESTO ES MARAVILLOSO.<br><br>Por dios, de las mejores atendidas que vi en los \u00faltimos tiempos.<br>La ame. <a href=\"https:\/\/t.co\/mUUPEO7l7W\">pic.twitter.com\/mUUPEO7l7W<\/a><\/p>&mdash; PAMPA \ud83d\udc99\ud83d\udc9b\ud83d\udc99 (@Pampa139) <a href=\"https:\/\/twitter.com\/Pampa139\/status\/1930465170616152543?ref_src=twsrc%5Etfw\">June 5, 2025<\/a><\/blockquote><script async src=\"https:\/\/platform.twitter.com\/widgets.js\" charset=\"utf-8\"><\/script>\n<\/div><\/figure>\n\n\n\n<p>Adem\u00e1s, record\u00f3 que Milman y sus asesoras borraron el contenido de sus tel\u00e9fonos antes de entregarlos a la Justicia, y que lo hicieron en una oficina vinculada a Patricia Bullrich, asistidos por un perito inform\u00e1tico que luego fue contratado por el PRO.<\/p>\n\n\n\n<p><strong>\u201c\u00bfC\u00f3mo te da la cara para seguir sentado ac\u00e1?\u201d<\/strong>, le lanz\u00f3 Carignano. <strong>\u201cYo me pregunto todos los d\u00edas c\u00f3mo alguien que fue funcionario de Seguridad, que sab\u00eda lo que iba a pasar, que borr\u00f3 los celulares, que minti\u00f3, que no se present\u00f3 a declarar, puede seguir caminando por estos pasillos como si nada\u201d<\/strong>, dispar\u00f3.<\/p>\n\n\n\n<p>Y fue m\u00e1s all\u00e1, aludiendo directamente a su estado en el momento del atentado:<br><strong>\u201c\u00bfVos estabas drogado cuando pas\u00f3 todo esto, Milman? \u00bfPor eso no te acord\u00e1s de nada?\u201d<\/strong>, lo increp\u00f3 sin medias tintas.<\/p>\n\n\n\n<p>El ambiente en el recinto se volvi\u00f3 tenso. <strong>Cristian Ritondo<\/strong>, jefe del bloque PRO, intent\u00f3 desviar la discusi\u00f3n con una provocaci\u00f3n machista:<br><strong>\u201cVerg\u00fcenza es ser mujer y haber sido funcionaria del gobierno de Alberto Fern\u00e1ndez\u201d<\/strong>, grit\u00f3. Carignano no se amilan\u00f3: lo acus\u00f3 de misoginia y le respondi\u00f3: <strong>\u201cUstedes se r\u00eden porque no tienen c\u00f3mo explicar el silencio que cubre este intento de magnicidio\u201d<\/strong>.<\/p>\n\n\n\n<p>Pero los cruces no terminaron ah\u00ed. Cuando la diputada <strong>Lilia Lemoine<\/strong> (La Libertad Avanza) intent\u00f3 interrumpirla a los gritos desde su banca, <strong>Carignano la fren\u00f3 en seco con una frase que encendi\u00f3 la pol\u00e9mica:<\/strong> <\/p>\n\n\n\n<p><strong>\u201c\u00a1Callate, gato!\u201d<\/strong>.<\/p>\n\n\n\n<p>El insulto provoc\u00f3 un esc\u00e1ndalo. Lemoine se levant\u00f3 indignada, mientras sus compa\u00f1eros exig\u00edan una retractaci\u00f3n. <strong>Carignano no se disculp\u00f3<\/strong> y, lejos de bajar el tono, remat\u00f3:<br><strong>\u201cNo me van a callar. No me asustan ni sus trolls ni sus carpetazos. Yo voy a seguir diciendo lo que muchos piensan y nadie se anima a decir\u201d<\/strong>.<\/p>\n\n\n\n<p>La jornada legislativa termin\u00f3 envuelta en gritos, acusaciones cruzadas y un silencio inquietante del bloque PRO, que <strong>evit\u00f3 referirse a las declaraciones de Milman, a los tel\u00e9fonos borrados, y al rol de Patricia Bullrich en la maniobra.<\/strong><\/p>\n","protected":false},"excerpt":{"rendered":"<p>En una sesi\u00f3n encendida en la C\u00e1mara de Diputados el pasado 4 de junio, la legisladora de Uni\u00f3n por la Patria, Florencia Carignano, lanz\u00f3 una dur\u00edsima acusaci\u00f3n contra el diputado del PRO Gerardo Milman, a quien se\u00f1al\u00f3 directamente por su presunto v\u00ednculo con el intento de asesinato a Cristina Fern\u00e1ndez de Kirchner. Su frase, pronunciada&#8230;<\/p>\n","protected":false},"author":11,"featured_media":4930,"comment_status":"open","ping_status":"open","sticky":false,"template":"","format":"standard","meta":{"_monsterinsights_skip_tracking":false,"_monsterinsights_sitenote_active":false,"_monsterinsights_sitenote_note":"","_monsterinsights_sitenote_category":0,"footnotes":"","jetpack_publicize_message":"","jetpack_publicize_feature_enabled":true,"jetpack_social_post_already_shared":true,"jetpack_social_options":{"image_generator_settings":{"template":"highway","default_image_id":0,"font":"","enabled":false},"version":2}},"categories":[2],"tags":[],"class_list":["post-4927","post","type-post","status-publish","format-standard","has-post-thumbnail","hentry","category-politica"],"jetpack_publicize_connections":[],"_links":{"self":[{"href":"https:\/\/www.enorsai.com\/noticias\/wp-json\/wp\/v2\/posts\/4927","targetHints":{"allow":["GET"]}}],"collection":[{"href":"https:\/\/www.enorsai.com\/noticias\/wp-json\/wp\/v2\/posts"}],"about":[{"href":"https:\/\/www.enorsai.com\/noticias\/wp-json\/wp\/v2\/types\/post"}],"author":[{"embeddable":true,"href":"https:\/\/www.enorsai.com\/noticias\/wp-json\/wp\/v2\/users\/11"}],"replies":[{"embeddable":true,"href":"https:\/\/www.enorsai.com\/noticias\/wp-json\/wp\/v2\/comments?post=4927"}],"version-history":[{"count":1,"href":"https:\/\/www.enorsai.com\/noticias\/wp-json\/wp\/v2\/posts\/4927\/revisions"}],"predecessor-version":[{"id":4931,"href":"https:\/\/www.enorsai.com\/noticias\/wp-json\/wp\/v2\/posts\/4927\/revisions\/4931"}],"wp:featuredmedia":[{"embeddable":true,"href":"https:\/\/www.enorsai.com\/noticias\/wp-json\/wp\/v2\/media\/4930"}],"wp:attachment":[{"href":"https:\/\/www.enorsai.com\/noticias\/wp-json\/wp\/v2\/media?parent=4927"}],"wp:term":[{"taxonomy":"category","embeddable":true,"href":"https:\/\/www.enorsai.com\/noticias\/wp-json\/wp\/v2\/categories?post=4927"},{"taxonomy":"post_tag","embeddable":true,"href":"https:\/\/www.enorsai.com\/noticias\/wp-json\/wp\/v2\/tags?post=4927"}],"curies":[{"name":"wp","href":"https:\/\/api.w.org\/{rel}","templated":true}]}}