{"id":4919,"date":"2025-06-05T06:58:09","date_gmt":"2025-06-05T09:58:09","guid":{"rendered":"https:\/\/www.enorsai.com\/noticias\/politica\/dura-derrota-para-milei-diputados-aprueba-aumento-a-jubilados-y-desafia-el-ajuste-fiscal\/"},"modified":"2025-06-05T07:03:27","modified_gmt":"2025-06-05T10:03:27","slug":"dura-derrota-para-milei-diputados-aprueba-aumento-a-jubilados-y-desafia-el-ajuste-fiscal","status":"publish","type":"post","link":"https:\/\/www.enorsai.com\/noticias\/politica\/dura-derrota-para-milei-diputados-aprueba-aumento-a-jubilados-y-desafia-el-ajuste-fiscal\/","title":{"rendered":"Dura derrota para Milei: Diputados aprueba aumento a jubilados y desaf\u00eda el ajuste fiscal"},"content":{"rendered":"\n<p>En una jornada legislativa de alto voltaje pol\u00edtico, la C\u00e1mara de Diputados de Argentina aprob\u00f3 por amplia mayor\u00eda un proyecto de ley que otorga un aumento de emergencia del 7,2% a las jubilaciones y actualiza el bono complementario a $110.000 . La iniciativa, impulsada por una coalici\u00f3n opositora que incluy\u00f3 a radicales, peronistas, el pichettismo y bloques provinciales, fue aprobada con 160 votos a favor, 72 en contra y ocho abstenciones .<br><br>Este resultado representa una dura derrota pol\u00edtica para el presidente Javier Milei, quien ya hab\u00eda anticipado su intenci\u00f3n de vetar cualquier ley que proponga un incremento en los haberes previsionales, argumentando que no existen recursos para el sistema previsional y que cualquier aumento del gasto estatal amenaza el equilibrio fiscal .<br><br>La sesi\u00f3n en Diputados coincidi\u00f3 con una masiva movilizaci\u00f3n frente al Congreso, donde una amplia y diversa multitud se congreg\u00f3 para protestar contra los recortes presupuestarios impulsados por el gobierno.&nbsp; La marcha reuni\u00f3 a jubilados, docentes, cient\u00edficos, m\u00e9dicos, personas con discapacidad, movimientos sociales y feministas, unificando reclamos que antes se manifestaban por separado&nbsp; .<br><br>La aprobaci\u00f3n de esta ley pone en evidencia las tensiones entre el Ejecutivo y el Legislativo, y plantea interrogantes sobre la viabilidad de las pol\u00edticas de ajuste fiscal en un contexto de creciente descontento social.&nbsp; La oposici\u00f3n ha se\u00f1alado que insistir\u00e1 en la ley en el Congreso, donde necesitar\u00eda al menos dos tercios de los votos en ambas c\u00e1maras para anular el veto presidencial .<br><br>Mientras tanto, el gobierno enfrenta el desaf\u00edo de mantener su pol\u00edtica de equilibrio fiscal sin profundizar el malestar social, en un escenario pol\u00edtico cada vez m\u00e1s polarizado. <\/p>\n\n\n\n<p>Fuentes:<\/p>\n\n\n\n<ol class=\"wp-block-list\">\n<li>C\u00e1mara de Diputados \u2014 Resultados de la votaci\u00f3n:<br \/>\ud83d\udd17 <a href=\"https:\/\/www.diputados.gov.ar\/prensa\/noticia\/LA-CAMARA-DE-DIPUTADOS-APROBO-UN-PROYECTO-SOBRE-MOVILIDAD-JUBILATORIA\">diputados.gov.ar<\/a><\/li>\n\n\n\n<li>InfoNews \u2014 Aprobaci\u00f3n del proyecto y detalle del bono:<br \/>\ud83d\udd17 <a href=\"https:\/\/infonews.com\/diputados-aprobo-el-aumento-a-jubilados-y-la-actualizacion-del-bono.html\">infonews.com<\/a><\/li>\n\n\n\n<li>Agencia Nova \u2014 Detalles de los votos y reacci\u00f3n del oficialismo:<br \/>\ud83d\udd17 <a href=\"https:\/\/www.agencianova.com\/nota.asp?id=139491&amp;id_tiponota=1&amp;n=2024_6_5\">agencianova.com<\/a><\/li>\n\n\n\n<li>Diagonales \u2014 Amenaza de veto por parte de Milei:<br \/>\ud83d\udd17 <a href=\"https:\/\/www.diagonales.com\/nacion\/casa-rosada-ratifico-que-milei-vetara-cualquier-ley-que-proponga-un-aumento-a-los-jubilados_a683d9dd2baee60ade7dfd644\">diagonales.com<\/a><\/li>\n\n\n\n<li>El Pa\u00eds \u2014 Movilizaci\u00f3n social frente al Congreso:<br \/>\ud83d\udd17 <a href=\"https:\/\/elpais.com\/argentina\/2025-06-04\/una-multitud-heterogenea-se-une-en-las-calles-contra-los-recortes-de-milei.html\">elpais.com<\/a><\/li>\n\n\n\n<li>AS \u2014 El impacto pol\u00edtico del veto presidencial:<br \/>\ud83d\udd17 <a href=\"https:\/\/as.com\/actualidad\/politica\/golpe-de-milei-a-las-jubilaciones-n\/\">as.com<\/a><\/li>\n<\/ol>\n","protected":false},"excerpt":{"rendered":"<p>En una jornada legislativa de alto voltaje pol\u00edtico, la C\u00e1mara de Diputados de Argentina aprob\u00f3 por amplia mayor\u00eda un proyecto de ley que otorga un aumento de emergencia del 7,2% a las jubilaciones y actualiza el bono complementario a $110.000 . La iniciativa, impulsada por una coalici\u00f3n opositora que incluy\u00f3 a radicales, peronistas, el pichettismo&#8230;<\/p>\n","protected":false},"author":9,"featured_media":4918,"comment_status":"open","ping_status":"open","sticky":false,"template":"","format":"standard","meta":{"_monsterinsights_skip_tracking":false,"_monsterinsights_sitenote_active":false,"_monsterinsights_sitenote_note":"","_monsterinsights_sitenote_category":0,"footnotes":"","jetpack_publicize_message":"","jetpack_publicize_feature_enabled":true,"jetpack_social_post_already_shared":true,"jetpack_social_options":{"image_generator_settings":{"template":"highway","default_image_id":0,"font":"","enabled":false},"version":2}},"categories":[2],"tags":[],"class_list":["post-4919","post","type-post","status-publish","format-standard","has-post-thumbnail","hentry","category-politica"],"jetpack_publicize_connections":[],"_links":{"self":[{"href":"https:\/\/www.enorsai.com\/noticias\/wp-json\/wp\/v2\/posts\/4919","targetHints":{"allow":["GET"]}}],"collection":[{"href":"https:\/\/www.enorsai.com\/noticias\/wp-json\/wp\/v2\/posts"}],"about":[{"href":"https:\/\/www.enorsai.com\/noticias\/wp-json\/wp\/v2\/types\/post"}],"author":[{"embeddable":true,"href":"https:\/\/www.enorsai.com\/noticias\/wp-json\/wp\/v2\/users\/9"}],"replies":[{"embeddable":true,"href":"https:\/\/www.enorsai.com\/noticias\/wp-json\/wp\/v2\/comments?post=4919"}],"version-history":[{"count":1,"href":"https:\/\/www.enorsai.com\/noticias\/wp-json\/wp\/v2\/posts\/4919\/revisions"}],"predecessor-version":[{"id":4920,"href":"https:\/\/www.enorsai.com\/noticias\/wp-json\/wp\/v2\/posts\/4919\/revisions\/4920"}],"wp:featuredmedia":[{"embeddable":true,"href":"https:\/\/www.enorsai.com\/noticias\/wp-json\/wp\/v2\/media\/4918"}],"wp:attachment":[{"href":"https:\/\/www.enorsai.com\/noticias\/wp-json\/wp\/v2\/media?parent=4919"}],"wp:term":[{"taxonomy":"category","embeddable":true,"href":"https:\/\/www.enorsai.com\/noticias\/wp-json\/wp\/v2\/categories?post=4919"},{"taxonomy":"post_tag","embeddable":true,"href":"https:\/\/www.enorsai.com\/noticias\/wp-json\/wp\/v2\/tags?post=4919"}],"curies":[{"name":"wp","href":"https:\/\/api.w.org\/{rel}","templated":true}]}}