{"id":4912,"date":"2025-06-05T06:01:39","date_gmt":"2025-06-05T09:01:39","guid":{"rendered":"http:\/\/www.enorsai.com\/noticias\/?p=4912"},"modified":"2025-06-05T06:01:39","modified_gmt":"2025-06-05T09:01:39","slug":"escandalo-diputada-libertaria-pide-que-se-investigue-si-los-fondos-del-pami-van-a-los-locales-partidarios-de-la-libertad-avanza","status":"publish","type":"post","link":"https:\/\/www.enorsai.com\/noticias\/politica\/escandalo-diputada-libertaria-pide-que-se-investigue-si-los-fondos-del-pami-van-a-los-locales-partidarios-de-la-libertad-avanza\/","title":{"rendered":"\u00a1Esc\u00e1ndalo! Diputada libertaria pide que se investigue si los fondos del PAMI van a los locales partidarios de la Libertad Avanza"},"content":{"rendered":"\n<p>Denuncias de desv\u00edo de fondos y presiones a empleados salpican al partido oficialista, mientras el gobierno de Javier Milei se desentiende del esc\u00e1ndalo.<\/p>\n\n\n\n<p>El Instituto Nacional de Servicios Sociales para Jubilados y Pensionados (PAMI), con un presupuesto anual de aproximadamente cinco billones de pesos, se encuentra en el centro de una tormenta pol\u00edtica. Diversas denuncias apuntan a que funcionarios del partido oficialista, La Libertad Avanza (LLA), habr\u00edan utilizado recursos del organismo para financiar actividades partidarias, incluyendo presiones a empleados para que aporten parte de sus salarios.<\/p>\n\n\n\n<p><\/p>\n\n\n\n<h2 class=\"wp-block-heading\"><strong>Una trama de desv\u00edos y presiones<\/strong><\/h2>\n\n\n\n<p>El esc\u00e1ndalo que envuelve al PAMI no es un hecho aislado ni una simple acusaci\u00f3n sin fundamentos. Diversas fuentes y testimonios coinciden en se\u00f1alar un patr\u00f3n de comportamiento que se repite en varias provincias del pa\u00eds. Funcionarios designados por La Libertad Avanza habr\u00edan exigido a empleados del PAMI y de la ANSES que entreguen entre el 5% y el 15% de sus salarios para financiar actividades del partido. En algunos casos, las presiones habr\u00edan llegado al punto de solicitar sumas fijas, como el caso de la diputada Viviana Aguirre, quien denunci\u00f3 que le exigieron un mill\u00f3n de pesos al asumir su cargo en la sede de La Plata .<\/p>\n\n\n\n<p>Estas pr\u00e1cticas no solo son \u00e9ticamente cuestionables, sino que tambi\u00e9n podr\u00edan constituir delitos penales. El uso de fondos p\u00fablicos para fines partidarios est\u00e1 expresamente prohibido por la legislaci\u00f3n argentina, y las denuncias ya han motivado investigaciones judiciales en varias provincias, incluyendo Misiones, Santa Cruz, La Pampa y Chaco.<\/p>\n\n\n\n<h2 class=\"wp-block-heading\"><strong>La respuesta oficial: negaci\u00f3n y desentendimiento<\/strong><\/h2>\n\n\n\n<p>Ante la gravedad de las acusaciones, la respuesta del gobierno de Javier Milei ha sido, cuanto menos, insatisfactoria. El vocero presidencial, Manuel Adorni, afirm\u00f3 que \u00abno tenemos absolutamente nada que ver\u00bb con los hechos denunciados y que \u00absi hay algo m\u00e1s que decir, tiene que decirlo la Justicia\u00bb . Esta postura de desentendimiento contrasta con la magnitud del esc\u00e1ndalo y con la necesidad de una respuesta pol\u00edtica contundente.<\/p>\n\n\n\n<p>Adem\u00e1s, el PAMI anunci\u00f3 la realizaci\u00f3n de una auditor\u00eda interna para esclarecer las irregularidades, pero hasta el momento no se han conocido resultados concretos ni sanciones a los responsables . La falta de transparencia y de acciones efectivas alimenta la sospecha de que se trata de una maniobra para ganar tiempo y diluir el impacto del esc\u00e1ndalo.<\/p>\n\n\n\n<h2 class=\"wp-block-heading\"><strong>Una estructura partidaria financiada con fondos p\u00fablicos<\/strong><\/h2>\n\n\n\n<p>El caso del PAMI no es el \u00fanico que involucra a La Libertad Avanza en pr\u00e1cticas de financiamiento irregular. Seg\u00fan informes, el partido habr\u00eda utilizado recursos de otros organismos estatales, como la ANSES, para financiar su estructura partidaria . Estas pr\u00e1cticas incluyen la designaci\u00f3n de militantes en cargos p\u00fablicos a cambio de aportes econ\u00f3micos y la exigencia de \u00abdiezmos\u00bb a empleados estatales.<\/p>\n\n\n\n<p>En algunas provincias, como La Pampa, se ha identificado a personas espec\u00edficas como responsables de la recaudaci\u00f3n de estos fondos. Por ejemplo, Julio Jamad, vocal del Consejo Ejecutivo Provincial de La Libertad Avanza, fue se\u00f1alado como \u00abel recaudador\u00bb porque aparece como el titular de una cuenta en la que funcionarios depositan el 15% de sus salarios para financiar las actividades de campa\u00f1a.<\/p>\n\n\n\n<figure class=\"wp-block-embed is-type-rich is-provider-twitter wp-block-embed-twitter\"><div class=\"wp-block-embed__wrapper\">\n<blockquote class=\"twitter-tweet\" data-width=\"550\" data-dnt=\"true\"><p lang=\"es\" dir=\"ltr\">&quot;Yo soy liberal libertaria y Karina Milei me tiene PODRIDA usando los recursos de PAMI para financiar su campa\u00f1a. Y hay plata para que el director de la SIDE viaje a Europa pero no para que un jubilado compre paracetamol??&quot;<br>\ud83c\udf7f\ud83c\udf7f\ud83c\udf7f\ud83c\udf7f <a href=\"https:\/\/t.co\/XSc5Nz7XxB\">pic.twitter.com\/XSc5Nz7XxB<\/a><\/p>&mdash; Arrepentidos de Milei (@ArrepentidosLLA) <a href=\"https:\/\/twitter.com\/ArrepentidosLLA\/status\/1930387307275661612?ref_src=twsrc%5Etfw\">June 4, 2025<\/a><\/blockquote><script async src=\"https:\/\/platform.twitter.com\/widgets.js\" charset=\"utf-8\"><\/script>\n<\/div><\/figure>\n\n\n\n<h2 class=\"wp-block-heading\"><strong>La diputada Arrieta exige una investigaci\u00f3n<\/strong><\/h2>\n\n\n\n<p>Frente a este panorama, la diputada nacional Lourdes Arrieta present\u00f3 un proyecto en la C\u00e1mara de Diputados para crear una comisi\u00f3n investigadora que esclarezca las irregularidades en el PAMI. Adem\u00e1s, solicit\u00f3 que se cite a la secretaria general de la Presidencia, Karina Milei, y a su principal asesor, Eduardo \u00abLule\u00bb Menem, para que brinden explicaciones sobre el manejo de los fondos del organismo.<\/p>\n\n\n\n<p>Arrieta, quien responde al monobloque Fuerzas del Cielo, denunci\u00f3 una situaci\u00f3n \u00abalarmante\u00bb dentro de la obra social de jubilados y pensionados y pidi\u00f3 que se indaguen desde contrataciones irregulares hasta posibles designaciones pol\u00edticas direccionadas .<\/p>\n\n\n\n<h2 class=\"wp-block-heading\"><strong>Una promesa traicionada<\/strong><\/h2>\n\n\n\n<p>El esc\u00e1ndalo del PAMI pone en evidencia una contradicci\u00f3n fundamental en el discurso de La Libertad Avanza. El partido que lleg\u00f3 al poder prometiendo terminar con la \u00abcasta\u00bb pol\u00edtica y con los privilegios del Estado, ahora se ve envuelto en denuncias por el uso indebido de fondos p\u00fablicos para fines partidarios. La falta de transparencia, las presiones a empleados y la utilizaci\u00f3n de organismos estatales como cajas partidarias son pr\u00e1cticas propias de la pol\u00edtica tradicional que Milei prometi\u00f3 erradicar.<\/p>\n\n\n\n<p>Es imperativo que se realice una investigaci\u00f3n exhaustiva y que se sancione a los responsables de estas irregularidades. La ciudadan\u00eda merece respuestas claras y acciones concretas para garantizar que los recursos p\u00fablicos se utilicen de manera transparente y en beneficio de todos los argentinos, especialmente de los jubilados y pensionados que dependen del PAMI para acceder a servicios de salud.<\/p>\n\n\n\n<p>Fuentes:<\/p>\n\n\n\n<ul class=\"wp-block-list\">\n<li><a href=\"https:\/\/www.mdzol.com\/politica\/campana-la-caja-del-pami-lourdes-arrieta-cruzo-fuerte-karina-milei-n1260734\">https:\/\/www.mdzol.com\/politica\/campana-la-caja-del-pami-lourdes-arrieta-cruzo-fuerte-karina-milei-n1260734<\/a><\/li>\n\n\n\n<li><a href=\"https:\/\/elpais.com\/argentina\/2025-05-13\/el-gobierno-de-milei-afronta-un-escandalo-de-desvio-de-fondos-publicos-para-financiar-a-su-partido.html\">https:\/\/elpais.com\/argentina\/2025-05-13\/el-gobierno-de-milei-afronta-un-escandalo-de-desvio-de-fondos-publicos-para-financiar-a-su-partido.html<\/a><\/li>\n\n\n\n<li><a href=\"https:\/\/www.clarin.com\/politica\/escandalo-pami-denuncian-varias-provincias-piden-aportes-financiar-libertad-avanza_0_IC799mZIBp.html\">https:\/\/www.clarin.com\/politica\/escandalo-pami-denuncian-varias-provincias-piden-aportes-financiar-libertad-avanza_0_IC799mZIBp.html<\/a><\/li>\n\n\n\n<li><a href=\"https:\/\/primereando.com.ar\/index.php\/2025\/05\/04\/escandalo-en-el-pami-denuncian-que-en-varias-provincias-exigen-aportes-a-los-empleados-para-financiar-a-la-libertad-avanza\/118541\/\">https:\/\/primereando.com.ar\/index.php\/2025\/05\/04\/escandalo-en-el-pami-denuncian-que-en-varias-provincias-exigen-aportes-a-los-empleados-para-financiar-a-la-libertad-avanza\/118541\/<\/a><\/li>\n\n\n\n<li><a href=\"https:\/\/totalnewsagency.com\/2025\/05\/06\/pami-denuncian-presunto-financiamiento-irregular-de-la-libertad-avanza-con-fondos-publicos-y-aportes-de-empleados-estatales\/\">https:\/\/totalnewsagency.com\/2025\/05\/06\/pami-denuncian-presunto-financiamiento-irregular-de-la-libertad-avanza-con-fondos-publicos-y-aportes-de-empleados-estatales\/<\/a><\/li>\n\n\n\n<li><a href=\"https:\/\/totalnewsagency.com\/2025\/05\/06\/pami-denuncian-presunto-financiamiento-irregular-de-la-libertad-avanza-con-fondos-publicos-y-aportes-de-empleados-estatales\/\">https:\/\/totalnewsagency.com\/2025\/05\/06\/pami-denuncian-presunto-financiamiento-irregular-de-la-libertad-avanza-con-fondos-publicos-y-aportes-de-empleados-estatales\/<\/a><\/li>\n<\/ul>\n\n\n\n<p><\/p>\n","protected":false},"excerpt":{"rendered":"<p>El PAMI, con un presupuesto de cinco billones de pesos, est\u00e1 en el centro de un esc\u00e1ndalo por presunto desv\u00edo de fondos para financiar a La Libertad Avanza. Denuncias de presiones a empleados y falta de transparencia salpican al partido oficialista, mientras el gobierno de Milei se desentiende del asunto.(elpais.com)<\/p>\n","protected":false},"author":11,"featured_media":4913,"comment_status":"open","ping_status":"open","sticky":false,"template":"","format":"standard","meta":{"_monsterinsights_skip_tracking":false,"_monsterinsights_sitenote_active":false,"_monsterinsights_sitenote_note":"","_monsterinsights_sitenote_category":0,"footnotes":"","jetpack_publicize_message":"Denuncias de desv\u00edo de fondos y presiones a empleados salpican a La Libertad Avanza. \u00bfEl gobierno de Milei? Se desentiende. Descubr\u00ed c\u00f3mo la promesa de terminar con la \"casta\" se desvanece entre pr\u00e1cticas cuestionables. ","jetpack_publicize_feature_enabled":true,"jetpack_social_post_already_shared":false,"jetpack_social_options":{"image_generator_settings":{"template":"highway","default_image_id":0,"enabled":false},"version":2}},"categories":[2],"tags":[1138,75,630,537,509,1464,45,1051,72,769],"class_list":["post-4912","post","type-post","status-publish","format-standard","has-post-thumbnail","hentry","category-politica","tag-auditoria","tag-corrupcion","tag-escandalo","tag-financiamiento","tag-jubilados","tag-lalibertadavanza","tag-milei","tag-pami","tag-politica","tag-transparencia"],"jetpack_publicize_connections":[],"_links":{"self":[{"href":"https:\/\/www.enorsai.com\/noticias\/wp-json\/wp\/v2\/posts\/4912","targetHints":{"allow":["GET"]}}],"collection":[{"href":"https:\/\/www.enorsai.com\/noticias\/wp-json\/wp\/v2\/posts"}],"about":[{"href":"https:\/\/www.enorsai.com\/noticias\/wp-json\/wp\/v2\/types\/post"}],"author":[{"embeddable":true,"href":"https:\/\/www.enorsai.com\/noticias\/wp-json\/wp\/v2\/users\/11"}],"replies":[{"embeddable":true,"href":"https:\/\/www.enorsai.com\/noticias\/wp-json\/wp\/v2\/comments?post=4912"}],"version-history":[{"count":1,"href":"https:\/\/www.enorsai.com\/noticias\/wp-json\/wp\/v2\/posts\/4912\/revisions"}],"predecessor-version":[{"id":4914,"href":"https:\/\/www.enorsai.com\/noticias\/wp-json\/wp\/v2\/posts\/4912\/revisions\/4914"}],"wp:featuredmedia":[{"embeddable":true,"href":"https:\/\/www.enorsai.com\/noticias\/wp-json\/wp\/v2\/media\/4913"}],"wp:attachment":[{"href":"https:\/\/www.enorsai.com\/noticias\/wp-json\/wp\/v2\/media?parent=4912"}],"wp:term":[{"taxonomy":"category","embeddable":true,"href":"https:\/\/www.enorsai.com\/noticias\/wp-json\/wp\/v2\/categories?post=4912"},{"taxonomy":"post_tag","embeddable":true,"href":"https:\/\/www.enorsai.com\/noticias\/wp-json\/wp\/v2\/tags?post=4912"}],"curies":[{"name":"wp","href":"https:\/\/api.w.org\/{rel}","templated":true}]}}