{"id":4905,"date":"2025-06-04T18:01:18","date_gmt":"2025-06-04T21:01:18","guid":{"rendered":"https:\/\/www.enorsai.com\/noticias\/?p=4905"},"modified":"2025-06-04T18:21:41","modified_gmt":"2025-06-04T21:21:41","slug":"violentaron-el-despacho-de-massot-y-monzo-despues-de-frenar-fondos-extras-para-la-ex-side","status":"publish","type":"post","link":"https:\/\/www.enorsai.com\/noticias\/politica\/violentaron-el-despacho-de-massot-y-monzo-despues-de-frenar-fondos-extras-para-la-ex-side\/","title":{"rendered":"Violentaron el despacho de Massot y Monz\u00f3 despu\u00e9s de frenar fondos extras para la ex SIDE"},"content":{"rendered":"\n<p>Intrusi\u00f3n en el Congreso: Identifican a ciudadanos chilenos como responsables del ingreso forzado a las oficinas de Monz\u00f3 y Massot<br><br>Un hecho inusual y alarmante sacudi\u00f3 al bloque Encuentro Federal en el Congreso de la Naci\u00f3n. Las oficinas de los diputados Emilio Monz\u00f3 y Nicol\u00e1s Massot, ubicadas en el edificio contiguo al Anexo de la C\u00e1mara de Diputados, fueron violentadas el pasado 20 de abril en un episodio a\u00fan envuelto en misterio y sospechas pol\u00edticas. La justicia ya identific\u00f3 a los presuntos autores: dos hombres y una mujer, todos de nacionalidad chilena, aunque hasta el momento no se ha concretado ninguna detenci\u00f3n.<br><br>La causa est\u00e1 en manos del juez Ariel Lijo, quien notific\u00f3 recientemente a los legisladores Monz\u00f3 y Massot \u2013ahora querellantes en la causa\u2013 que se logr\u00f3 individualizar a las personas que ingresaron por la fuerza en sus despachos durante ese fin de semana. El dato m\u00e1s llamativo: no se sustrajo ning\u00fan objeto de valor, pero los cajones de los escritorios aparecieron forzados y todo fue revuelto. La violencia sobre el mobiliario, pero la ausencia de robos, encendi\u00f3 las alarmas sobre posibles motivaciones que van m\u00e1s all\u00e1 de un simple intento de hurto.<br><br>Sospechas y versiones cruzadas<br><br>En el entorno de Encuentro Federal no se descarta que los implicados hayan sido utilizados por los servicios de inteligencia locales como \u201cmano de obra desocupada\u201d, una pr\u00e1ctica que remite a m\u00e9todos oscuros ya conocidos en la historia reciente del pa\u00eds. La hip\u00f3tesis cobra fuerza por el perfil de las v\u00edctimas: Monz\u00f3 y Massot fueron impulsores de la ca\u00edda de fondos extras destinados a la ex SIDE a trav\u00e9s de un DNU del Poder Ejecutivo, lo que habr\u00eda generado incomodidades en sectores del oficialismo.<br><br>Adem\u00e1s, el momento elegido para la intrusi\u00f3n genera a\u00fan m\u00e1s suspicacias: ocurri\u00f3 a horas del inicio de la interpelaci\u00f3n de funcionarios nacionales en la C\u00e1mara baja por el esc\u00e1ndalo del caso $Libra, y en las oficinas de uno de los bloques que impulsaba con mayor fuerza la creaci\u00f3n de una comisi\u00f3n investigadora. \u00bfCasualidad o advertencia?<br><br>Un ataque en territorio vigilado<br><br>La gravedad del episodio se potencia al considerar la ubicaci\u00f3n del edificio: est\u00e1 frente a una de las entradas principales del Congreso, en una zona de alta custodia. En ese mismo inmueble conviven oficinas de La Libertad Avanza, la Coalici\u00f3n C\u00edvica, el presidente de la UCR Mart\u00edn Lousteau, y hasta viviendas particulares. Sin embargo, el \u00fanico espacio violentado fue el de Encuentro Federal, lo que refuerza la idea de un blanco dirigido y premeditado.<br><br>El bloque, liderado por Miguel \u00c1ngel Pichetto, emiti\u00f3 un comunicado donde expres\u00f3 su preocupaci\u00f3n y solicit\u00f3 una investigaci\u00f3n exhaustiva. \u201cEsperamos una pronta respuesta por parte de las autoridades para que se identifique a los responsables del hecho y el mismo se esclarezca pronto\u201d, se\u00f1alaron.<br><br>Expectativa por avances judiciales<br><br>La causa sigue su curso en el juzgado de Ariel Lijo. Mientras tanto, Massot y Monz\u00f3 aguardan nuevas medidas, con la esperanza de que se ordenen pronto las detenciones de los tres ciudadanos chilenos ya identificados. Se trata de un caso sin precedentes recientes en el Congreso: un ataque directo a las oficinas de un bloque legislativo, en medio de un clima de creciente tensi\u00f3n pol\u00edtica e institucional.<br><br>El episodio dej\u00f3 al descubierto fisuras en la seguridad del Congreso y abri\u00f3 interrogantes sobre el accionar de estructuras clandestinas que, bajo la sombra del Estado, podr\u00edan estar operando para intimidar o condicionar a legisladores inc\u00f3modos.<br><br>En un contexto de creciente autoritarismo, ajuste y espionaje interno, la intrusi\u00f3n en las oficinas de Encuentro Federal no es un hecho menor. M\u00e1s bien, podr\u00eda ser la se\u00f1al de que ciertas pr\u00e1cticas del pasado est\u00e1n intentando colarse nuevamente en la vida pol\u00edtica argentina. La sociedad merece respuestas, y la democracia exige que se sepa qui\u00e9n dio la orden.<br><br><\/p>\n","protected":false},"excerpt":{"rendered":"<p>Intrusi\u00f3n en el Congreso: Identifican a ciudadanos chilenos como responsables del ingreso forzado a las oficinas de Monz\u00f3 y Massot Un hecho inusual y alarmante sacudi\u00f3 al bloque Encuentro Federal en el Congreso de la Naci\u00f3n. Las oficinas de los diputados Emilio Monz\u00f3 y Nicol\u00e1s Massot, ubicadas en el edificio contiguo al Anexo de la&#8230;<\/p>\n","protected":false},"author":1,"featured_media":4906,"comment_status":"open","ping_status":"open","sticky":false,"template":"","format":"standard","meta":{"_monsterinsights_skip_tracking":false,"_monsterinsights_sitenote_active":false,"_monsterinsights_sitenote_note":"","_monsterinsights_sitenote_category":0,"footnotes":"","jetpack_publicize_message":"","jetpack_publicize_feature_enabled":true,"jetpack_social_post_already_shared":true,"jetpack_social_options":{"image_generator_settings":{"template":"highway","default_image_id":0,"font":"","enabled":false},"version":2}},"categories":[2],"tags":[],"class_list":["post-4905","post","type-post","status-publish","format-standard","has-post-thumbnail","hentry","category-politica"],"jetpack_publicize_connections":[],"_links":{"self":[{"href":"https:\/\/www.enorsai.com\/noticias\/wp-json\/wp\/v2\/posts\/4905","targetHints":{"allow":["GET"]}}],"collection":[{"href":"https:\/\/www.enorsai.com\/noticias\/wp-json\/wp\/v2\/posts"}],"about":[{"href":"https:\/\/www.enorsai.com\/noticias\/wp-json\/wp\/v2\/types\/post"}],"author":[{"embeddable":true,"href":"https:\/\/www.enorsai.com\/noticias\/wp-json\/wp\/v2\/users\/1"}],"replies":[{"embeddable":true,"href":"https:\/\/www.enorsai.com\/noticias\/wp-json\/wp\/v2\/comments?post=4905"}],"version-history":[{"count":1,"href":"https:\/\/www.enorsai.com\/noticias\/wp-json\/wp\/v2\/posts\/4905\/revisions"}],"predecessor-version":[{"id":4907,"href":"https:\/\/www.enorsai.com\/noticias\/wp-json\/wp\/v2\/posts\/4905\/revisions\/4907"}],"wp:featuredmedia":[{"embeddable":true,"href":"https:\/\/www.enorsai.com\/noticias\/wp-json\/wp\/v2\/media\/4906"}],"wp:attachment":[{"href":"https:\/\/www.enorsai.com\/noticias\/wp-json\/wp\/v2\/media?parent=4905"}],"wp:term":[{"taxonomy":"category","embeddable":true,"href":"https:\/\/www.enorsai.com\/noticias\/wp-json\/wp\/v2\/categories?post=4905"},{"taxonomy":"post_tag","embeddable":true,"href":"https:\/\/www.enorsai.com\/noticias\/wp-json\/wp\/v2\/tags?post=4905"}],"curies":[{"name":"wp","href":"https:\/\/api.w.org\/{rel}","templated":true}]}}