{"id":4902,"date":"2025-06-04T16:08:09","date_gmt":"2025-06-04T19:08:09","guid":{"rendered":"https:\/\/www.enorsai.com\/noticias\/?p=4902"},"modified":"2025-06-04T16:08:09","modified_gmt":"2025-06-04T19:08:09","slug":"periodismo-de-extorsion-morales-sola-y-su-llamado-a-la-proscripcion","status":"publish","type":"post","link":"https:\/\/www.enorsai.com\/noticias\/politica\/periodismo-de-extorsion-morales-sola-y-su-llamado-a-la-proscripcion\/","title":{"rendered":"Periodismo de extorsi\u00f3n: Morales Sol\u00e1 y su llamado a la proscripci\u00f3n"},"content":{"rendered":"\n<p><strong><em>La pluma al servicio del lawfare, un an\u00e1lisis del panfleto judicial de Morales Sol\u00e1 y su  furia disfrazada de cr\u00f3nica judicial<\/em><\/strong><\/p>\n\n\n\n<p>El art\u00edculo firmado por Joaqu\u00edn Morales Sol\u00e1 en <em>La Naci\u00f3n<\/em>, titulado <em>\u201cLa decadencia pol\u00edtica de Cristina Kirchner\u201d<\/em>, no es una cr\u00f3nica imparcial ni un an\u00e1lisis pol\u00edtico riguroso, sino un panfleto revestido de periodismo de opini\u00f3n que responde a una l\u00f3gica discursiva cargada de furia antikirchnerista, desprecio por el peronismo popular y presi\u00f3n pol\u00edtica encubierta sobre el Poder Judicial.<\/p>\n\n\n\n<h4 class=\"wp-block-heading\"><strong>Una narrativa de odio con destinataria expl\u00edcita<\/strong><\/h4>\n\n\n\n<p>Desde el t\u00edtulo, Morales Sol\u00e1 instala una premisa que gu\u00eda todo el texto: la <em>\u201cdecadencia\u201d<\/em> de Cristina Fern\u00e1ndez de Kirchner. No hay intenci\u00f3n de comprender la din\u00e1mica electoral ni de contextualizar los movimientos dentro del universo del peronismo, sino de ridiculizar, estigmatizar y deslegitimar pol\u00edticamente a una figura central de la historia argentina reciente. Esa insistencia en denigrar no es ingenua: opera como herramienta discursiva para presionar p\u00fablicamente a la Corte Suprema a que \u201chaga lo que tiene que hacer\u201d, es decir, que la proscriba cuanto antes.<\/p>\n\n\n\n<p>El autor se permite incluso marcarle a la Corte los <strong>tiempos institucionales<\/strong>: \u201cLa Corte deber\u00eda decidir antes del 19 de julio\u201d, escribe, como si fuera un actor pol\u00edtico que puede condicionar al m\u00e1ximo tribunal. \u00bfDesde cu\u00e1ndo un periodista impone plazos a la Justicia? Esta actitud no es neutral: es funcional a sectores del poder econ\u00f3mico, medi\u00e1tico y judicial que buscan resolver en los tribunales lo que no pueden ganar en las urnas.<\/p>\n\n\n\n<h4 class=\"wp-block-heading\"><strong>\u00bfPeriodismo o extorsi\u00f3n pol\u00edtica disfrazada de an\u00e1lisis?<\/strong><\/h4>\n\n\n\n<p>El texto de Morales Sol\u00e1 no se limita a describir hechos, sino que formula una serie de <strong>exigencias solapadas<\/strong> a los jueces de la Corte, bajo la amenaza de que si no act\u00faan r\u00e1pido, sufrir\u00e1n un \u201crepudio social severo\u201d. \u00bfDe qu\u00e9 sociedad habla? \u00bfQui\u00e9n le deleg\u00f3 esa representaci\u00f3n? Este tipo de advertencias recuerda a aquellos sectores civiles que hist\u00f3ricamente promovieron el derrocamiento de gobiernos populares en nombre del \u201corden republicano\u201d.<\/p>\n\n\n\n<p>La democracia argentina tiene cicatrices por esos empujones civiles que habilitaron golpes militares. Hoy, esa misma l\u00f3gica se expresa en la judicializaci\u00f3n de la pol\u00edtica: si no se puede derrotar a Cristina Kirchner en elecciones, hay que eliminarla como posibilidad pol\u00edtica. Morales Sol\u00e1, como otros editorialistas de su l\u00ednea, act\u00faa como vocero no de una posici\u00f3n cr\u00edtica, sino de un <strong>plan de proscripci\u00f3n<\/strong> con motivaciones econ\u00f3micas, ideol\u00f3gicas y geopol\u00edticas.<\/p>\n\n\n\n<h4 class=\"wp-block-heading\"><strong>Deshonestidad intelectual y manipulaci\u00f3n del derecho<\/strong><\/h4>\n\n\n\n<p>El periodista insiste en que Cristina busca \u201cfueros para no ir presa\u201d, omitiendo que a\u00fan no hay condena firme, que la causa conocida como \u201cVialidad\u201d est\u00e1 plagada de irregularidades, y que el uso del art\u00edculo 280 del C\u00f3digo Procesal no es, como \u00e9l sugiere, una \u201ctreta\u201d sino una herramienta habitual del m\u00e1ximo tribunal para rechazar recursos sin fundamentos suficientes. Morales Sol\u00e1 no busca explicar el derecho: <strong>lo manipula para instalar una condena anticipada en la opini\u00f3n p\u00fablica<\/strong>.<\/p>\n\n\n\n<p>Adem\u00e1s, su razonamiento parte de una falacia deliberada: la equiparaci\u00f3n entre candidatura e impunidad. \u00bfPor qu\u00e9 aceptar que cualquier figura pol\u00edtica tenga derecho a competir, salvo Cristina Kirchner? \u00bfPor qu\u00e9 sus fueros deber\u00edan ser considerados sospechosos y los del resto no? La narrativa que Morales Sol\u00e1 instala no es jur\u00eddica, es ideol\u00f3gica: no se trata de defender la Rep\u00fablica, sino de <strong>impedir la existencia de una alternativa pol\u00edtica al proyecto neoliberal que \u00e9l representa<\/strong>.<\/p>\n\n\n\n<h4 class=\"wp-block-heading\"><strong>Silencios significativos: Macri, espionaje y lawfare<\/strong><\/h4>\n\n\n\n<p>En ning\u00fan momento el art\u00edculo menciona el espionaje ilegal, las mesas judiciales macristas, la persecuci\u00f3n con fines electorales o la connivencia entre sectores del Poder Judicial y el gobierno de Mauricio Macri, que construy\u00f3 un aparato de lawfare sin precedentes en democracia. Morales Sol\u00e1 no dice ni una palabra sobre eso. Su silencio es complicidad.<\/p>\n\n\n\n<p>\u00bfHabla en nombre propio? \u00bfDe La Naci\u00f3n? \u00bfDe los intereses que financiaron la persecuci\u00f3n judicial contra el kirchnerismo? \u00bfO es simplemente un nost\u00e1lgico vocero del macrismo que necesita borrar del mapa pol\u00edtico a quien todav\u00eda conserva un n\u00facleo duro de representaci\u00f3n popular?<\/p>\n\n\n\n<h4 class=\"wp-block-heading\"><strong>El periodismo como trinchera del poder f\u00e1ctico<\/strong><\/h4>\n\n\n\n<p>El texto de Morales Sol\u00e1 es m\u00e1s un edicto que una columna de opini\u00f3n. Representa el punto de confluencia entre el poder econ\u00f3mico concentrado, los medios hegem\u00f3nicos y un sector del Poder Judicial cooptado por intereses que nada tienen que ver con la democracia. Reclama una <strong>proscribilidad de facto<\/strong> como forma de limpieza pol\u00edtica.<\/p>\n\n\n\n<p>Detr\u00e1s de sus palabras no hay preocupaci\u00f3n por la institucionalidad, sino un profundo desprecio por las formas democr\u00e1ticas, por el voto popular y, sobre todo, por el peronismo como representaci\u00f3n de los sectores subalternos. Morales Sol\u00e1 no teme a Cristina Kirchner como persona: teme a lo que representa. Y por eso su furia es tan desesperada como peligrosa.<\/p>\n","protected":false},"excerpt":{"rendered":"<p>La pluma al servicio del lawfare, un an\u00e1lisis del panfleto judicial de Morales Sol\u00e1 y su furia disfrazada de cr\u00f3nica judicial El art\u00edculo firmado por Joaqu\u00edn Morales Sol\u00e1 en La Naci\u00f3n, titulado \u201cLa decadencia pol\u00edtica de Cristina Kirchner\u201d, no es una cr\u00f3nica imparcial ni un an\u00e1lisis pol\u00edtico riguroso, sino un panfleto revestido de periodismo de&#8230;<\/p>\n","protected":false},"author":2,"featured_media":4903,"comment_status":"open","ping_status":"open","sticky":false,"template":"","format":"standard","meta":{"_monsterinsights_skip_tracking":false,"_monsterinsights_sitenote_active":false,"_monsterinsights_sitenote_note":"","_monsterinsights_sitenote_category":0,"footnotes":"","jetpack_publicize_message":"","jetpack_publicize_feature_enabled":true,"jetpack_social_post_already_shared":true,"jetpack_social_options":{"image_generator_settings":{"template":"highway","default_image_id":0,"font":"","enabled":false},"version":2}},"categories":[2],"tags":[],"class_list":["post-4902","post","type-post","status-publish","format-standard","has-post-thumbnail","hentry","category-politica"],"jetpack_publicize_connections":[],"_links":{"self":[{"href":"https:\/\/www.enorsai.com\/noticias\/wp-json\/wp\/v2\/posts\/4902","targetHints":{"allow":["GET"]}}],"collection":[{"href":"https:\/\/www.enorsai.com\/noticias\/wp-json\/wp\/v2\/posts"}],"about":[{"href":"https:\/\/www.enorsai.com\/noticias\/wp-json\/wp\/v2\/types\/post"}],"author":[{"embeddable":true,"href":"https:\/\/www.enorsai.com\/noticias\/wp-json\/wp\/v2\/users\/2"}],"replies":[{"embeddable":true,"href":"https:\/\/www.enorsai.com\/noticias\/wp-json\/wp\/v2\/comments?post=4902"}],"version-history":[{"count":1,"href":"https:\/\/www.enorsai.com\/noticias\/wp-json\/wp\/v2\/posts\/4902\/revisions"}],"predecessor-version":[{"id":4904,"href":"https:\/\/www.enorsai.com\/noticias\/wp-json\/wp\/v2\/posts\/4902\/revisions\/4904"}],"wp:featuredmedia":[{"embeddable":true,"href":"https:\/\/www.enorsai.com\/noticias\/wp-json\/wp\/v2\/media\/4903"}],"wp:attachment":[{"href":"https:\/\/www.enorsai.com\/noticias\/wp-json\/wp\/v2\/media?parent=4902"}],"wp:term":[{"taxonomy":"category","embeddable":true,"href":"https:\/\/www.enorsai.com\/noticias\/wp-json\/wp\/v2\/categories?post=4902"},{"taxonomy":"post_tag","embeddable":true,"href":"https:\/\/www.enorsai.com\/noticias\/wp-json\/wp\/v2\/tags?post=4902"}],"curies":[{"name":"wp","href":"https:\/\/api.w.org\/{rel}","templated":true}]}}