{"id":4873,"date":"2025-06-03T16:37:47","date_gmt":"2025-06-03T19:37:47","guid":{"rendered":"http:\/\/www.enorsai.com\/noticias\/?p=4873"},"modified":"2025-06-03T16:41:20","modified_gmt":"2025-06-03T19:41:20","slug":"alterego","status":"publish","type":"post","link":"https:\/\/www.enorsai.com\/noticias\/cultura\/alterego\/","title":{"rendered":"Alterego"},"content":{"rendered":"\n<p>Franco Ram\u00edrez est\u00e1 nominado a los Premios Gardel como mejor \u00e1lbum de folklore alternativo con \u201cALTEREGO\u201d. Te invito a entrevistarlo y a cubrir la presentaci\u00f3n en vivo.<br>Un concierto donde la emoci\u00f3n y la verdad se hacen canci\u00f3n <strong>Mi\u00e9rcoles 4 de junio 20.45hs<\/strong><\/p>\n\n\n\n<p><strong>Caf\u00e9 Berl\u00edn &#8211; Avenida San Mart\u00edn 6656 &#8211; CABA<\/strong> &#8211; <a href=\"https:\/\/livepass.com.ar\/events\/franco-ramirez-en-cafe-berlin\"><strong>Entradas $15.000<\/strong><\/a><\/p>\n\n\n\n<p><strong>Franco Ram\u00edrez<\/strong>, destacado autor, compositor e int\u00e9rprete con m\u00e1s de 20 a\u00f1os de trayectoria, ha dejado su huella en la m\u00fasica folkl\u00f3rica argentina. Desde su primer disco <em>Tupinami<\/em>, que introdujo la guaracha santiague\u00f1a al folklore, hasta su \u00e9xito <em>Guadalupe<\/em>, que fue cortina musical de <em>Nadie Dice Nada<\/em> en Luzu TV, ha demostrado su versatilidad y talento. Comparti\u00f3 escenario con figuras como V\u00edctor Heredia, Raly Barrionuevo, Peteco Carabajal y Jorge Rojas, y sus canciones han sido interpretadas por artistas de la talla de Abel Pintos y La Bruja Salguero. Con seis discos, giras internacionales y su labor como embajador cultural de la UOLRA, sigue recorriendo el pa\u00eds con su m\u00fasica.<\/p>\n\n\n\n<figure class=\"wp-block-embed is-type-rich is-provider-spotify wp-block-embed-spotify wp-embed-aspect-21-9 wp-has-aspect-ratio\"><div class=\"wp-block-embed__wrapper\">\n<iframe title=\"Spotify Embed: Alterego\" style=\"border-radius: 12px\" width=\"100%\" height=\"352\" frameborder=\"0\" allowfullscreen allow=\"autoplay; clipboard-write; encrypted-media; fullscreen; picture-in-picture\" loading=\"lazy\" src=\"https:\/\/open.spotify.com\/embed\/album\/5PuhV8fvIUAtc1FjnRa6CR?utm_source=oembed\"><\/iframe>\n<\/div><\/figure>\n\n\n\n<p>\u00abDurante la pandemia nacieron la mayor\u00eda de las canciones de este disco que transita un camino de oscuridad hasta por fin ver la luz. No me animaba a lanzarlo porque se adentra en lo profundo de mis inseguridades, miedos y formas de vivir de mi pasado a las que no quiero volver. Es un piso donde pararme cuando quiero ver lo mucho que a veces hay que sufrir para poder volver a intentar ser felices\u00bb.<\/p>\n\n\n\n<p>Este disco no pudo ser posible sin el laburo y la creatividad de Jo Marcel y El Dun Producciones en lo audiovisual, Juan Soriano en la producci\u00f3n art\u00edstica, Mavi D\u00edaz en lo editorial, Gabriel Busso en la Ingenier\u00eda de sonido, Rulo Godar en el arte de portada, a los m\u00fasicos que participaron: Lole Machuca, Daniel Pacheco, Iaia Portillo, Xavi Ganjam y Juan Atienzo y a The Orchard en la distribuci\u00f3n.<\/p>\n\n\n\n<p>Alterego es el disco que nadie espera, que ni yo esperaba y aparece para cambiar mis planes, para encarar otro camino, para no hacerme el distra\u00eddo con lo que siento y pienso sin restricciones, sin el miedo al qu\u00e9 dir\u00e1n, con muchas ganas de romper la estructura y los casilleros en los que nosotros mismos nos metemos. Alterego es mi Yo m\u00e1s crudo y sincero, sin diplomacias, sin ganas de caerle bien a alguien y con todo el empe\u00f1o puesto para decir eso que antes no hab\u00eda dicho\u201d.<\/p>\n\n\n\n<p><\/p>\n\n\n\n<p><strong>Biograf\u00eda completa de Franco Ram\u00edrez<\/strong><\/p>\n\n\n\n<p>Destacado autor, compositor e int\u00e9rprete, celebra m\u00e1s de 20 a\u00f1os de trayectoria desde el lanzamiento de su primer disco \u00ab<a href=\"https:\/\/open.spotify.com\/intl-es\/album\/6rpwGMaOnD6C5HPdxl0aB1\">Tupinami<\/a>\u00ab. Ha participado en los m\u00e1s importantes festivales folkl\u00f3ricos, teatros y pe\u00f1as de Argentina, compartiendo escenario con renombrados artistas como Victor Heredia, Raly Barrionuevo, Peteco Carabajal, Jorge Rojas, Guillermo Fern\u00e1ndez y Celeste Carballo. Su colaboraci\u00f3n en discos como \u00ab<a href=\"https:\/\/open.spotify.com\/intl-es\/track\/0lmEe0ByDukHtPhtN06UIg\">Noticias de mi alma<\/a>\u00bb de Raly Barrionuevo y \u00ab<a href=\"https:\/\/open.spotify.com\/intl-es\/track\/0e1ffAArZDxgak5mEXdPzD\">Duetos &#8211; Cantemos<\/a>\u00bb de Jorge Rojas resalta su versatilidad y talento.&nbsp;<\/p>\n\n\n\n<p>Descendiente de una familia de artistas santiague\u00f1os, Franco ha heredado una rica tradici\u00f3n musical. Con cuatro discos de estudio y un disco en vivo, Franco ha forjado una carrera s\u00f3lida y en constante evoluci\u00f3n. Su primer disco, \u00abTupinami\u00bb, introdujo la guaracha santiaque\u00f1a al folklore, consolid\u00e1ndolo como uno de sus principales exponentes. Su canci\u00f3n m\u00e1s conocida \u201c<a href=\"https:\/\/open.spotify.com\/intl-es\/album\/45L2UJVGB6RfLJg4K8sXv8\">Guadalupe<\/a>\u201d ya se convirti\u00f3 en un cl\u00e1sico de la m\u00fasica popular folkl\u00f3rica, es una Guaracha y en los \u00faltimos meses del 2024 y principios del 2025 esta canci\u00f3n estuvo de cortina del programa <strong>\u201cNadie Dice Nada\u201d<\/strong> conducido por <strong>Nico Occhiato<\/strong> en el canal de streaming n\u00famero 1 en la actualidad, <a href=\"https:\/\/www.instagram.com\/reel\/C-F3JLeO6C1\/?igsh=MWhhYmcwYW1kenAy\"><strong>Luzu Tv<\/strong><\/a>.<\/p>\n\n\n\n<p>&nbsp;En 2019, Franco realiz\u00f3 su primera gira europea con m\u00e1s de 20 recitales en Espa\u00f1a, Francia y T\u00fanez.&nbsp;<\/p>\n\n\n\n<p>Grandes referentes de la m\u00fasica argentina como <strong>Abel Pintos, Alvaro Teruel (Los Nocheros), La Bruja Salguero, Raly Barionuevo y Cristian Herrera<\/strong> grabaron sus canciones.<\/p>\n\n\n\n<p>Fue conductor del programa de radio \u00abC\u00d3DIGO LUNAR\u201d en Nacional Folkl\u00f3rica junto a la Gitana Araujo y est\u00e1 presentando su sexto disco como solista, \u201cALTEREGO\u201d. Franco ha sido distinguido como <strong>embajador cultural <\/strong>de la UOLRA (Sindicato Argentino de Ladrilleros y Ladrilleras) y ha liderado campa\u00f1as contra el trabajo infantil, incluyendo eventos como \u00abCOSQU\u00cdN CANTA POR LOS NI\u00d1OS\u00bb realizando 3 ediciones en la plaza San Mart\u00edn de Cosqu\u00edn con Invitados de lujo como Nestor Garnica, Los carabajal, Roxana Carabajal y Milena Salamanca.<\/p>\n\n\n\n<p>Actualmente, contin\u00faa present\u00e1ndose con su banda por todo el pa\u00eds, celebrando dos d\u00e9cadas de carrera.<\/p>\n","protected":false},"excerpt":{"rendered":"<p>Franco Ram\u00edrez est\u00e1 nominado a los Premios Gardel como mejor \u00e1lbum de folklore alternativo con \u201cALTEREGO\u201d. Te invito a entrevistarlo y a cubrir la presentaci\u00f3n en vivo.Un concierto donde la emoci\u00f3n y la verdad se hacen canci\u00f3n Mi\u00e9rcoles 4 de junio 20.45hs Caf\u00e9 Berl\u00edn &#8211; Avenida San Mart\u00edn 6656 &#8211; CABA &#8211; Entradas $15.000 Franco&#8230;<\/p>\n","protected":false},"author":1,"featured_media":4875,"comment_status":"open","ping_status":"open","sticky":false,"template":"","format":"standard","meta":{"_monsterinsights_skip_tracking":false,"_monsterinsights_sitenote_active":false,"_monsterinsights_sitenote_note":"","_monsterinsights_sitenote_category":0,"footnotes":"","jetpack_publicize_message":"","jetpack_publicize_feature_enabled":true,"jetpack_social_post_already_shared":true,"jetpack_social_options":{"image_generator_settings":{"template":"highway","default_image_id":0,"font":"","enabled":false},"version":2}},"categories":[5,1583,1584],"tags":[],"class_list":["post-4873","post","type-post","status-publish","format-standard","has-post-thumbnail","hentry","category-cultura","category-cultura_destacada","category-cultura-musica"],"jetpack_publicize_connections":[],"_links":{"self":[{"href":"https:\/\/www.enorsai.com\/noticias\/wp-json\/wp\/v2\/posts\/4873","targetHints":{"allow":["GET"]}}],"collection":[{"href":"https:\/\/www.enorsai.com\/noticias\/wp-json\/wp\/v2\/posts"}],"about":[{"href":"https:\/\/www.enorsai.com\/noticias\/wp-json\/wp\/v2\/types\/post"}],"author":[{"embeddable":true,"href":"https:\/\/www.enorsai.com\/noticias\/wp-json\/wp\/v2\/users\/1"}],"replies":[{"embeddable":true,"href":"https:\/\/www.enorsai.com\/noticias\/wp-json\/wp\/v2\/comments?post=4873"}],"version-history":[{"count":2,"href":"https:\/\/www.enorsai.com\/noticias\/wp-json\/wp\/v2\/posts\/4873\/revisions"}],"predecessor-version":[{"id":4877,"href":"https:\/\/www.enorsai.com\/noticias\/wp-json\/wp\/v2\/posts\/4873\/revisions\/4877"}],"wp:featuredmedia":[{"embeddable":true,"href":"https:\/\/www.enorsai.com\/noticias\/wp-json\/wp\/v2\/media\/4875"}],"wp:attachment":[{"href":"https:\/\/www.enorsai.com\/noticias\/wp-json\/wp\/v2\/media?parent=4873"}],"wp:term":[{"taxonomy":"category","embeddable":true,"href":"https:\/\/www.enorsai.com\/noticias\/wp-json\/wp\/v2\/categories?post=4873"},{"taxonomy":"post_tag","embeddable":true,"href":"https:\/\/www.enorsai.com\/noticias\/wp-json\/wp\/v2\/tags?post=4873"}],"curies":[{"name":"wp","href":"https:\/\/api.w.org\/{rel}","templated":true}]}}