{"id":487,"date":"2025-02-01T22:54:00","date_gmt":"2025-02-02T01:54:00","guid":{"rendered":"https:\/\/www.enorsai.com\/noticias\/?p=487"},"modified":"2025-02-01T22:54:00","modified_gmt":"2025-02-02T01:54:00","slug":"mendoza-se-sumo-al-grito-nacional-la-marcha-del-orgullo-y-el-antifascismo-que-desafio-al-discurso-de-odio","status":"publish","type":"post","link":"https:\/\/www.enorsai.com\/noticias\/sociedad\/mendoza-se-sumo-al-grito-nacional-la-marcha-del-orgullo-y-el-antifascismo-que-desafio-al-discurso-de-odio\/","title":{"rendered":"Mendoza se Sum\u00f3 al Grito Nacional: La Marcha del Orgullo y el Antifascismo que Desafi\u00f3 al Discurso de Odio"},"content":{"rendered":"\n<p><strong><em>Miles de mendocinos inundaron las calles del centro en una movilizaci\u00f3n hist\u00f3rica que combin\u00f3 la celebraci\u00f3n de la diversidad con la resistencia antifascista, en un claro mensaje contra las pol\u00edticas excluyentes del gobierno nacional.<br><\/em><\/strong><br>En una jornada cargada de emociones y consignas, Mendoza fue escenario de una marcha que uni\u00f3 las banderas del orgullo LGBTQ+ y la lucha contra el fascismo. Analizamos las claves de una movilizaci\u00f3n que reflej\u00f3 el descontento social frente a un gobierno que muchos acusan de promover la divisi\u00f3n y el odio.<br><br>Mendoza, una provincia tradicionalmente conservadora, vivi\u00f3 este fin de semana una de las movilizaciones m\u00e1s significativas de los \u00faltimos a\u00f1os. La Marcha del Orgullo y el Antifascismo reuni\u00f3 a miles de personas en las calles del centro de la ciudad, en una clara demostraci\u00f3n de que la lucha por los derechos LGBTQ+ y la resistencia contra el discurso de odio no conocen fronteras.<br><br>Desde temprano, la Plaza Independencia se llen\u00f3 de colores, m\u00fasica y consignas que resonaron con fuerza. \u00abMendoza diversa, Mendoza antifascista\u00bb, \u00abNo al ajuste, no al odio\u00bb, fueron algunas de las frases que se escucharon a lo largo de la tarde. La marcha no solo fue un espacio de celebraci\u00f3n de la diversidad, sino tambi\u00e9n una cr\u00edtica contundente a las pol\u00edticas del gobierno de Javier Milei, que muchos consideran regresivas y excluyentes.<br><br>Seg\u00fan un informe publicado por Los Andes, la movilizaci\u00f3n reuni\u00f3 a m\u00e1s de 30.000 personas, cifra que super\u00f3 ampliamente las expectativas de los organizadores. \u00abEs una respuesta contundente a un gobierno que quiere imponer su agenda de exclusi\u00f3n\u00bb, afirm\u00f3 Mar\u00eda G\u00f3mez, una de las coordinadoras del evento. La nota destaca que, adem\u00e1s de las organizaciones LGBTQ+, participaron sindicatos, movimientos sociales y partidos pol\u00edticos de oposici\u00f3n, lo que refleja un amplio frente de resistencia.<br><br>Por su parte, Mendoza Post centr\u00f3 su cobertura en las tensiones entre los manifestantes y las fuerzas de seguridad. Aunque la marcha transcurri\u00f3 en su mayor\u00eda de manera pac\u00edfica, hubo momentos de confrontaci\u00f3n, especialmente cuando un grupo de manifestantes intent\u00f3 acercarse a la Casa de Gobierno provincial. \u00abEl gobierno est\u00e1 utilizando la represi\u00f3n como herramienta para silenciar las protestas\u00bb, denunci\u00f3 un dirigente de la izquierda mendocina en declaraciones recogidas por el medio.<\/p>\n\n\n\n<div class=\"wp-block-jetpack-related-posts\">\n<h3 class=\"wp-block-heading\">Te puede interesar<\/h3>\n<\/div>\n\n\n\n<p><br><br>En MDZ Online, la mirada fue m\u00e1s cr\u00edtica hacia los organizadores de la marcha. El art\u00edculo cuestiona la inclusi\u00f3n de consignas antifascistas en un evento que tradicionalmente se centraba en los derechos LGBTQ+. \u00ab\u00bfNo se corre el riesgo de diluir el mensaje principal?\u00bb, se preguntaba el editorialista. Sin embargo, esta postura fue r\u00e1pidamente rebatida en las redes sociales, donde usuarios destacaron que la lucha contra el fascismo y la defensa de los derechos de las minor\u00edas son dos caras de la misma moneda.<br><br>En las redes sociales, la marcha fue trending topic durante todo el d\u00eda. En Twitter, hashtags como #MendozaDiversa y #NoAlFascismo se mantuvieron en los primeros lugares, mientras que en Instagram, las fotos y videos de la movilizaci\u00f3n acumularon miles de likes y comentarios. \u00abEs incre\u00edble ver tanta gente unida por una causa com\u00fan\u00bb, escribi\u00f3 un usuario en Facebook. \u00abEsto demuestra que el pueblo no se va a quedar callado\u00bb, agreg\u00f3 otro.<br><br>Pero no todo fue celebraci\u00f3n. En Diario Uno Mendoza, un art\u00edculo editorializ\u00f3 sobre el \u00abriesgo de politizaci\u00f3n excesiva\u00bb de la marcha, argumentando que eventos como este deber\u00edan mantenerse alejados de las disputas partidarias. Esta postura, sin embargo, fue duramente criticada por activistas y analistas pol\u00edticos, quienes se\u00f1alaron que en un contexto de recortes presupuestarios y ataques a los derechos laborales, es imposible separar la lucha por la diversidad de la defensa de la democracia.<br><br>Lo cierto es que la Marcha del Orgullo y el Antifascismo en Mendoza dej\u00f3 en evidencia las profundas grietas que atraviesan a la sociedad argentina. Por un lado, un gobierno que apuesta a la liberalizaci\u00f3n econ\u00f3mica y a un discurso que muchos califican de autoritario. Por el otro, una ciudadan\u00eda que se organiza y resiste, defendiendo sus conquistas sociales y pol\u00edticas. En este escenario, la pregunta que queda flotando en el aire es: \u00bfhasta d\u00f3nde est\u00e1 dispuesto a llegar el gobierno de Milei para imponer su agenda?<\/p>\n\n\n","protected":false},"excerpt":{"rendered":"<p>\ud83c\udf08\ud83c\udde6\ud83c\uddf7 \u00a1Mendoza se pint\u00f3 de colores! Miles de personas llenaron las calles en la Marcha del Orgullo y el Antifascismo para decir NO al ajuste y al odio. \ud83d\udea8\ud83d\udcaa Con consignas como \u00abMendoza diversa, Mendoza antifascista\u00bb, la movilizaci\u00f3n se transform\u00f3 en un grito colectivo contra las pol\u00edticas de Milei. \ud83d\udce2\u2728<\/p>\n","protected":false},"author":1,"featured_media":492,"comment_status":"open","ping_status":"open","sticky":false,"template":"","format":"standard","meta":{"_monsterinsights_skip_tracking":false,"_monsterinsights_sitenote_active":false,"_monsterinsights_sitenote_note":"","_monsterinsights_sitenote_category":0,"footnotes":"","jetpack_publicize_message":"","jetpack_publicize_feature_enabled":true,"jetpack_social_post_already_shared":true,"jetpack_social_options":{"image_generator_settings":{"template":"highway","default_image_id":0,"font":"","enabled":false},"version":2}},"categories":[4],"tags":[139,140,106,138,141],"class_list":["post-487","post","type-post","status-publish","format-standard","has-post-thumbnail","hentry","category-sociedad","tag-antifascismo","tag-derechos-lgbtq","tag-javier-milei","tag-marcha-del-orgullo","tag-protesta-social"],"jetpack_publicize_connections":[],"_links":{"self":[{"href":"https:\/\/www.enorsai.com\/noticias\/wp-json\/wp\/v2\/posts\/487","targetHints":{"allow":["GET"]}}],"collection":[{"href":"https:\/\/www.enorsai.com\/noticias\/wp-json\/wp\/v2\/posts"}],"about":[{"href":"https:\/\/www.enorsai.com\/noticias\/wp-json\/wp\/v2\/types\/post"}],"author":[{"embeddable":true,"href":"https:\/\/www.enorsai.com\/noticias\/wp-json\/wp\/v2\/users\/1"}],"replies":[{"embeddable":true,"href":"https:\/\/www.enorsai.com\/noticias\/wp-json\/wp\/v2\/comments?post=487"}],"version-history":[{"count":2,"href":"https:\/\/www.enorsai.com\/noticias\/wp-json\/wp\/v2\/posts\/487\/revisions"}],"predecessor-version":[{"id":493,"href":"https:\/\/www.enorsai.com\/noticias\/wp-json\/wp\/v2\/posts\/487\/revisions\/493"}],"wp:featuredmedia":[{"embeddable":true,"href":"https:\/\/www.enorsai.com\/noticias\/wp-json\/wp\/v2\/media\/492"}],"wp:attachment":[{"href":"https:\/\/www.enorsai.com\/noticias\/wp-json\/wp\/v2\/media?parent=487"}],"wp:term":[{"taxonomy":"category","embeddable":true,"href":"https:\/\/www.enorsai.com\/noticias\/wp-json\/wp\/v2\/categories?post=487"},{"taxonomy":"post_tag","embeddable":true,"href":"https:\/\/www.enorsai.com\/noticias\/wp-json\/wp\/v2\/tags?post=487"}],"curies":[{"name":"wp","href":"https:\/\/api.w.org\/{rel}","templated":true}]}}