{"id":4849,"date":"2025-06-03T06:01:07","date_gmt":"2025-06-03T09:01:07","guid":{"rendered":"http:\/\/www.enorsai.com\/noticias\/?p=4849"},"modified":"2025-06-03T06:01:07","modified_gmt":"2025-06-03T09:01:07","slug":"coparticipacion-se-activa-un-frente-federal-ante-la-brutal-caida-de-los-recursos-nacionales-que-amenaza-hundir-a-las-provincias","status":"publish","type":"post","link":"https:\/\/www.enorsai.com\/noticias\/politica\/coparticipacion-se-activa-un-frente-federal-ante-la-brutal-caida-de-los-recursos-nacionales-que-amenaza-hundir-a-las-provincias\/","title":{"rendered":"Coparticipaci\u00f3n:  Se activa un frente federal ante la brutal ca\u00edda de los recursos nacionales que amenaza hundir a las provincias"},"content":{"rendered":"\n<p><strong><em>La sangr\u00eda de la coparticipaci\u00f3n federal pone en jaque a las provincias. Con ca\u00eddas que rozan el 26% en algunas jurisdicciones, los mandatarios provinciales \u2014incluso aliados\u2014 encienden alarmas y se congregan en el Consejo Federal de Inversiones. Mientras tanto, el gobierno de Javier Milei sigue ajustando sin piedad, avanzando con un esquema que estrangula a los territorios y los obliga a arrodillarse ante un \u201cplan colch\u00f3n\u201d tan improvisado como condicionado. \u00bfSe rompe el pacto fiscal o estalla el sistema?<\/em><\/strong><\/p>\n\n\n\n<p>Algo huele a podrido en el federalismo argentino. El olor se siente fuerte en las provincias, donde los gobernadores \u2014de todas las camisetas pol\u00edticas\u2014 empiezan a toser por el humo del ajuste feroz de Javier Milei. Con un desplome brutal de la coparticipaci\u00f3n federal, que en algunas jurisdicciones ya ronda el 26%, se encendieron las alarmas: el martes, bajo el paraguas del Consejo Federal de Inversiones (CFI), los jefes provinciales se reunieron para analizar fuentes alternativas de financiamiento. Pero la excusa de la \u201cinfraestructura federal\u201d apenas disimula la verdadera inquietud: la asfixia financiera que impone el libertario desde la Casa Rosada.<\/p>\n\n\n\n<p>La postal del c\u00f3nclave fue clara: desde Axel Kicillof hasta Rogelio Frigerio, pasando por Ignacio Torres, Gerardo Zamora y Gustavo Melella, los gobernadores dijeron presente \u2014en cuerpo o en Zoom\u2014 en un evento que, m\u00e1s all\u00e1 de los discursos t\u00e9cnicos, estuvo marcado por un clamor com\u00fan: el brutal retroceso de las transferencias autom\u00e1ticas que, seg\u00fan la Comisi\u00f3n Federal de Impuestos, caer\u00e1n un 4,2% en 2025. Si se toma el acumulado desde 2023, la cifra se dispara al 12%, lo que equivale a una p\u00e9rdida cercana a los $7,4 billones. Un agujero negro que se traga el 1% del PBI. Un baldazo de ajuste, sin anestesia, sobre estructuras que dependen en m\u00e1s del 60% de estos fondos para sostener lo m\u00ednimo: salud, educaci\u00f3n, sueldos y funcionamiento b\u00e1sico del Estado.<\/p>\n\n\n\n<p>Las causas del derrumbe est\u00e1n bien identificadas, y no son un accidente ni un fen\u00f3meno natural. Son el resultado directo \u2014y deliberado\u2014 de una serie de decisiones tributarias que el propio gobierno de Milei aplic\u00f3 con la frialdad de un cirujano sin coraz\u00f3n: eliminaci\u00f3n de impuestos internos, modificaci\u00f3n del c\u00e1lculo de Ganancias para sociedades, congelamiento del Impuesto a los Combustibles, y otras maniobras que erosionan el flujo a las provincias. Todo esto, en un contexto de consumo estancado, actividad econ\u00f3mica err\u00e1tica y una ca\u00edda del 1,9% en la recaudaci\u00f3n del IVA ajustado por inflaci\u00f3n.<\/p>\n\n\n\n<p>Pero el golpe m\u00e1s feroz vino por Ganancias: el derrumbe interanual de 39,8% sacudi\u00f3 las arcas como un terremoto. Si hasta hace un a\u00f1o ese tributo era la columna vertebral de la coparticipaci\u00f3n, hoy es apenas una sombra de lo que fue. Y las provincias lo sufren. R\u00edo Negro, Tierra del Fuego y Santa Cruz \u2014bastiones patag\u00f3nicos con econom\u00edas regionales complejas y dependientes de los giros nacionales\u2014 registraron p\u00e9rdidas de m\u00e1s del 26%. Ni siquiera Buenos Aires, con Kicillof como uno de los principales opositores, ni CABA, con menor exposici\u00f3n al sistema coparticipable, lograron esquivar la poda.<\/p>\n\n\n\n<p>Mientras tanto, desde el ministerio de Econom\u00eda, Luis Caputo promete \u201csoluciones\u201d. Pero lo que ofrece no es una estrategia federal de rescate sino un torniquete con nombre marketinero: el \u201cplan colch\u00f3n\u201d. Un engendro que busca seducir a los gobernadores con la idea de repatriar d\u00f3lares fugados \u2014una especie de blanqueo de capitales expr\u00e9s\u2014 para nutrir una econom\u00eda en ca\u00edda libre. Hasta ahora, algunos mandatarios del PJ como Ra\u00fal Jalil (Catamarca) y Osvaldo Jaldo (Tucum\u00e1n) se subieron al tren. Tambi\u00e9n lo hicieron figuras del PRO como Torres (Chubut) y Frigerio (Entre R\u00edos). \u00bfConvencidos? Dif\u00edcil. M\u00e1s bien resignados a no perder todo, a aceptar migajas con la esperanza de que la Casa Rosada no los excluya del reparto informal de favores.<\/p>\n\n\n\n<p>Porque en el fondo, lo que est\u00e1 en juego no es solo plata. Es poder. Es control. Es sometimiento. El gobierno libertario viene aplicando un disciplinamiento fiscal quir\u00fargico. El mensaje es claro: si no se alinean, las provincias quedar\u00e1n a la intemperie. Sin fondos, sin obras, sin red de contenci\u00f3n. Un esquema que tensiona la rep\u00fablica, dinamita los puentes y pone en duda la propia existencia del federalismo como lo conoc\u00edamos.<\/p>\n\n\n\n<p>La respuesta de los gobernadores, sin embargo, a\u00fan es t\u00edmida. El temblor est\u00e1, pero la rebeli\u00f3n no termina de cuajar. \u00bfPor qu\u00e9? Porque el a\u00f1o electoral acecha. Nadie quiere romper lanzas demasiado pronto, y muchos de los mandatarios comparten electorado con la base libertaria. Mendoza, Entre R\u00edos y Chubut son solo algunos ejemplos donde los liderazgos locales caminan sobre la cornisa entre la cr\u00edtica moderada y el seguidismo cauto. Nadie quiere quedar del lado \u201cequivocado\u201d si el experimento Milei sobrevive.<\/p>\n\n\n\n<p>Pero, \u00bfhasta cu\u00e1ndo se puede aguantar el ajuste sin romper el tablero? Esa es la pregunta que sobrevuela los pasillos del CFI. La situaci\u00f3n es insostenible. En cinco meses, las provincias recibieron $23,1 billones en transferencias autom\u00e1ticas. Suena a mucho, pero representa apenas una expansi\u00f3n del 2,7% interanual en t\u00e9rminos reales. Es decir: no alcanza ni para empatarle a la inflaci\u00f3n. Y eso que estamos hablando de fondos b\u00e1sicos, no de lujos. No de d\u00e1divas, sino de obligaciones del Estado nacional.<\/p>\n\n\n\n<p>Lo m\u00e1s provocador es que, mientras todo esto ocurre, el discurso oficial sigue hablando de eficiencia, de austeridad, de \u201csacar al Estado del medio\u201d. Pero en la pr\u00e1ctica, lo que hace Milei es concentrar el poder econ\u00f3mico en la Naci\u00f3n, desmantelar el federalismo y convertir a las provincias en rehenes. Rehenes de un plan que no tiene ni colch\u00f3n, ni red, ni horizonte.<\/p>\n\n\n\n<p>Quiz\u00e1s esta cumbre del CFI sea solo el principio. Un primer movimiento. Un ensayo de resistencia. Pero si la tendencia no se revierte, si los gobernadores no articulan un frente com\u00fan m\u00e1s all\u00e1 de los matices ideol\u00f3gicos, el modelo Milei terminar\u00e1 por pulverizar el equilibrio entre Naci\u00f3n y provincias. Lo que vendr\u00e1 despu\u00e9s ser\u00e1 una rep\u00fablica sin rep\u00fablica. Un pa\u00eds unitario disfrazado de federalismo. Y gobernadores con t\u00edtulos pero sin herramientas.<\/p>\n\n\n\n<p>Es hora de que las provincias dejen de mendigar y empiecen a exigir. De que el federalismo deje de ser un art\u00edculo decorativo en la Constituci\u00f3n y se convierta en una trinchera pol\u00edtica. Porque si no hay recursos, no hay futuro. Y si no hay futuro, no hay Naci\u00f3n.<\/p>\n\n\n\n<p>Fuentes:<\/p>\n\n\n\n<ul class=\"wp-block-list\">\n<li><a href=\"https:\/\/www.ambito.com\/ambito-nacional\/gobernadores-activan-cumbre-la-ciudad-alarmados-la-caida-la-coparticipacion-federal-n6152118\">https:\/\/www.ambito.com\/ambito-nacional\/gobernadores-activan-cumbre-la-ciudad-alarmados-la-caida-la-coparticipacion-federal-n6152118<\/a><\/li>\n\n\n\n<li><a href=\"https:\/\/www.pagina12.com.ar\/830846-fuerte-caida-de-la-coparticipacion\">https:\/\/www.pagina12.com.ar\/830846-fuerte-caida-de-la-coparticipacion<\/a><\/li>\n\n\n\n<li><a href=\"https:\/\/www.infobae.com\/politica\/2025\/06\/03\/quejas-en-privado-y-escasos-reclamos-publicos-los-gobernadores-se-reunen-preocupados-por-la-caida-en-los-ingresos\/\">https:\/\/www.infobae.com\/politica\/2025\/06\/03\/quejas-en-privado-y-escasos-reclamos-publicos-los-gobernadores-se-reunen-preocupados-por-la-caida-en-los-ingresos\/<\/a><\/li>\n<\/ul>\n","protected":false},"excerpt":{"rendered":"<p>Los gobernadores se re\u00fanen alarmados por la sangr\u00eda de la coparticipaci\u00f3n. El ajuste de Milei no solo vac\u00eda las arcas provinciales, sino que busca doblegarlas pol\u00edticamente. Con ca\u00eddas superiores al 25% en algunos distritos, el federalismo cruje mientras la Casa Rosada reparte castigos y promesas a discreci\u00f3n. <\/p>\n","protected":false},"author":13,"featured_media":4850,"comment_status":"open","ping_status":"open","sticky":false,"template":"","format":"standard","meta":{"_monsterinsights_skip_tracking":false,"_monsterinsights_sitenote_active":false,"_monsterinsights_sitenote_note":"","_monsterinsights_sitenote_category":0,"footnotes":"","jetpack_publicize_message":"Los gobernadores se re\u00fanen alarmados por la sangr\u00eda de la coparticipaci\u00f3n. El ajuste de Milei no solo vac\u00eda las arcas provinciales, sino que busca doblegarlas pol\u00edticamente. Con ca\u00eddas superiores al 25% en algunos distritos, el federalismo cruje mientras la Casa Rosada reparte castigos y promesas a ","jetpack_publicize_feature_enabled":true,"jetpack_social_post_already_shared":false,"jetpack_social_options":{"image_generator_settings":{"template":"highway","default_image_id":0,"enabled":false},"version":2}},"categories":[2],"tags":[58,1530,43,15,1287,1288,55,45,916,1593],"class_list":["post-4849","post","type-post","status-publish","format-standard","has-post-thumbnail","hentry","category-politica","tag-ajuste","tag-coparticipacion","tag-crisis","tag-economia","tag-federalismo","tag-gobernadores","tag-impuestos","tag-milei","tag-provincias","tag-recaudacion"],"jetpack_publicize_connections":[],"_links":{"self":[{"href":"https:\/\/www.enorsai.com\/noticias\/wp-json\/wp\/v2\/posts\/4849","targetHints":{"allow":["GET"]}}],"collection":[{"href":"https:\/\/www.enorsai.com\/noticias\/wp-json\/wp\/v2\/posts"}],"about":[{"href":"https:\/\/www.enorsai.com\/noticias\/wp-json\/wp\/v2\/types\/post"}],"author":[{"embeddable":true,"href":"https:\/\/www.enorsai.com\/noticias\/wp-json\/wp\/v2\/users\/13"}],"replies":[{"embeddable":true,"href":"https:\/\/www.enorsai.com\/noticias\/wp-json\/wp\/v2\/comments?post=4849"}],"version-history":[{"count":1,"href":"https:\/\/www.enorsai.com\/noticias\/wp-json\/wp\/v2\/posts\/4849\/revisions"}],"predecessor-version":[{"id":4851,"href":"https:\/\/www.enorsai.com\/noticias\/wp-json\/wp\/v2\/posts\/4849\/revisions\/4851"}],"wp:featuredmedia":[{"embeddable":true,"href":"https:\/\/www.enorsai.com\/noticias\/wp-json\/wp\/v2\/media\/4850"}],"wp:attachment":[{"href":"https:\/\/www.enorsai.com\/noticias\/wp-json\/wp\/v2\/media?parent=4849"}],"wp:term":[{"taxonomy":"category","embeddable":true,"href":"https:\/\/www.enorsai.com\/noticias\/wp-json\/wp\/v2\/categories?post=4849"},{"taxonomy":"post_tag","embeddable":true,"href":"https:\/\/www.enorsai.com\/noticias\/wp-json\/wp\/v2\/tags?post=4849"}],"curies":[{"name":"wp","href":"https:\/\/api.w.org\/{rel}","templated":true}]}}