{"id":4846,"date":"2025-06-03T05:47:06","date_gmt":"2025-06-03T08:47:06","guid":{"rendered":"http:\/\/www.enorsai.com\/noticias\/?p=4846"},"modified":"2025-06-03T05:47:06","modified_gmt":"2025-06-03T08:47:06","slug":"cfk-reaparece-para-reordenar-al-peronismo-y-enfrentar-lo-que-considera-una-derecha-cruel-y-esoterica","status":"publish","type":"post","link":"https:\/\/www.enorsai.com\/noticias\/politica\/cfk-reaparece-para-reordenar-al-peronismo-y-enfrentar-lo-que-considera-una-derecha-cruel-y-esoterica\/","title":{"rendered":"CFK reaparece para reordenar al peronismo y enfrentar lo que considera una derecha \u00abcruel y esot\u00e9rica\u00bb"},"content":{"rendered":"\n<p><strong><em>Su regreso no es una jugada personalista, sino una decisi\u00f3n estrat\u00e9gica: volver a enamorar, reagrupar al campo popular y frenar el desguace del Estado que impulsa Javier Milei. Con la Tercera Secci\u00f3n Electoral como epicentro, Cristina busca reeditar la f\u00f3rmula de unidad que derrot\u00f3 al macrismo en 2019, en medio de una Argentina que se desangra entre ajustes, represi\u00f3n y hambre.<\/em><\/strong><\/p>\n\n\n\n<p>Cristina Fern\u00e1ndez de Kirchner no da puntada sin hilo. Su confirmaci\u00f3n como candidata a diputada provincial por la Tercera Secci\u00f3n Electoral de la provincia de Buenos Aires, anunciada en una entrevista con Gustavo Sylvestre en C5N, no solo agit\u00f3 el tablero pol\u00edtico. Encendi\u00f3 una se\u00f1al de alarma para el gobierno libertario de Javier Milei y revitaliz\u00f3 a un peronismo golpeado, desorientado y atravesado por disputas intestinas.<\/p>\n\n\n\n<p>En su estilo caracter\u00edstico, la ex presidenta combin\u00f3 autocr\u00edtica, estrategia y contundencia. Reapareci\u00f3 no desde la nostalgia ni el mesianismo, sino desde la responsabilidad hist\u00f3rica. \u201c\u00bfAlguien concibe que si al peronismo no le va bien en septiembre, nos puede ir bien en octubre?\u201d, lanz\u00f3 con crudeza, poniendo el foco en la vital importancia de la Tercera, ese coraz\u00f3n caliente del peronismo bonaerense que siempre funcion\u00f3 como basti\u00f3n de resistencia y motor electoral.<\/p>\n\n\n\n<p>Cristina no se presenta porque \u201cle gusta la pol\u00edtica\u201d o porque a\u00f1ore los flashes. Se lanza a la arena porque sabe que si el experimento neoliberal de Javier Milei logra doblegar a la provincia de Buenos Aires, el resto del pa\u00eds ser\u00e1 un territorio arrasado. El modelo de la motosierra no admite zonas grises: o se lo enfrenta con coraje y organizaci\u00f3n, o se impone con violencia y hambre.<\/p>\n\n\n\n<p>Durante la entrevista, no dud\u00f3 en calificar al actual presidente como \u201cun marginal que se ocupa de los ricos\u201d. Y no se trata de una chicana superficial. Cristina desnud\u00f3 el n\u00facleo ideol\u00f3gico del mile\u00edsmo: una derecha antiestado, cruel, esot\u00e9rica, sin programa real, que solo sabe aplicar viejas recetas fracasadas como la tablita de Mart\u00ednez de Hoz, el \u201ccepo al salario\u201d y el \u201cd\u00f3lar barato para pocos\u201d. No es novedad que los sectores populares sean los primeros en pagar los platos rotos de estas aventuras econ\u00f3micas, pero lo que Cristina denuncia es algo m\u00e1s profundo: la desaparici\u00f3n del Estado como garante de derechos b\u00e1sicos, reemplazado por un modelo darwinista donde solo sobrevive quien tiene espalda \u2014o contactos.<\/p>\n\n\n\n<p>Y ah\u00ed aparece la palabra m\u00e1gica: unidad. Cristina no propone volver a los acuerdos de c\u00fapula ni a los sellos vac\u00edos. Recuerda, con nombre y apellido, c\u00f3mo construy\u00f3 la victoria de 2019 convocando incluso a quienes la hab\u00edan insultado. \u201cMassa, Wado, Axel y M\u00e1ximo fueron a mi despacho y ah\u00ed decidimos esa unidad\u201d, relat\u00f3, apelando a la memoria colectiva de un peronismo que, cuando deja de lado egos y mezquindades, es capaz de volver a enamorar a millones.<\/p>\n\n\n\n<p>Su mensaje fue claro, incluso cuando evit\u00f3 nombrarlo directamente: el desdoblamiento electoral impulsado por Axel Kicillof es una jugada err\u00f3nea. Dividir al electorado es suicida frente a una derecha que se organiza en torno a la destrucci\u00f3n del Estado. \u201cLa unidad no presupone el triunfo, pero divididos no es mejor\u201d, sentenci\u00f3. Cristina no baja l\u00ednea desde el pedestal: sugiere, insin\u00faa, pero tambi\u00e9n interpela. A diferencia de muchos dirigentes hombres, como ella misma remarc\u00f3, no tiene problema en rectificar decisiones si las condiciones cambian. \u201cSi me tengo que retractar, yo voy y lo hago, y jam\u00e1s le pedir\u00eda nada a nadie\u201d, solt\u00f3, dejando flotando la sugerencia de que otros tambi\u00e9n deber\u00edan hacerlo.<\/p>\n\n\n\n<p>Pero m\u00e1s all\u00e1 de la interna peronista, el verdadero blanco de Cristina es Javier Milei. Su cr\u00edtica no es meramente pol\u00edtica: es moral. Lo acusa de gobernar solo para los ricos, de copiar modelos de ajuste salvaje que en el pasado solo trajeron muerte y desindustrializaci\u00f3n. Lo m\u00e1s grave no es la inflaci\u00f3n, ni siquiera el desempleo creciente. Lo intolerable, para Cristina, es la crueldad estructural de un gobierno que desfinancia hospitales como el Garrahan, que estigmatiza a los docentes, que quiere borrar el pasado y que desprecia a los pobres.<\/p>\n\n\n\n<p>Y si bien evit\u00f3 profundizar en el intento de magnicidio que sufri\u00f3 en 2022, no esquiv\u00f3 el tema. Lo mencion\u00f3 con pesar, dejando ver las cicatrices que a\u00fan duelen. No busca victimizarse, pero s\u00ed dejar en claro que su regreso no es un capricho: es una necesidad. Hay algo que Cristina entiende y otros no: sin m\u00edstica, sin pasi\u00f3n, sin amor, no hay victoria posible. Por eso insiste con volver a enamorar. Porque sabe que el voto no es solo una operaci\u00f3n racional; es tambi\u00e9n un acto emocional, una apuesta colectiva, un grito de esperanza frente al espanto.<\/p>\n\n\n\n<p>La entrevista, que alcanz\u00f3 picos de 11 puntos de rating, fue una muestra clara de que su figura sigue despertando pasiones, tanto a favor como en contra. Miles de personas se acercaron al canal para acompa\u00f1arla. No fue un acto armado ni un operativo clamor. Fue la expresi\u00f3n espont\u00e1nea de un pueblo que, a\u00fan herido, la sigue viendo como una referencia central.<\/p>\n\n\n\n<p>Cristina no promete soluciones m\u00e1gicas. Pero plantea un horizonte distinto al de la miseria planificada. Su candidatura como diputada provincial no busca una banca, sino encender una mecha. Volver al barro, al territorio, a la militancia. Reordenar lo disperso. Convocar a los ofendidos y a los leales. No se trata de volver al pasado, sino de rescatar lo mejor de esa memoria para proyectar futuro.<\/p>\n\n\n\n<p>Mientras Milei destruye, ella propone reconstruir. Donde \u00e9l ve enemigos, ella llama a la unidad. Mientras \u00e9l grita desde balcones digitales, ella pisa el suelo de la Tercera Secci\u00f3n, ese que conoce como la palma de su mano. La diferencia es total. Uno gobierna desde el algoritmo y la furia; la otra vuelve al barrio con la convicci\u00f3n intacta.<\/p>\n\n\n\n<p>En un pa\u00eds devastado por el ajuste, donde el modelo econ\u00f3mico parece un refrito sin alma de lo peor de nuestra historia, la figura de Cristina resurge como ant\u00eddoto. No por lo que fue, sino por lo que a\u00fan representa: la posibilidad de que el pueblo vuelva a enamorarse de la pol\u00edtica. Y eso, en tiempos de cinismo y odio, es m\u00e1s revolucionario que nunca.<\/p>\n\n\n\n<p><\/p>\n","protected":false},"excerpt":{"rendered":"<p>Cristina Fern\u00e1ndez de Kirchner confirm\u00f3 su candidatura a diputada provincial por el Conurbano Sur. En plena ofensiva del gobierno de Javier Milei, su regreso marca un llamado urgente a la unidad del peronismo y un freno al ajuste. Vuelve para volver a enamorar, reorganizar y confrontar una derecha cruel y sin rumbo.<\/p>\n","protected":false},"author":11,"featured_media":4847,"comment_status":"open","ping_status":"open","sticky":false,"template":"","format":"standard","meta":{"_monsterinsights_skip_tracking":false,"_monsterinsights_sitenote_active":false,"_monsterinsights_sitenote_note":"","_monsterinsights_sitenote_category":0,"footnotes":"","jetpack_publicize_message":"\ud83d\udd25 Cristina vuelve a la cancha y no se guarda nada: unidad, territorio y confrontaci\u00f3n directa al ajuste de Milei. En un pa\u00eds al borde del abismo, su candidatura busca encender la chispa de un nuevo despertar popular. ","jetpack_publicize_feature_enabled":true,"jetpack_social_post_already_shared":false,"jetpack_social_options":{"image_generator_settings":{"template":"highway","default_image_id":0,"enabled":false},"version":2}},"categories":[2],"tags":[58,1590,87,1592,190,45,363,72,1591,1589],"class_list":["post-4846","post","type-post","status-publish","format-standard","has-post-thumbnail","hentry","category-politica","tag-ajuste","tag-conurbano","tag-cristina","tag-derecha","tag-elecciones","tag-milei","tag-peronismo","tag-politica","tag-tercera","tag-unidad"],"jetpack_publicize_connections":[],"_links":{"self":[{"href":"https:\/\/www.enorsai.com\/noticias\/wp-json\/wp\/v2\/posts\/4846","targetHints":{"allow":["GET"]}}],"collection":[{"href":"https:\/\/www.enorsai.com\/noticias\/wp-json\/wp\/v2\/posts"}],"about":[{"href":"https:\/\/www.enorsai.com\/noticias\/wp-json\/wp\/v2\/types\/post"}],"author":[{"embeddable":true,"href":"https:\/\/www.enorsai.com\/noticias\/wp-json\/wp\/v2\/users\/11"}],"replies":[{"embeddable":true,"href":"https:\/\/www.enorsai.com\/noticias\/wp-json\/wp\/v2\/comments?post=4846"}],"version-history":[{"count":1,"href":"https:\/\/www.enorsai.com\/noticias\/wp-json\/wp\/v2\/posts\/4846\/revisions"}],"predecessor-version":[{"id":4848,"href":"https:\/\/www.enorsai.com\/noticias\/wp-json\/wp\/v2\/posts\/4846\/revisions\/4848"}],"wp:featuredmedia":[{"embeddable":true,"href":"https:\/\/www.enorsai.com\/noticias\/wp-json\/wp\/v2\/media\/4847"}],"wp:attachment":[{"href":"https:\/\/www.enorsai.com\/noticias\/wp-json\/wp\/v2\/media?parent=4846"}],"wp:term":[{"taxonomy":"category","embeddable":true,"href":"https:\/\/www.enorsai.com\/noticias\/wp-json\/wp\/v2\/categories?post=4846"},{"taxonomy":"post_tag","embeddable":true,"href":"https:\/\/www.enorsai.com\/noticias\/wp-json\/wp\/v2\/tags?post=4846"}],"curies":[{"name":"wp","href":"https:\/\/api.w.org\/{rel}","templated":true}]}}