{"id":4815,"date":"2025-06-02T11:54:47","date_gmt":"2025-06-02T14:54:47","guid":{"rendered":"https:\/\/www.enorsai.com\/noticias\/politica\/despidos-en-veng-el-ajuste-libertario-ahora-apunta-al-corazon-del-desarrollo-aeroespacial-argentino\/"},"modified":"2025-06-02T11:54:47","modified_gmt":"2025-06-02T14:54:47","slug":"despidos-en-veng-el-ajuste-libertario-ahora-apunta-al-corazon-del-desarrollo-aeroespacial-argentino","status":"publish","type":"post","link":"https:\/\/www.enorsai.com\/noticias\/politica\/despidos-en-veng-el-ajuste-libertario-ahora-apunta-al-corazon-del-desarrollo-aeroespacial-argentino\/","title":{"rendered":"Despidos en VENG: el ajuste libertario ahora apunta al coraz\u00f3n del desarrollo aeroespacial argentino"},"content":{"rendered":"\n<p>Mientras las calles del pa\u00eds se llenaban de voces en defensa del sistema cient\u00edfico nacional, el gobierno de Javier Milei ejecutaba, en la m\u00e1s absoluta discreci\u00f3n de un viernes por la noche, una nueva ofensiva contra el entramado estrat\u00e9gico del conocimiento y la tecnolog\u00eda: unos 30 trabajadores y trabajadoras fueron despedidos de la empresa estatal VENG S.A., una pieza clave en el desarrollo aeroespacial argentino.<br><br>La decisi\u00f3n no fue casual ni aislada. Se trata de un movimiento planificado, en l\u00ednea con la pol\u00edtica de desmantelamiento sistem\u00e1tico de las capacidades cient\u00edficas y tecnol\u00f3gicas del pa\u00eds que el actual gobierno viene ejecutando desde su asunci\u00f3n. En este caso, la empresa afectada tiene un rol estrat\u00e9gico: VENG participa en proyectos tan sensibles como el desarrollo de motores para lanzadores satelitales, como el Tronador II, y depende directamente de la Comisi\u00f3n Nacional de Actividades Espaciales (CONAE), donde el Estado es el accionista mayoritario.<br><br>Ciencia, despidos y oscuridad: el modus operandi libertario<br><br>El patr\u00f3n se repite: los despidos se informan en horarios marginales, sin dar explicaciones ni garant\u00edas. El objetivo es claro: avanzar en el achique del Estado sin asumir el costo pol\u00edtico de destruir \u00e1reas sensibles para el desarrollo soberano. Esta vez, los afectados fueron t\u00e9cnicos y profesionales altamente calificados, muchos de ellos con a\u00f1os de experiencia y trabajo acumulado en los laboratorios y bancos de ensayo que dan soporte a la industria satelital nacional.<br><br>Pero esta ofensiva no ocurre en el vac\u00edo. Coincide con una semana de jornadas federales de protesta organizadas por universidades, centros de investigaci\u00f3n y gremios, que vienen alertando sobre el brutal ajuste al sistema cient\u00edfico y tecnol\u00f3gico. Las consignas son claras: salarios congelados, despidos masivos y paralizaci\u00f3n de proyectos estrat\u00e9gicos. El caso de VENG es una s\u00edntesis brutal de ese escenario.<br><br>El modelo Caputo: primarizaci\u00f3n, extractivismo y ciencia de descarte<br><br>Desde los gremios del sector, como ATE-CONAE, apuntan directamente al Ministerio de Econom\u00eda y al modelo que encarna Luis Caputo. No es un dato menor: el propio ministro ha reivindicado p\u00fablicamente el modelo econ\u00f3mico peruano, caracterizado por su orientaci\u00f3n primario-exportadora y su desprecio por el desarrollo cient\u00edfico-tecnol\u00f3gico. En otras palabras: un pa\u00eds reducido a proveedor de materias primas para las potencias, sin industria, sin ciencia y sin futuro.<br><br>Esa l\u00f3gica explica los despidos en VENG, pero tambi\u00e9n los m\u00e1s de 4.000 puestos de trabajo perdidos en ciencia y tecnolog\u00eda desde que Milei lleg\u00f3 al poder, y el vaciamiento de instituciones como el CONICET, el INTI y la CONAE. Todo un andamiaje construido durante d\u00e9cadas, hoy puesto en riesgo por una pol\u00edtica de ajuste feroz y dogm\u00e1tica.<br><br>Ni explicaciones ni contenci\u00f3n: el silencio oficial como pol\u00edtica de Estado<br><br>Hasta el momento, ni el gobierno nacional ni las nuevas autoridades de VENG han emitido declaraci\u00f3n alguna sobre las desvinculaciones. Tampoco se ofrecieron alternativas, planes de reubicaci\u00f3n, ni medidas de contenci\u00f3n para los trabajadores despedidos. El mensaje es tan claro como brutal: quedan afuera del sistema, sin razones ni responsabilidades, v\u00edctimas de una pol\u00edtica que solo entiende de n\u00fameros, no de personas.<br><br>En respuesta, las organizaciones gremiales anunciaron que continuar\u00e1n con las protestas y ya convocaron a una movilizaci\u00f3n frente a la sede de CONAE en la Ciudad de Buenos Aires para exigir la reincorporaci\u00f3n inmediata del personal despedido, el aumento del presupuesto para el sector y la reactivaci\u00f3n de los proyectos paralizados.<br><br>Un pa\u00eds que apaga sus motores<br><br>Los despidos en VENG no son un hecho aislado. Son una advertencia. Un pa\u00eds que despide a sus cient\u00edficos, que cierra sus laboratorios y que deja de invertir en tecnolog\u00eda propia, es un pa\u00eds que renuncia a su soberan\u00eda. En el caso del sector aeroespacial, esto implica tambi\u00e9n perder capacidad de observaci\u00f3n del territorio, independencia satelital y proyecci\u00f3n internacional.<br><br>En definitiva, es el futuro lo que est\u00e1 siendo desmantelado. Y lo que se est\u00e1 construyendo es un pa\u00eds dependiente, empobrecido y excluido del mapa del conocimiento global. Lo que Milei llama \u201clibertad\u201d, en este caso, no es m\u00e1s que el despido sin aviso de quienes trabajan todos los d\u00edas por un desarrollo tecnol\u00f3gico con bandera argentina.<br><br>Fuente:<\/p>\n\n\n\n<ul class=\"wp-block-list\">\n<li>https:\/\/www.infogremiales.com.ar\/el-desmantelamiento-libertario-a-la-ciencia-y-tecnologia-llega-al-sector-aeroespacial-un-viernes-por-la-noche-anuncian-despidos-en-la-estatal-veng\/<\/li>\n<\/ul>\n","protected":false},"excerpt":{"rendered":"<p>Mientras las calles del pa\u00eds se llenaban de voces en defensa del sistema cient\u00edfico nacional, el gobierno de Javier Milei ejecutaba, en la m\u00e1s absoluta discreci\u00f3n de un viernes por la noche, una nueva ofensiva contra el entramado estrat\u00e9gico del conocimiento y la tecnolog\u00eda: unos 30 trabajadores y trabajadoras fueron despedidos de la empresa estatal&#8230;<\/p>\n","protected":false},"author":13,"featured_media":4814,"comment_status":"open","ping_status":"open","sticky":false,"template":"","format":"standard","meta":{"_monsterinsights_skip_tracking":false,"_monsterinsights_sitenote_active":false,"_monsterinsights_sitenote_note":"","_monsterinsights_sitenote_category":0,"footnotes":"","jetpack_publicize_message":"","jetpack_publicize_feature_enabled":true,"jetpack_social_post_already_shared":true,"jetpack_social_options":{"image_generator_settings":{"template":"highway","default_image_id":0,"font":"","enabled":false},"version":2}},"categories":[2],"tags":[],"class_list":["post-4815","post","type-post","status-publish","format-standard","has-post-thumbnail","hentry","category-politica"],"jetpack_publicize_connections":[],"_links":{"self":[{"href":"https:\/\/www.enorsai.com\/noticias\/wp-json\/wp\/v2\/posts\/4815","targetHints":{"allow":["GET"]}}],"collection":[{"href":"https:\/\/www.enorsai.com\/noticias\/wp-json\/wp\/v2\/posts"}],"about":[{"href":"https:\/\/www.enorsai.com\/noticias\/wp-json\/wp\/v2\/types\/post"}],"author":[{"embeddable":true,"href":"https:\/\/www.enorsai.com\/noticias\/wp-json\/wp\/v2\/users\/13"}],"replies":[{"embeddable":true,"href":"https:\/\/www.enorsai.com\/noticias\/wp-json\/wp\/v2\/comments?post=4815"}],"version-history":[{"count":0,"href":"https:\/\/www.enorsai.com\/noticias\/wp-json\/wp\/v2\/posts\/4815\/revisions"}],"wp:featuredmedia":[{"embeddable":true,"href":"https:\/\/www.enorsai.com\/noticias\/wp-json\/wp\/v2\/media\/4814"}],"wp:attachment":[{"href":"https:\/\/www.enorsai.com\/noticias\/wp-json\/wp\/v2\/media?parent=4815"}],"wp:term":[{"taxonomy":"category","embeddable":true,"href":"https:\/\/www.enorsai.com\/noticias\/wp-json\/wp\/v2\/categories?post=4815"},{"taxonomy":"post_tag","embeddable":true,"href":"https:\/\/www.enorsai.com\/noticias\/wp-json\/wp\/v2\/tags?post=4815"}],"curies":[{"name":"wp","href":"https:\/\/api.w.org\/{rel}","templated":true}]}}