{"id":4812,"date":"2025-06-02T11:35:32","date_gmt":"2025-06-02T14:35:32","guid":{"rendered":"https:\/\/www.enorsai.com\/noticias\/sociedad\/spagnuolo-si-tuviste-un-hijo-con-discapacidad-el-problema-es-tuyo-no-del-estado\/"},"modified":"2025-06-02T11:35:32","modified_gmt":"2025-06-02T14:35:32","slug":"spagnuolo-si-tuviste-un-hijo-con-discapacidad-el-problema-es-tuyo-no-del-estado","status":"publish","type":"post","link":"https:\/\/www.enorsai.com\/noticias\/sociedad\/spagnuolo-si-tuviste-un-hijo-con-discapacidad-el-problema-es-tuyo-no-del-estado\/","title":{"rendered":"Spagnuolo: \u00abSi tuviste un hijo con discapacidad, el problema es tuyo, no del Estado\u00bb"},"content":{"rendered":"\n<p>Diego Spagnuolo, titular de ANDIS, lanz\u00f3 una frase discriminatoria que gener\u00f3 repudio masivo: \u201cSi tuviste un hijo con discapacidad, el problema es tuyo, no del Estado\u201d<br><br>Las declaraciones del director de la Agencia Nacional de Discapacidad (ANDIS), Diego Spagnuolo, provocaron una ola de indignaci\u00f3n en redes sociales, organizaciones de derechos humanos, legisladores y familiares de personas con discapacidad. <\/p>\n\n\n\n<p>En una reuni\u00f3n mantenida con madres y padres de ni\u00f1os con discapacidad, el funcionario lanz\u00f3 una frase que encarna el desprecio institucional hacia uno de los sectores m\u00e1s vulnerables de la sociedad: \u201cSi vos tuviste un hijo con discapacidad, ese es problema de la familia, no del Estado\u201d.<br><br>Lejos de rectificarse, Spagnuolo redobl\u00f3 la apuesta al comparar los derechos de las personas con discapacidad con privilegios injustificados: \u201c\u00bfPor qu\u00e9 yo tengo que pagar peaje y ustedes no?\u201d, dijo en tono desafiante, desconociendo los beneficios establecidos por ley para personas con discapacidad.<br><br>Las declaraciones, que r\u00e1pidamente se viralizaron bajo los hashtags #ConLaDiscapacidadNo, #SpagnuoloRenunci\u00e1 y #DerechosNoPrivilegios, exponen no solo la insensibilidad del funcionario sino un grave desconocimiento del marco legal vigente. La Ley 22.431 y su modificaci\u00f3n, la Ley 24.901, establecen con claridad el derecho a una cobertura integral en salud, transporte, educaci\u00f3n y accesibilidad para las personas con discapacidad. No se trata de concesiones caritativas, sino de derechos humanos b\u00e1sicos que el Estado debe garantizar.<br><br>Una de las voces m\u00e1s contundentes fue la de Marlene, madre de Ian Moche \u2014joven con autismo y activista por la inclusi\u00f3n\u2014, quien denunci\u00f3 p\u00fablicamente la agresiva postura de Spagnuolo. Su testimonio no tard\u00f3 en hacerse eco en organizaciones como la Red por los Derechos de las Personas con Discapacidad (REDI), que emiti\u00f3 un comunicado exigiendo la renuncia inmediata del titular de ANDIS y una disculpa p\u00fablica del gobierno nacional.<br><br>Desde la organizaci\u00f3n TGD Padres TEA advirtieron que lo dicho por Spagnuolo \u201cno es un exabrupto aislado, sino una expresi\u00f3n descarnada de la pol\u00edtica oficial que busca recortar derechos y desarticular el entramado de contenci\u00f3n social construido durante a\u00f1os de lucha\u201d.<br><br>Bajo la administraci\u00f3n de Javier Milei, la Agencia Nacional de Discapacidad ha sido objeto de un vaciamiento progresivo. Programas paralizados, recortes presupuestarios y obst\u00e1culos burocr\u00e1ticos para renovar el Certificado \u00danico de Discapacidad son solo algunos de los s\u00edntomas de una gesti\u00f3n que prioriza el ajuste fiscal por sobre la dignidad humana.<br><br>En el Congreso ya comenzaron a llegar pedidos de informes al Poder Ejecutivo para que brinde explicaciones sobre las pol\u00edticas de discapacidad y las desafortunadas declaraciones de Spagnuolo. Mientras tanto, la presi\u00f3n social no cede. Padres, madres, docentes, terapeutas, legisladores y activistas contin\u00faan alzando la voz para exigir que el Estado deje de comportarse como verdugo y retome su rol de garante de derechos.<br><br>\u00abEsto no se trata de caridad, se trata de justicia\u00bb, expres\u00f3 Marlene, con la emoci\u00f3n quebr\u00e1ndole la voz, pero con una determinaci\u00f3n inquebrantable. Su frase sintetiza el sentir de miles de familias: basta de desprecio, basta de crueldad, basta de discursos que estigmatizan. Porque cuando un funcionario del Estado se refiere a la discapacidad como un problema \u201cpersonal\u201d, lo que en realidad est\u00e1 diciendo es que prefiere mirar hacia otro lado.<br><br>Y ese es, justamente, el problema de fondo: un gobierno que no quiere ver, no quiere escuchar, y mucho menos quiere garantizar.<\/p>\n\n\n\n<p>Fuente:<\/p>\n\n\n\n<ul class=\"wp-block-list\">\n<li>https:\/\/www.diarionorte.com\/302989-si-tuviste-un-hijo-con-discapacidad-el-problema-es-tuyo-no-del-estado<\/li>\n<\/ul>\n","protected":false},"excerpt":{"rendered":"<p>Diego Spagnuolo, titular de ANDIS, lanz\u00f3 una frase discriminatoria que gener\u00f3 repudio masivo: \u201cSi tuviste un hijo con discapacidad, el problema es tuyo, no del Estado\u201d Las declaraciones del director de la Agencia Nacional de Discapacidad (ANDIS), Diego Spagnuolo, provocaron una ola de indignaci\u00f3n en redes sociales, organizaciones de derechos humanos, legisladores y familiares de&#8230;<\/p>\n","protected":false},"author":1,"featured_media":4811,"comment_status":"open","ping_status":"open","sticky":false,"template":"","format":"standard","meta":{"_monsterinsights_skip_tracking":false,"_monsterinsights_sitenote_active":false,"_monsterinsights_sitenote_note":"","_monsterinsights_sitenote_category":0,"footnotes":"","jetpack_publicize_message":"","jetpack_publicize_feature_enabled":true,"jetpack_social_post_already_shared":true,"jetpack_social_options":{"image_generator_settings":{"template":"highway","default_image_id":0,"font":"","enabled":false},"version":2}},"categories":[4],"tags":[45],"class_list":["post-4812","post","type-post","status-publish","format-standard","has-post-thumbnail","hentry","category-sociedad","tag-milei"],"jetpack_publicize_connections":[],"_links":{"self":[{"href":"https:\/\/www.enorsai.com\/noticias\/wp-json\/wp\/v2\/posts\/4812","targetHints":{"allow":["GET"]}}],"collection":[{"href":"https:\/\/www.enorsai.com\/noticias\/wp-json\/wp\/v2\/posts"}],"about":[{"href":"https:\/\/www.enorsai.com\/noticias\/wp-json\/wp\/v2\/types\/post"}],"author":[{"embeddable":true,"href":"https:\/\/www.enorsai.com\/noticias\/wp-json\/wp\/v2\/users\/1"}],"replies":[{"embeddable":true,"href":"https:\/\/www.enorsai.com\/noticias\/wp-json\/wp\/v2\/comments?post=4812"}],"version-history":[{"count":0,"href":"https:\/\/www.enorsai.com\/noticias\/wp-json\/wp\/v2\/posts\/4812\/revisions"}],"wp:featuredmedia":[{"embeddable":true,"href":"https:\/\/www.enorsai.com\/noticias\/wp-json\/wp\/v2\/media\/4811"}],"wp:attachment":[{"href":"https:\/\/www.enorsai.com\/noticias\/wp-json\/wp\/v2\/media?parent=4812"}],"wp:term":[{"taxonomy":"category","embeddable":true,"href":"https:\/\/www.enorsai.com\/noticias\/wp-json\/wp\/v2\/categories?post=4812"},{"taxonomy":"post_tag","embeddable":true,"href":"https:\/\/www.enorsai.com\/noticias\/wp-json\/wp\/v2\/tags?post=4812"}],"curies":[{"name":"wp","href":"https:\/\/api.w.org\/{rel}","templated":true}]}}