{"id":4806,"date":"2025-06-02T09:10:59","date_gmt":"2025-06-02T12:10:59","guid":{"rendered":"http:\/\/www.enorsai.com\/noticias\/?p=4806"},"modified":"2025-06-02T09:11:16","modified_gmt":"2025-06-02T12:11:16","slug":"a-10-anos-de-ni-una-menos-logros-retrocesos-y-el-ataque-cavernicola-de-los-libertarios-al-feminismo","status":"publish","type":"post","link":"https:\/\/www.enorsai.com\/noticias\/sociedad\/a-10-anos-de-ni-una-menos-logros-retrocesos-y-el-ataque-cavernicola-de-los-libertarios-al-feminismo\/","title":{"rendered":"A 10 a\u00f1os de Ni Una Menos: logros, retrocesos y el ataque cavern\u00edcola de los libertarios al feminismo"},"content":{"rendered":"\n<p><strong><em>El 3 de junio de 2025 marca el d\u00e9cimo aniversario de la primera marcha de Ni Una Menos, un movimiento que emergi\u00f3 en Argentina en 2015 como respuesta al femicidio de Chiara P\u00e1ez y que r\u00e1pidamente se convirti\u00f3 en un s\u00edmbolo de la lucha contra la violencia de g\u00e9nero en Am\u00e9rica Latina.<\/em><\/strong><\/p>\n\n\n\n<p>Desde su inicio, Ni Una Menos ha logrado avances significativos en la agenda de g\u00e9nero y en la conciencia colectiva de la sociedad argentina. Uno de los hitos fundamentales fue la incorporaci\u00f3n del agravante por femicidio en el C\u00f3digo Penal en 2012, lo que permiti\u00f3 tipificar de manera espec\u00edfica los cr\u00edmenes motivados por odio de g\u00e9nero, reconociendo su gravedad estructural. En 2018, se sancion\u00f3 la Ley Brisa, que establece una reparaci\u00f3n econ\u00f3mica para los hijos e hijas de mujeres asesinadas por violencia machista, una medida que reconoce no solo el da\u00f1o irreparable de la p\u00e9rdida, sino tambi\u00e9n la responsabilidad del Estado en garantizar alg\u00fan tipo de reparaci\u00f3n. <\/p>\n\n\n\n<p>Sin embargo, estos avances se ven empa\u00f1ados por una brecha persistente entre el marco legal y su aplicaci\u00f3n real: la falta de presupuesto, la escasa articulaci\u00f3n institucional y la revictimizaci\u00f3n en los procesos judiciales siguen siendo obst\u00e1culos concretos. A ello se suma el desmantelamiento sistem\u00e1tico de pol\u00edticas p\u00fablicas de g\u00e9nero bajo el actual gobierno nacional, que ha eliminado ministerios, recortado programas de asistencia y desestimado la perspectiva de g\u00e9nero como pol\u00edtica de Estado. Esta situaci\u00f3n no solo pone en riesgo los derechos conquistados, sino que deja desprotegidas a miles de mujeres y disidencias que enfrentan situaciones de violencia en contextos cada vez m\u00e1s adversos.<\/p>\n\n\n\n<p>Esta ofensiva discursiva encontr\u00f3 eco en el gobierno de Javier Milei, que desde su asunci\u00f3n ha desmantelado activamente estructuras estatales orientadas a la equidad de g\u00e9nero. El Ministerio de las Mujeres, G\u00e9neros y Diversidad fue vaciado de recursos y funciones; programas como el Acompa\u00f1ar, que brindaban apoyo econ\u00f3mico a mujeres en situaci\u00f3n de violencia, fueron desfinanciados o directamente eliminados; y se suprimi\u00f3 la obligatoriedad de formaci\u00f3n en perspectiva de g\u00e9nero en la administraci\u00f3n p\u00fablica. Todo esto enmarcado en una ret\u00f3rica que demoniza al feminismo como enemigo del orden liberal y del \u201cm\u00e9rito individual\u201d. Esta visi\u00f3n reduccionista y anacr\u00f3nica ignora las desigualdades estructurales que el feminismo denuncia y combate, y legitima un clima social cada vez m\u00e1s hostil hacia las mujeres y diversidades, habilitando incluso discursos de odio y violencia simb\u00f3lica desde el propio aparato estatal.<\/p>\n\n\n\n<figure class=\"wp-block-image size-large\"><img loading=\"lazy\" decoding=\"async\" width=\"1024\" height=\"577\" src=\"https:\/\/www.enorsai.com\/noticias\/wp-content\/uploads\/2025\/06\/A-10-anos-de-Ni-Una-Menos-logros-retrocesos-y-el-ataque-cavernicola-de-los-libertarios-al-feminismo-1024x577.png\" alt=\"\" class=\"wp-image-4808\" srcset=\"https:\/\/www.enorsai.com\/noticias\/wp-content\/uploads\/2025\/06\/A-10-anos-de-Ni-Una-Menos-logros-retrocesos-y-el-ataque-cavernicola-de-los-libertarios-al-feminismo-1024x577.png 1024w, https:\/\/www.enorsai.com\/noticias\/wp-content\/uploads\/2025\/06\/A-10-anos-de-Ni-Una-Menos-logros-retrocesos-y-el-ataque-cavernicola-de-los-libertarios-al-feminismo-300x169.png 300w, https:\/\/www.enorsai.com\/noticias\/wp-content\/uploads\/2025\/06\/A-10-anos-de-Ni-Una-Menos-logros-retrocesos-y-el-ataque-cavernicola-de-los-libertarios-al-feminismo-768x433.png 768w, https:\/\/www.enorsai.com\/noticias\/wp-content\/uploads\/2025\/06\/A-10-anos-de-Ni-Una-Menos-logros-retrocesos-y-el-ataque-cavernicola-de-los-libertarios-al-feminismo-1536x865.png 1536w, https:\/\/www.enorsai.com\/noticias\/wp-content\/uploads\/2025\/06\/A-10-anos-de-Ni-Una-Menos-logros-retrocesos-y-el-ataque-cavernicola-de-los-libertarios-al-feminismo.png 1640w\" sizes=\"auto, (max-width: 1024px) 100vw, 1024px\" \/><\/figure>\n\n\n\n<p>En los \u00faltimos a\u00f1os, ha emergido con fuerza una corriente libertaria que no solo cuestiona al feminismo, sino que lo ataca frontalmente, acus\u00e1ndolo de ser una ideolog\u00eda que otorga supuestos \u00abprivilegios legales\u00bb a mujeres y diversidades sexuales en detrimento de los varones. Bajo un discurso de falsa equidad, esta militancia \u2014que se autopercibe como portadora de una \u00abbatalla cultural\u00bb\u2014 ha encontrado en redes sociales y medios afines un terreno f\u00e9rtil para instalar sus postulados reaccionarios. Figuras como Agust\u00edn Laje, influencer conservador devenido referente ideol\u00f3gico, y Lilia Lemoine, diputada de La Libertad Avanza, se han posicionado como voceros del antifeminismo local, promoviendo teor\u00edas conspirativas sobre una supuesta \u00abideolog\u00eda de g\u00e9nero\u00bb y militando contra derechos ya conquistados, como la legalizaci\u00f3n del aborto y la educaci\u00f3n sexual integral.<\/p>\n\n\n\n<p>A pesar de los avances, el movimiento feminista enfrenta retrocesos significativos. La eliminaci\u00f3n de pol\u00edticas p\u00fablicas y la falta de implementaci\u00f3n efectiva de leyes evidencian desaf\u00edos persistentes en la lucha contra la violencia de g\u00e9nero. Las historias personales de hijos e hijas de v\u00edctimas de femicidio resaltan la importancia de la contenci\u00f3n emocional, la visibilidad social y el rol de los movimientos feministas en mantener viva la lucha por justicia y protecci\u00f3n.<\/p>\n\n\n\n<p>Por todo esto, a diez a\u00f1os de su surgimiento, Ni Una Menos contin\u00faa siendo un movimiento vital en la lucha contra la violencia de g\u00e9nero en Argentina. Sin embargo, enfrenta desaf\u00edos significativos debido a pol\u00edticas gubernamentales que han desmantelado avances logrados. La resistencia feminista persiste, adapt\u00e1ndose y respondiendo a los nuevos contextos pol\u00edticos y sociales.<\/p>\n\n\n\n<p>Fuentes:<\/p>\n\n\n\n<ul class=\"wp-block-list\">\n<li><a href=\"https:\/\/elpais.com\/actualidad\/newsletter-americanas\/2025-06-02\/que-nos-dicen-las-y-los-hijos-de-las-mujeres-asesinadas-por-femicidas-a-10-anos-de-ni-una-menos.html?utm_source=chatgpt.com\">https:\/\/elpais.com\/actualidad\/newsletter-americanas\/2025-06-02\/que-nos-dicen-las-y-los-hijos-de-las-mujeres-asesinadas-por-femicidas-a-10-anos-de-ni-una-menos.html<\/a><\/li>\n\n\n\n<li><a href=\"https:\/\/elpais.com\/argentina\/2024-06-04\/ni-una-menos-miles-de-mujeres-marchan-contra-el-retroceso-en-politicas-de-genero-del-gobierno-de-milei.html?utm_source=chatgpt.com\">https:\/\/elpais.com\/argentina\/2024-06-04\/ni-una-menos-miles-de-mujeres-marchan-contra-el-retroceso-en-politicas-de-genero-del-gobierno-de-milei.html<\/a><\/li>\n\n\n\n<li><\/li>\n<\/ul>\n","protected":false},"excerpt":{"rendered":"<p>A diez a\u00f1os del hist\u00f3rico grito de Ni Una Menos, el feminismo enfrenta una nueva amenaza: el avance de una militancia libertaria que niega la desigualdad estructural y desmonta pol\u00edticas p\u00fablicas. En medio del ajuste y el negacionismo, el movimiento resiste, recordando que callar nunca fue una opci\u00f3n.<\/p>\n","protected":false},"author":12,"featured_media":4807,"comment_status":"open","ping_status":"open","sticky":false,"template":"","format":"standard","meta":{"_monsterinsights_skip_tracking":false,"_monsterinsights_sitenote_active":false,"_monsterinsights_sitenote_note":"","_monsterinsights_sitenote_category":0,"footnotes":"","jetpack_publicize_message":"Hace 10 a\u00f1os gritamos \"\u00a1Ni una menos!\" y lo seguimos gritando. Hoy, frente al negacionismo y el desmantelamiento de derechos, el feminismo sigue en las calles, resistiendo el odio y la indiferencia. No es ideolog\u00eda: es vida. \u270a\ud83d\udc9c","jetpack_publicize_feature_enabled":true,"jetpack_social_post_already_shared":false,"jetpack_social_options":{"image_generator_settings":{"template":"highway","default_image_id":0,"enabled":false},"version":2}},"categories":[4],"tags":[58,69,80,748,605,45,1588,72,137,711],"class_list":["post-4806","post","type-post","status-publish","format-standard","has-post-thumbnail","hentry","category-sociedad","tag-ajuste","tag-derechos","tag-feminismo","tag-genero","tag-libertarios","tag-milei","tag-niunamenos","tag-politica","tag-resistencia","tag-violencia"],"jetpack_publicize_connections":[],"_links":{"self":[{"href":"https:\/\/www.enorsai.com\/noticias\/wp-json\/wp\/v2\/posts\/4806","targetHints":{"allow":["GET"]}}],"collection":[{"href":"https:\/\/www.enorsai.com\/noticias\/wp-json\/wp\/v2\/posts"}],"about":[{"href":"https:\/\/www.enorsai.com\/noticias\/wp-json\/wp\/v2\/types\/post"}],"author":[{"embeddable":true,"href":"https:\/\/www.enorsai.com\/noticias\/wp-json\/wp\/v2\/users\/12"}],"replies":[{"embeddable":true,"href":"https:\/\/www.enorsai.com\/noticias\/wp-json\/wp\/v2\/comments?post=4806"}],"version-history":[{"count":2,"href":"https:\/\/www.enorsai.com\/noticias\/wp-json\/wp\/v2\/posts\/4806\/revisions"}],"predecessor-version":[{"id":4810,"href":"https:\/\/www.enorsai.com\/noticias\/wp-json\/wp\/v2\/posts\/4806\/revisions\/4810"}],"wp:featuredmedia":[{"embeddable":true,"href":"https:\/\/www.enorsai.com\/noticias\/wp-json\/wp\/v2\/media\/4807"}],"wp:attachment":[{"href":"https:\/\/www.enorsai.com\/noticias\/wp-json\/wp\/v2\/media?parent=4806"}],"wp:term":[{"taxonomy":"category","embeddable":true,"href":"https:\/\/www.enorsai.com\/noticias\/wp-json\/wp\/v2\/categories?post=4806"},{"taxonomy":"post_tag","embeddable":true,"href":"https:\/\/www.enorsai.com\/noticias\/wp-json\/wp\/v2\/tags?post=4806"}],"curies":[{"name":"wp","href":"https:\/\/api.w.org\/{rel}","templated":true}]}}