{"id":4801,"date":"2025-06-02T07:04:04","date_gmt":"2025-06-02T10:04:04","guid":{"rendered":"https:\/\/www.enorsai.com\/noticias\/sociedad\/cierre-del-instituto-belgraniano-a-milei-le-molesta-el-amor-a-la-patria-y-el-ejemplo-de-manuel-belgrano\/"},"modified":"2025-06-02T07:04:04","modified_gmt":"2025-06-02T10:04:04","slug":"cierre-del-instituto-belgraniano-a-milei-le-molesta-el-amor-a-la-patria-y-el-ejemplo-de-manuel-belgrano","status":"publish","type":"post","link":"https:\/\/www.enorsai.com\/noticias\/sociedad\/cierre-del-instituto-belgraniano-a-milei-le-molesta-el-amor-a-la-patria-y-el-ejemplo-de-manuel-belgrano\/","title":{"rendered":"Cierre del Instituto Belgraniano: A Milei le molesta el amor a la patria y el ejemplo de Manuel Belgrano"},"content":{"rendered":"\n<p>En un nuevo golpe a la cultura y la historia argentina, el gobierno de Javier Milei oficializ\u00f3 la disoluci\u00f3n del Instituto Nacional Belgraniano, una instituci\u00f3n con m\u00e1s de 80 a\u00f1os de trayectoria dedicada a la investigaci\u00f3n, conservaci\u00f3n y difusi\u00f3n del legado de uno de los pr\u00f3ceres fundamentales de la Patria: Manuel Belgrano. <\/p>\n\n\n\n<p>La medida, anunciada durante la Semana de Mayo \u2014nada menos\u2014, desat\u00f3 una ola de repudios y volvi\u00f3 a encender las alarmas sobre el sistem\u00e1tico vaciamiento de los organismos culturales e hist\u00f3ricos del pa\u00eds.<br><br>El presidente ad honorem del ahora extinto Instituto, Manuel Belgrano, descendiente directo del creador de la bandera, no escatim\u00f3 palabras: \u00abEs un ataque contra la historia, contra nuestra identidad nacional y contra la memoria de todos los argentinos\u00bb, afirm\u00f3 en di\u00e1logo con Perfil. Para \u00e9l, la decisi\u00f3n del gobierno no tiene fundamentos l\u00f3gicos ni administrativos, y responde a un desprecio profundo por los valores patri\u00f3ticos y la historia com\u00fan del pueblo argentino.<br><br>Liquidar la memoria<br><br>Fundado en 1944, el Instituto Belgraniano ha sido una referencia ineludible en el estudio del pensamiento, la vida y la obra de Manuel Belgrano, un pr\u00f3cer transversal que no responde a ninguna bandera partidaria y que fue, seg\u00fan destacan investigadores, un precursor de transformaciones sociales, culturales y pol\u00edticas desde los albores de la independencia.<br><br>Con un valioso archivo, una biblioteca de tres mil libros, cuadros patrimoniales y actividades educativas que llegan a cientos de escuelas, el Instituto funcionaba con apenas cuatro empleados, en instalaciones del Regimiento de Infanter\u00eda 1 de Patricios, sin gastos operativos significativos. A pesar de esto, el decreto 346\/2025 firmado por el presidente Milei sell\u00f3 su cierre sin contemplaciones, en el marco de un paquete de recortes que tambi\u00e9n afect\u00f3 al Instituto Browniano, al Newberiano y que convirti\u00f3 al Sanmartiniano en simple museo.<br><br>\u201cEl Belgraniano no representaba un gasto excesivo para el Estado. Lo que molesta no es el dinero, es el contenido: el s\u00edmbolo, el mensaje de la patria, el ejemplo de Manuel Belgrano. Molesta la historia que no se puede manipular\u201d, reflexion\u00f3 un integrante del equipo de investigaci\u00f3n del Instituto, que prefiri\u00f3 mantener el anonimato.<br><br>Centralizaci\u00f3n y control pol\u00edtico<br><br>La justificaci\u00f3n del Gobierno esgrimida por el vocero presidencial Manuel Adorni apunta a una supuesta \u201creorganizaci\u00f3n\u201d de los institutos hist\u00f3ricos, que ser\u00e1n absorbidos por un \u00fanico organismo centralizado, el Instituto Nacional de Investigaciones Hist\u00f3ricas. Sin embargo, esa nueva entidad a\u00fan no tiene estructura definida ni garant\u00eda alguna de autonom\u00eda. Por el contrario, estar\u00e1 dirigida por funcionarios designados por el Poder Ejecutivo, lo que genera fundadas sospechas sobre su independencia acad\u00e9mica.<br><br>Para Manuel Belgrano (chozno del pr\u00f3cer), esta concentraci\u00f3n no es solo burocr\u00e1tica, sino ideol\u00f3gica: \u201cEs un riesgo grav\u00edsimo para nuestro acervo y legado hist\u00f3rico modificar la autarqu\u00eda e independencia de estas instituciones. Se atenta contra el federalismo, la pluralidad y la diversidad historiogr\u00e1fica. Se pone en riesgo nuestra identidad nacional\u201d.<br><br>El momento del anuncio no fue casual. Que se hiciera p\u00fablico d\u00edas antes del 25 de mayo, fecha emblem\u00e1tica de la revoluci\u00f3n de 1810 y del ideario emancipador del propio Belgrano, resulta al menos provocador. \u201cEs sugestivo. Belgrano fue el numen de Mayo, el ide\u00f3logo de una patria libre. Silenciar su legado en estas fechas es un acto de desprecio simb\u00f3lico\u00bb, se\u00f1al\u00f3 su descendiente con tono firme y dolido.<br><br>Un legado que resiste<br><br>La indignaci\u00f3n generada por el cierre se extendi\u00f3 r\u00e1pidamente por redes sociales y c\u00edrculos acad\u00e9micos. Historiadores, investigadores, docentes y ciudadanos de a pie ya comenzaron a movilizarse: una petici\u00f3n en Change.org super\u00f3 las 4.200 firmas y crecen las adhesiones a favor de revertir el decreto.<br><br>Ante la clausura institucional, Manuel Belgrano anunci\u00f3 la conformaci\u00f3n de una asociaci\u00f3n civil que buscar\u00e1 continuar el trabajo del Instituto, proteger el patrimonio documental y mantener vivo el legado de su ilustre antepasado. \u201cVamos a seguir. El proyecto belgraniano no se rinde, porque no se trata solo de un nombre, sino de los valores de justicia, educaci\u00f3n, esfuerzo y libertad que construyeron nuestra naci\u00f3n\u201d, expres\u00f3.<br><br>Ajuste y olvido<br><br>Este nuevo recorte no es aislado. Se inscribe en una pol\u00edtica sistem\u00e1tica del gobierno libertario que ha eliminado programas culturales, vaciado organismos como el INCAA, el CONICET y el Fondo Nacional de las Artes, y que intenta transformar la educaci\u00f3n p\u00fablica en un privilegio para pocos. La historia, como la cultura y la ciencia, se vuelve blanco del ajuste cuando el poder busca borrar todo aquello que puede cuestionarlo.<br><br>Lo que se intenta clausurar no es un edificio ni un presupuesto: es la memoria colectiva de un pueblo. En palabras de Belgrano (el de hoy): \u201cEl ataque es contra la historia, como forjadora de nuestra identidad y reservorio de la memoria de los argentinos. Hay una absoluta falta de sentimiento patrio en quienes ejecutan estas decisiones\u201d.<br><br>Mientras el Gobierno celebra sus \u201cahorros\u201d, el pa\u00eds pierde mucho m\u00e1s: pierde ra\u00edces, pierde s\u00edmbolos, pierde rumbo. Pero todav\u00eda queda la resistencia de quienes no est\u00e1n dispuestos a permitir que se apague el fuego de la historia.<br><br>Fuente:<\/p>\n\n\n\n<ul class=\"wp-block-list\">\n<li>https:\/\/www.perfil.com\/noticias\/amp\/cordoba\/manuel-belgrano-el-cierre-del-instituto-belgraniano-es-un-ataque-contra-la-historia-y-la-identidad-nacional.phtml<\/li>\n<\/ul>\n","protected":false},"excerpt":{"rendered":"<p>En un nuevo golpe a la cultura y la historia argentina, el gobierno de Javier Milei oficializ\u00f3 la disoluci\u00f3n del Instituto Nacional Belgraniano, una instituci\u00f3n con m\u00e1s de 80 a\u00f1os de trayectoria dedicada a la investigaci\u00f3n, conservaci\u00f3n y difusi\u00f3n del legado de uno de los pr\u00f3ceres fundamentales de la Patria: Manuel Belgrano. La medida, anunciada&#8230;<\/p>\n","protected":false},"author":9,"featured_media":4800,"comment_status":"open","ping_status":"open","sticky":false,"template":"","format":"standard","meta":{"_monsterinsights_skip_tracking":false,"_monsterinsights_sitenote_active":false,"_monsterinsights_sitenote_note":"","_monsterinsights_sitenote_category":0,"footnotes":"","jetpack_publicize_message":"","jetpack_publicize_feature_enabled":true,"jetpack_social_post_already_shared":true,"jetpack_social_options":{"image_generator_settings":{"template":"highway","default_image_id":0,"font":"","enabled":false},"version":2}},"categories":[4],"tags":[928,99,45],"class_list":["post-4801","post","type-post","status-publish","format-standard","has-post-thumbnail","hentry","category-sociedad","tag-belgrano","tag-historia","tag-milei"],"jetpack_publicize_connections":[],"_links":{"self":[{"href":"https:\/\/www.enorsai.com\/noticias\/wp-json\/wp\/v2\/posts\/4801","targetHints":{"allow":["GET"]}}],"collection":[{"href":"https:\/\/www.enorsai.com\/noticias\/wp-json\/wp\/v2\/posts"}],"about":[{"href":"https:\/\/www.enorsai.com\/noticias\/wp-json\/wp\/v2\/types\/post"}],"author":[{"embeddable":true,"href":"https:\/\/www.enorsai.com\/noticias\/wp-json\/wp\/v2\/users\/9"}],"replies":[{"embeddable":true,"href":"https:\/\/www.enorsai.com\/noticias\/wp-json\/wp\/v2\/comments?post=4801"}],"version-history":[{"count":0,"href":"https:\/\/www.enorsai.com\/noticias\/wp-json\/wp\/v2\/posts\/4801\/revisions"}],"wp:featuredmedia":[{"embeddable":true,"href":"https:\/\/www.enorsai.com\/noticias\/wp-json\/wp\/v2\/media\/4800"}],"wp:attachment":[{"href":"https:\/\/www.enorsai.com\/noticias\/wp-json\/wp\/v2\/media?parent=4801"}],"wp:term":[{"taxonomy":"category","embeddable":true,"href":"https:\/\/www.enorsai.com\/noticias\/wp-json\/wp\/v2\/categories?post=4801"},{"taxonomy":"post_tag","embeddable":true,"href":"https:\/\/www.enorsai.com\/noticias\/wp-json\/wp\/v2\/tags?post=4801"}],"curies":[{"name":"wp","href":"https:\/\/api.w.org\/{rel}","templated":true}]}}