{"id":4781,"date":"2025-06-01T17:49:05","date_gmt":"2025-06-01T20:49:05","guid":{"rendered":"https:\/\/www.enorsai.com\/noticias\/politica\/bochorno-milei-uso-a-un-nino-autista-para-atacar-a-cfk-un-presidente-sin-limites-eticos\/"},"modified":"2025-06-01T18:42:35","modified_gmt":"2025-06-01T21:42:35","slug":"bochorno-milei-uso-a-un-nino-autista-para-atacar-a-cfk-un-presidente-sin-limites-eticos","status":"publish","type":"post","link":"https:\/\/www.enorsai.com\/noticias\/politica\/bochorno-milei-uso-a-un-nino-autista-para-atacar-a-cfk-un-presidente-sin-limites-eticos\/","title":{"rendered":"\u00a1Bochorno! Milei us\u00f3 a un ni\u00f1o autista para atacar a CFK, un presidente sin l\u00edmites \u00e9ticos"},"content":{"rendered":"\n<p>En un nuevo y bochornoso cap\u00edtulo del desgobierno tuitero que encabeza Javier Milei, el presidente volvi\u00f3 a cruzar todos los l\u00edmites de la \u00e9tica p\u00fablica al utilizar la imagen de Ian Moche, un ni\u00f1o con autismo, para intentar fustigar a Cristina Fern\u00e1ndez de Kirchner. Lo hizo en sus redes sociales, como de costumbre, donde gobierna m\u00e1s con memes que con pol\u00edticas. Esta vez, sin ning\u00fan tipo de pudor ni empat\u00eda, expuso a un menor con discapacidad en el marco de una pelea pol\u00edtica de corte personal y revanchista.<br><br>El hecho resulta tan grave como revelador. Porque no se trata solo de una torpeza comunicacional o de un exabrupto impulsivo. Es una muestra cruda de lo que es este presidente: un hombre incapaz de distinguir el poder del abuso, la autoridad de la violencia, la disidencia del odio. Y cuando ese odio necesita combustible, Milei no tiene problema en arrojar a la hoguera incluso a un ni\u00f1o de 12 a\u00f1os que lucha por una sociedad m\u00e1s inclusiva.<br><br>La imagen compartida por el mandatario en Instagram mostraba a Ian junto a Cristina Kirchner, Sergio Massa y el periodista Paulino Rodr\u00edguez. El posteo se produjo poco despu\u00e9s de que la expresidenta difundiera en sus redes el video de aquel encuentro, que tuvo lugar hace aproximadamente un a\u00f1o y cuyo objetivo era visibilizar la necesidad de mayor capacitaci\u00f3n en salud y educaci\u00f3n para tratar con personas autistas. Pero Milei no lo entendi\u00f3 as\u00ed, o peor a\u00fan, eligi\u00f3 pervertir ese sentido con fines miserables.<br><br>El l\u00edmite que Milei no conoce<br><br>En cualquier pa\u00eds serio, la utilizaci\u00f3n de la imagen de un menor con discapacidad con fines partidarios ser\u00eda esc\u00e1ndalo nacional. En Argentina, ya naturalizamos tanto el circo presidencial que parece que nada sorprende. Pero no por eso deja de doler ni de ser condenable. Porque esta vez no se trat\u00f3 de un meme, ni de una cita de Von Mises, ni de otra de sus desbocadas \u201ccatilinarias\u201d contra \u201cla casta\u201d. Esta vez us\u00f3 a un ni\u00f1o. Lo puso en el centro de una escena de agresi\u00f3n digital que viola su privacidad, desvirt\u00faa su lucha y lo convierte en un blanco simb\u00f3lico.<br><br>Las redes sociales estallaron. Hubo repudios de todos los sectores, incluso de personas que no simpatizan con el kirchnerismo. Un usuario sintetiz\u00f3 el sentir colectivo con precisi\u00f3n quir\u00fargica: \u201cSiempre elige como enemigos a quienes son m\u00e1s d\u00e9biles que \u00e9l, jam\u00e1s a los poderosos. Porque les tiene miedo\u201d. Y no le falta raz\u00f3n. Milei no confronta con los due\u00f1os del capital financiero que lo sostienen. No embiste contra los fugadores seriales ni contra los c\u00f3mplices de la deuda eterna. No. Prefiere pelearse con cient\u00edficos, con docentes, con artistas, con mujeres, con jubilados y ahora tambi\u00e9n con un ni\u00f1o autista.<br><br>El odio como pol\u00edtica de Estado<br><br>Este hecho no es aislado. Se inscribe en una l\u00f3gica m\u00e1s amplia que atraviesa todo el discurso y la acci\u00f3n del gobierno libertario: la deshumanizaci\u00f3n del otro. El que no piensa como \u00e9l es \u201cuna mierda\u201d, \u201cun par\u00e1sito\u201d, \u201cun zurdo de mierda\u201d, \u201cun adoctrinador\u201d, \u201cun planero\u201d. El odio no es solo una estrategia comunicacional: es la columna vertebral del mile\u00edsmo.<br><br>Pero el uso de un ni\u00f1o con autismo marca un punto de inflexi\u00f3n. Porque ya no solo se agrede a sectores sociales o pol\u00edticos, sino que se pisotea la intimidad de un menor con una condici\u00f3n que exige respeto, contenci\u00f3n y sensibilidad. Todo lo que Milei desconoce por completo.<br><br>\u00bfY los organismos? \u00bfY la sociedad civil?<br><br>Resulta llamativo el silencio, hasta ahora, de organismos que suelen bregar por los derechos de la ni\u00f1ez y las personas con discapacidad. \u00bfD\u00f3nde est\u00e1 la Defensor\u00eda del Ni\u00f1o? \u00bfD\u00f3nde est\u00e1n las organizaciones que tanto levantan la voz por la inclusi\u00f3n? \u00bfVamos a dejar pasar esto como si fuera parte del show? No hay libertad que justifique el atropello a la dignidad humana.<br><br>Tambi\u00e9n cabe preguntarse qu\u00e9 dice esto de nuestra sociedad. Porque el presidente no gobierna en el vac\u00edo: lo hace con el aval de millones de personas que lo votaron. \u00bfCu\u00e1ntos de esos votantes hoy miran para otro lado? \u00bfCu\u00e1ntos justifican, minimizan o repiten el discurso del \u201ctodo vale si es contra Cristina\u201d? \u00bfHasta cu\u00e1ndo vamos a seguir normalizando la crueldad como si fuera parte del folclore pol\u00edtico?<br><br>Un presidente sin br\u00fajula moral<br><br>Javier Milei no solo no tiene plan econ\u00f3mico, ni equipo pol\u00edtico, ni rumbo institucional. Tampoco tiene br\u00fajula moral. Se maneja como un troll con poder. Y ese poder lo usa para castigar, humillar y perseguir a quien ose pensar distinto. Esta vez le toc\u00f3 a un ni\u00f1o. Ma\u00f1ana, qui\u00e9n sabe.<br><br>La pol\u00edtica no puede permitir que esto pase de largo. La sociedad tampoco. Si alguna vez hubo un l\u00edmite, fue este. Y Milei lo pas\u00f3 corriendo.<br><br>Fuente:<\/p>\n\n\n\n<ul class=\"wp-block-list\">\n<li>https:\/\/www.mdzol.com\/politica\/polemica-javier-milei-utilizo-la-imagen-un-nino-autista-atacar-cristina-fernandez-kirchner-n1257874<\/li>\n<\/ul>\n","protected":false},"excerpt":{"rendered":"<p>En un nuevo y bochornoso cap\u00edtulo del desgobierno tuitero que encabeza Javier Milei, el presidente volvi\u00f3 a cruzar todos los l\u00edmites de la \u00e9tica p\u00fablica al utilizar la imagen de Ian Moche, un ni\u00f1o con autismo, para intentar fustigar a Cristina Fern\u00e1ndez de Kirchner. Lo hizo en sus redes sociales, como de costumbre, donde gobierna&#8230;<\/p>\n","protected":false},"author":1,"featured_media":4022,"comment_status":"open","ping_status":"open","sticky":false,"template":"","format":"standard","meta":{"_monsterinsights_skip_tracking":false,"_monsterinsights_sitenote_active":false,"_monsterinsights_sitenote_note":"","_monsterinsights_sitenote_category":0,"footnotes":"","jetpack_publicize_message":"","jetpack_publicize_feature_enabled":true,"jetpack_social_post_already_shared":true,"jetpack_social_options":{"image_generator_settings":{"template":"highway","default_image_id":0,"font":"","enabled":false},"version":2}},"categories":[2],"tags":[45],"class_list":["post-4781","post","type-post","status-publish","format-standard","has-post-thumbnail","hentry","category-politica","tag-milei"],"jetpack_publicize_connections":[],"_links":{"self":[{"href":"https:\/\/www.enorsai.com\/noticias\/wp-json\/wp\/v2\/posts\/4781","targetHints":{"allow":["GET"]}}],"collection":[{"href":"https:\/\/www.enorsai.com\/noticias\/wp-json\/wp\/v2\/posts"}],"about":[{"href":"https:\/\/www.enorsai.com\/noticias\/wp-json\/wp\/v2\/types\/post"}],"author":[{"embeddable":true,"href":"https:\/\/www.enorsai.com\/noticias\/wp-json\/wp\/v2\/users\/1"}],"replies":[{"embeddable":true,"href":"https:\/\/www.enorsai.com\/noticias\/wp-json\/wp\/v2\/comments?post=4781"}],"version-history":[{"count":2,"href":"https:\/\/www.enorsai.com\/noticias\/wp-json\/wp\/v2\/posts\/4781\/revisions"}],"predecessor-version":[{"id":4787,"href":"https:\/\/www.enorsai.com\/noticias\/wp-json\/wp\/v2\/posts\/4781\/revisions\/4787"}],"wp:featuredmedia":[{"embeddable":true,"href":"https:\/\/www.enorsai.com\/noticias\/wp-json\/wp\/v2\/media\/4022"}],"wp:attachment":[{"href":"https:\/\/www.enorsai.com\/noticias\/wp-json\/wp\/v2\/media?parent=4781"}],"wp:term":[{"taxonomy":"category","embeddable":true,"href":"https:\/\/www.enorsai.com\/noticias\/wp-json\/wp\/v2\/categories?post=4781"},{"taxonomy":"post_tag","embeddable":true,"href":"https:\/\/www.enorsai.com\/noticias\/wp-json\/wp\/v2\/tags?post=4781"}],"curies":[{"name":"wp","href":"https:\/\/api.w.org\/{rel}","templated":true}]}}